{"id":32818,"date":"2024-01-03T10:57:16","date_gmt":"2024-01-03T10:57:16","guid":{"rendered":"https:\/\/tintafresca.net\/?p=32818"},"modified":"2024-01-03T11:04:54","modified_gmt":"2024-01-03T11:04:54","slug":"licinio-de-carvalho-vai-presidir-a-unidade-local-de-saude-da-regiao-de-leiria","status":"publish","type":"post","link":"https:\/\/tintafresca.net\/index.php\/2024\/01\/03\/licinio-de-carvalho-vai-presidir-a-unidade-local-de-saude-da-regiao-de-leiria\/","title":{"rendered":"Lic\u00ednio de Carvalho vai presidir \u00e0 Unidade Local de Sa\u00fade da Regi\u00e3o de Leiria"},"content":{"rendered":"<div id=\"attachment_14944\" style=\"width: 510px\" class=\"wp-caption alignleft\"><img loading=\"lazy\" decoding=\"async\" aria-describedby=\"caption-attachment-14944\" class=\"wp-image-14944 size-full\" src=\"https:\/\/tintafresca.net\/wp-content\/uploads\/2022\/03\/Alcobaca_HABLO_Licinio_Carvalho10.jpg\" alt=\"\" width=\"500\" height=\"333\" \/><p id=\"caption-attachment-14944\" class=\"wp-caption-text\">Lic\u00ednio de Carvalho<\/p><\/div>\n<p>A Dire\u00e7\u00e3o Executiva do Servi\u00e7o Nacional de Sa\u00fade (DE SNS) nomeou, em despacho, no dia 1 de janeiro de 2024 os membros do Conselho de Administra\u00e7\u00e3o (CA) da Unidade Local de Sa\u00fade da Regi\u00e3o de Leiria, E.P.E. (ULS RL) para o tri\u00e9nio 2024\/2026, com efeitos \u00e0 mesma data. Lic\u00ednio Oliveira de Carvalho, at\u00e9 agora presidente do Conselho de Administra\u00e7\u00e3o do Centro Hospitalar de Leiria, \u00e9 o presidente do Conselho de Administra\u00e7\u00e3o do novo organismo, Catarina Maria Gon\u00e7alves Faria, ser\u00e1 a diretora cl\u00ednica para os cuidados de sa\u00fade hospitalares, Denise Alexandra Cunha Velho a diretora cl\u00ednica para os cuidados de sa\u00fade prim\u00e1rios, Marco Alexandre Santos das Neves ser\u00e1 o enfermeiro diretor e Maria Alexandra Liz Cardoso Tom\u00e1s Borges a vogal executiva.<\/p>\n<p><strong>\u00a0 \u00a0 \u00a0Fonte: Midlandcom<\/strong><\/p>\n","protected":false},"excerpt":{"rendered":"<p>A Dire\u00e7\u00e3o Executiva do Servi\u00e7o Nacional de Sa\u00fade (DE SNS) nomeou, em despacho, no dia 1 de janeiro de 2024 os membros do Conselho de Administra\u00e7\u00e3o (CA) da Unidade Local de Sa\u00fade da Regi\u00e3o de Leiria, E.P.E. (ULS RL) para o tri\u00e9nio 2024\/2026, com efeitos \u00e0 mesma data. Lic\u00ednio Oliveira de Carvalho, at\u00e9 agora presidente [&hellip;]<\/p>\n","protected":false},"author":2,"featured_media":16110,"comment_status":"open","ping_status":"open","sticky":false,"template":"","format":"standard","meta":{"footnotes":""},"categories":[6],"tags":[],"class_list":["post-32818","post","type-post","status-publish","format-standard","has-post-thumbnail","hentry","category-saude"],"_links":{"self":[{"href":"https:\/\/tintafresca.net\/index.php\/wp-json\/wp\/v2\/posts\/32818","targetHints":{"allow":["GET"]}}],"collection":[{"href":"https:\/\/tintafresca.net\/index.php\/wp-json\/wp\/v2\/posts"}],"about":[{"href":"https:\/\/tintafresca.net\/index.php\/wp-json\/wp\/v2\/types\/post"}],"author":[{"embeddable":true,"href":"https:\/\/tintafresca.net\/index.php\/wp-json\/wp\/v2\/users\/2"}],"replies":[{"embeddable":true,"href":"https:\/\/tintafresca.net\/index.php\/wp-json\/wp\/v2\/comments?post=32818"}],"version-history":[{"count":4,"href":"https:\/\/tintafresca.net\/index.php\/wp-json\/wp\/v2\/posts\/32818\/revisions"}],"predecessor-version":[{"id":32822,"href":"https:\/\/tintafresca.net\/index.php\/wp-json\/wp\/v2\/posts\/32818\/revisions\/32822"}],"wp:featuredmedia":[{"embeddable":true,"href":"https:\/\/tintafresca.net\/index.php\/wp-json\/wp\/v2\/media\/16110"}],"wp:attachment":[{"href":"https:\/\/tintafresca.net\/index.php\/wp-json\/wp\/v2\/media?parent=32818"}],"wp:term":[{"taxonomy":"category","embeddable":true,"href":"https:\/\/tintafresca.net\/index.php\/wp-json\/wp\/v2\/categories?post=32818"},{"taxonomy":"post_tag","embeddable":true,"href":"https:\/\/tintafresca.net\/index.php\/wp-json\/wp\/v2\/tags?post=32818"}],"curies":[{"name":"wp","href":"https:\/\/api.w.org\/{rel}","templated":true}]}}