{"id":32932,"date":"2024-01-08T18:32:09","date_gmt":"2024-01-08T18:32:09","guid":{"rendered":"https:\/\/tintafresca.net\/?p=32932"},"modified":"2024-01-09T13:16:05","modified_gmt":"2024-01-09T13:16:05","slug":"quatro-centros-de-saude-da-leziria-do-tejo-tem-horario-alargado-a-partir-de-hoje","status":"publish","type":"post","link":"https:\/\/tintafresca.net\/index.php\/2024\/01\/08\/quatro-centros-de-saude-da-leziria-do-tejo-tem-horario-alargado-a-partir-de-hoje\/","title":{"rendered":"Quatro centros de sa\u00fade da Lez\u00edria do Tejo t\u00eam hor\u00e1rio alargado a partir de hoje"},"content":{"rendered":"<div id=\"attachment_32934\" style=\"width: 410px\" class=\"wp-caption alignleft\"><img loading=\"lazy\" decoding=\"async\" aria-describedby=\"caption-attachment-32934\" class=\"wp-image-32934\" src=\"https:\/\/tintafresca.net\/wp-content\/uploads\/2024\/01\/Leziria_Informacao-Centros-de-Saude_10.png\" alt=\"\" width=\"400\" height=\"566\" srcset=\"https:\/\/tintafresca.net\/wp-content\/uploads\/2024\/01\/Leziria_Informacao-Centros-de-Saude_10.png 500w, https:\/\/tintafresca.net\/wp-content\/uploads\/2024\/01\/Leziria_Informacao-Centros-de-Saude_10-212x300.png 212w\" sizes=\"auto, (max-width: 400px) 100vw, 400px\" \/><p id=\"caption-attachment-32934\" class=\"wp-caption-text\">Cartaz<\/p><\/div>\n<p>A partir desta segunda-feira, 8 de janeiro, h\u00e1 quatro centros de sa\u00fade da Unidade Local de Sa\u00fade da Lez\u00edria (ULS da Lez\u00edria) que passam a ter hor\u00e1rio alargado: Cartaxo, Coruche, Rio Maior e Santar\u00e9m.<\/p>\n<p>A ULS da Lez\u00edria sublinha a import\u00e2ncia de os utentes procurarem o seu m\u00e9dico de fam\u00edlia para situa\u00e7\u00f5es de doen\u00e7a aguda (n\u00e3o urgentes nem emergentes), para que possam ter um acompanhamento de proximidade e n\u00e3o atendimentos pontuais.<\/p>\n<p>A op\u00e7\u00e3o pelos cuidados de sa\u00fade prim\u00e1rios em situa\u00e7\u00f5es de doen\u00e7a aguda n\u00e3o emergente, como sintomas respirat\u00f3rios ligeiros a moderados, contribui para o melhor atendimento dos utentes e para diminuir a press\u00e3o nos servi\u00e7os de urg\u00eancia hospitalar.<\/p>\n<p>Neste momento de maior procura de cuidados de sa\u00fade, o objetivo \u00e9 que estes quatro centros de sa\u00fade sejam uma alternativa \u00e0 procura dos servi\u00e7os de urg\u00eancia hospitalar para situa\u00e7\u00f5es de doen\u00e7a aguda, garantindo resposta no per\u00edodo noturno, p\u00f3s-laboral e ao fim-de-semana.<\/p>\n<p>Em caso de situa\u00e7\u00e3o n\u00e3o urgente nem emergente, utilize a Linha de Sa\u00fade SNS24 (808 24 24 24) ou dirija-se ao seu Centro de Sa\u00fade onde poder\u00e1 ser atendido em consulta aberta ou atendimento complementar.<\/p>\n<p>Al\u00e9m do hor\u00e1rio normal de funcionamento, estes quatro centros de sa\u00fade est\u00e3o abertos tamb\u00e9m nos hor\u00e1rios alargados indicados no quadro inclu\u00eddo no cartaz.<\/p>\n<p><strong>\u00a0 \u00a0 \u00a0Fonte: HDS<\/strong><\/p>\n","protected":false},"excerpt":{"rendered":"<p>A partir desta segunda-feira, 8 de janeiro, h\u00e1 quatro centros de sa\u00fade da Unidade Local de Sa\u00fade da Lez\u00edria (ULS da Lez\u00edria) que passam a ter hor\u00e1rio alargado: Cartaxo, Coruche, Rio Maior e Santar\u00e9m. A ULS da Lez\u00edria sublinha a import\u00e2ncia de os utentes procurarem o seu m\u00e9dico de fam\u00edlia para situa\u00e7\u00f5es de doen\u00e7a aguda [&hellip;]<\/p>\n","protected":false},"author":2,"featured_media":32936,"comment_status":"open","ping_status":"open","sticky":false,"template":"","format":"standard","meta":{"footnotes":""},"categories":[6],"tags":[],"class_list":["post-32932","post","type-post","status-publish","format-standard","has-post-thumbnail","hentry","category-saude"],"_links":{"self":[{"href":"https:\/\/tintafresca.net\/index.php\/wp-json\/wp\/v2\/posts\/32932","targetHints":{"allow":["GET"]}}],"collection":[{"href":"https:\/\/tintafresca.net\/index.php\/wp-json\/wp\/v2\/posts"}],"about":[{"href":"https:\/\/tintafresca.net\/index.php\/wp-json\/wp\/v2\/types\/post"}],"author":[{"embeddable":true,"href":"https:\/\/tintafresca.net\/index.php\/wp-json\/wp\/v2\/users\/2"}],"replies":[{"embeddable":true,"href":"https:\/\/tintafresca.net\/index.php\/wp-json\/wp\/v2\/comments?post=32932"}],"version-history":[{"count":2,"href":"https:\/\/tintafresca.net\/index.php\/wp-json\/wp\/v2\/posts\/32932\/revisions"}],"predecessor-version":[{"id":32935,"href":"https:\/\/tintafresca.net\/index.php\/wp-json\/wp\/v2\/posts\/32932\/revisions\/32935"}],"wp:featuredmedia":[{"embeddable":true,"href":"https:\/\/tintafresca.net\/index.php\/wp-json\/wp\/v2\/media\/32936"}],"wp:attachment":[{"href":"https:\/\/tintafresca.net\/index.php\/wp-json\/wp\/v2\/media?parent=32932"}],"wp:term":[{"taxonomy":"category","embeddable":true,"href":"https:\/\/tintafresca.net\/index.php\/wp-json\/wp\/v2\/categories?post=32932"},{"taxonomy":"post_tag","embeddable":true,"href":"https:\/\/tintafresca.net\/index.php\/wp-json\/wp\/v2\/tags?post=32932"}],"curies":[{"name":"wp","href":"https:\/\/api.w.org\/{rel}","templated":true}]}}