{"id":32959,"date":"2024-01-09T19:40:14","date_gmt":"2024-01-09T19:40:14","guid":{"rendered":"https:\/\/tintafresca.net\/?p=32959"},"modified":"2024-01-09T19:57:26","modified_gmt":"2024-01-09T19:57:26","slug":"ha-cerca-de-100-mil-utentes-sem-medico-de-familia-na-area-da-regiao-de-leiria","status":"publish","type":"post","link":"https:\/\/tintafresca.net\/index.php\/2024\/01\/09\/ha-cerca-de-100-mil-utentes-sem-medico-de-familia-na-area-da-regiao-de-leiria\/","title":{"rendered":"H\u00e1 cerca de 100 mil utentes sem m\u00e9dico de fam\u00edlia na \u00e1rea da Regi\u00e3o de Leiria"},"content":{"rendered":"<div id=\"attachment_32961\" style=\"width: 410px\" class=\"wp-caption alignleft\"><img loading=\"lazy\" decoding=\"async\" aria-describedby=\"caption-attachment-32961\" class=\"wp-image-32961 size-full\" src=\"https:\/\/tintafresca.net\/wp-content\/uploads\/2024\/01\/Leiria_Centro_saude_Barosa10.jpg\" alt=\"\" width=\"400\" height=\"404\" srcset=\"https:\/\/tintafresca.net\/wp-content\/uploads\/2024\/01\/Leiria_Centro_saude_Barosa10.jpg 400w, https:\/\/tintafresca.net\/wp-content\/uploads\/2024\/01\/Leiria_Centro_saude_Barosa10-297x300.jpg 297w\" sizes=\"auto, (max-width: 400px) 100vw, 400px\" \/><p id=\"caption-attachment-32961\" class=\"wp-caption-text\">Extens\u00e3o de Sa\u00fade da Barosa<\/p><\/div>\n<p>No \u00e2mbito da designada reestrutura\u00e7\u00e3o das entidades p\u00fablicas empresariais do Servi\u00e7o Nacional de Sa\u00fade (SNS), atrav\u00e9s da integra\u00e7\u00e3o dos hospitais e centros hospitalares existentes com os Agrupamentos de Centros de Sa\u00fade, por via da ado\u00e7\u00e3o do novo modelo de organiza\u00e7\u00e3o e funcionamento em unidades locais de sa\u00fade (ULS), no dia 31 de dezembro, foram conhecidos os membros do Conselho de Administra\u00e7\u00e3o da Unidade Local de Sa\u00fade da Regi\u00e3o de Leiria, e cuja a\u00e7\u00e3o ser\u00e1 da maior relev\u00e2ncia no desenvolvimento de respostas de sa\u00fade de proximidade \u00e0s necessidades assistenciais, em todos os seus n\u00edveis.<\/p>\n<p>A Comunidade Intermunicipal da Regi\u00e3o de Leiria (CIMRL) sublinhou, no dia 9 de janeiro, que a nomea\u00e7\u00e3o dos novos respons\u00e1veis \u00e9 uma decis\u00e3o da exclusiva responsabilidade do Diretor Executivo do SNS, sobre a qual os munic\u00edpios n\u00e3o participaram ou sequer foram consultados. Recorde-se que nos termos previstos no Estatuto do SNS, os membros do conselho de administra\u00e7\u00e3o s\u00e3o designados, mediante proposta da Dire\u00e7\u00e3o Executiva do SNS, de entre individualidades que re\u00fanam os requisitos previstos no Estatuto do Gestor P\u00fablico, aprovado pelo Decreto-Lei n.\u00ba 71\/2007, de 27 de mar\u00e7o, na sua reda\u00e7\u00e3o atual.<\/p>\n<p>Os munic\u00edpios abrangidos pela nova ULS da Regi\u00e3o de Leiria fazem notar que o funcionamento do SNS deve ser planeado e organizado de modo a satisfazer as necessidades assistenciais da popula\u00e7\u00e3o, em termos de disponibilidade, acessibilidade, aceitabilidade e qualidade, pelo que nesse objetivo, em articula\u00e7\u00e3o com a Comunidade Intermunicipal da Regi\u00e3o de Leiria, oportunamente ir\u00e3o confirmar uma indica\u00e7\u00e3o de um seu representante junto da administra\u00e7\u00e3o da ULS, nos termos previstos no Estatuto do SNS.<\/p>\n<p>Para os munic\u00edpios que hoje exercem novas compet\u00eancias legais na \u00e1rea sa\u00fade, com especial incid\u00eancia na dinamiza\u00e7\u00e3o de programas de preven\u00e7\u00e3o da doen\u00e7a e no apoio ao funcionamento dos cuidados de sa\u00fade prim\u00e1rios, \u00e9 essencial que os novos respons\u00e1veis da sa\u00fade na regi\u00e3o de Leiria possam contribuir para a melhoria significativa do acesso dos utentes aos cuidados de sa\u00fade prim\u00e1rios e hospitalares, bem assim sejam definidas estrat\u00e9gias de reten\u00e7\u00e3o e motiva\u00e7\u00e3o dos profissionais de sa\u00fade no SNS.<\/p>\n<p>Neste particular, tal como \u00e9 definido no Estatuto do SNS, o funcionamento da nova ULS deve ser focado na proximidade da presta\u00e7\u00e3o, na integra\u00e7\u00e3o de cuidados e na articula\u00e7\u00e3o intermunicipal e inter-regional dos servi\u00e7os, promovendo novas respostas aos milhares de utentes sem m\u00e9dico de fam\u00edlia (cerca de 100 mil na \u00e1rea de interven\u00e7\u00e3o da ULS da Regi\u00e3o de Leiria) e inverter as dificuldades sistem\u00e1ticas de resposta nos servi\u00e7os de urg\u00eancia hospitalar.<\/p>\n<p><strong>\u00a0 \u00a0 Fonte: CIMRL<\/strong><\/p>\n","protected":false},"excerpt":{"rendered":"<p>No \u00e2mbito da designada reestrutura\u00e7\u00e3o das entidades p\u00fablicas empresariais do Servi\u00e7o Nacional de Sa\u00fade (SNS), atrav\u00e9s da integra\u00e7\u00e3o dos hospitais e centros hospitalares existentes com os Agrupamentos de Centros de Sa\u00fade, por via da ado\u00e7\u00e3o do novo modelo de organiza\u00e7\u00e3o e funcionamento em unidades locais de sa\u00fade (ULS), no dia 31 de dezembro, foram conhecidos [&hellip;]<\/p>\n","protected":false},"author":2,"featured_media":32962,"comment_status":"open","ping_status":"open","sticky":false,"template":"","format":"standard","meta":{"footnotes":""},"categories":[6],"tags":[],"class_list":["post-32959","post","type-post","status-publish","format-standard","has-post-thumbnail","hentry","category-saude"],"_links":{"self":[{"href":"https:\/\/tintafresca.net\/index.php\/wp-json\/wp\/v2\/posts\/32959","targetHints":{"allow":["GET"]}}],"collection":[{"href":"https:\/\/tintafresca.net\/index.php\/wp-json\/wp\/v2\/posts"}],"about":[{"href":"https:\/\/tintafresca.net\/index.php\/wp-json\/wp\/v2\/types\/post"}],"author":[{"embeddable":true,"href":"https:\/\/tintafresca.net\/index.php\/wp-json\/wp\/v2\/users\/2"}],"replies":[{"embeddable":true,"href":"https:\/\/tintafresca.net\/index.php\/wp-json\/wp\/v2\/comments?post=32959"}],"version-history":[{"count":2,"href":"https:\/\/tintafresca.net\/index.php\/wp-json\/wp\/v2\/posts\/32959\/revisions"}],"predecessor-version":[{"id":32963,"href":"https:\/\/tintafresca.net\/index.php\/wp-json\/wp\/v2\/posts\/32959\/revisions\/32963"}],"wp:featuredmedia":[{"embeddable":true,"href":"https:\/\/tintafresca.net\/index.php\/wp-json\/wp\/v2\/media\/32962"}],"wp:attachment":[{"href":"https:\/\/tintafresca.net\/index.php\/wp-json\/wp\/v2\/media?parent=32959"}],"wp:term":[{"taxonomy":"category","embeddable":true,"href":"https:\/\/tintafresca.net\/index.php\/wp-json\/wp\/v2\/categories?post=32959"},{"taxonomy":"post_tag","embeddable":true,"href":"https:\/\/tintafresca.net\/index.php\/wp-json\/wp\/v2\/tags?post=32959"}],"curies":[{"name":"wp","href":"https:\/\/api.w.org\/{rel}","templated":true}]}}