{"id":33000,"date":"2024-01-11T10:59:24","date_gmt":"2024-01-11T10:59:24","guid":{"rendered":"https:\/\/tintafresca.net\/?p=33000"},"modified":"2024-01-12T11:56:17","modified_gmt":"2024-01-12T11:56:17","slug":"camara-municipal-de-obidos-faz-seguro-de-saude-para-todos-os-municipes","status":"publish","type":"post","link":"https:\/\/tintafresca.net\/index.php\/2024\/01\/11\/camara-municipal-de-obidos-faz-seguro-de-saude-para-todos-os-municipes\/","title":{"rendered":"C\u00e2mara Municipal de \u00d3bidos faz seguro de Sa\u00fade para todos os mun\u00edcipes"},"content":{"rendered":"<div id=\"attachment_33002\" style=\"width: 510px\" class=\"wp-caption alignleft\"><img loading=\"lazy\" decoding=\"async\" aria-describedby=\"caption-attachment-33002\" class=\"wp-image-33002 size-full\" src=\"https:\/\/tintafresca.net\/wp-content\/uploads\/2024\/01\/Obidos_Centro-de-Saude-de-Obidos-Arquivo10.jpg\" alt=\"\" width=\"500\" height=\"333\" srcset=\"https:\/\/tintafresca.net\/wp-content\/uploads\/2024\/01\/Obidos_Centro-de-Saude-de-Obidos-Arquivo10.jpg 500w, https:\/\/tintafresca.net\/wp-content\/uploads\/2024\/01\/Obidos_Centro-de-Saude-de-Obidos-Arquivo10-300x200.jpg 300w\" sizes=\"auto, (max-width: 500px) 100vw, 500px\" \/><p id=\"caption-attachment-33002\" class=\"wp-caption-text\">Centro de Sa\u00fade de \u00d3bidos<\/p><\/div>\n<p>\u00d3bidos vai ter um Plano de Sa\u00fade para os mun\u00edcipes recenseados, um \u201cseguro\u201d de sa\u00fade para toda a popula\u00e7\u00e3o. O Plano \u201c\u00d3bidos + Sa\u00fade\u201d vai custar aos cofres do munic\u00edpio cerca de 250 mil euros e vai ser apresentado esta quinta-feira, dia 11 de janeiro, feriado municipal, pelas 17 horas, no audit\u00f3rio da Casa da M\u00fasica, em \u00d3bidos.<\/p>\n<p>\u201cO Munic\u00edpio de \u00d3bidos, fruto da inoper\u00e2ncia, quer do Governo Central, quer da ARSLVT, quer ainda do ACES Oeste Norte nos \u00faltimos anos em mat\u00e9ria de cuidados de sa\u00fade prim\u00e1ria, viu-se na necessidade de se substituir \u00e0queles que teriam esta responsabilidade\u201d, explica o presidente da C\u00e2mara Municipal de \u00d3bidos. Filipe Daniel afirma que, \u201cneste momento, 82,18% da popula\u00e7\u00e3o de \u00d3bidos est\u00e1 sem m\u00e9dico de fam\u00edlia, sendo que a \u00fanica m\u00e9dica, dos 7 necess\u00e1rios, se ir\u00e1 reformar agora em 2024\u201d.<\/p>\n<p>\u201cA C\u00e2mara Municipal viu-se, por isso, na necessidade de avan\u00e7ar para a cria\u00e7\u00e3o\/contrata\u00e7\u00e3o do plano de sa\u00fade municipal, num investimento muito significativo, mas que nos leva a faz\u00ea-lo pelo bem-estar da popula\u00e7\u00e3o, assim como devido ao estado dos cuidados de sa\u00fade depauperados como atualmente se encontram\u201d.<\/p>\n<p>As obras de requalifica\u00e7\u00e3o do Centro de Sa\u00fade, tamb\u00e9m a ser inauguradas dia 11 de Janeiro, foram o primeiro passo para essa resposta municipal na \u00e1rea da Sa\u00fade, num investimento de mais de 516 mil euros. O autarca afirma que \u00e9 necess\u00e1rio \u201cter boas condi\u00e7\u00f5es laborais para os cl\u00ednicos, assistentes t\u00e9cnicos e assistentes operacionais, criar uma unidade de sa\u00fade familiar de modelo A, passando depois para tipo B, de modo a termos um excelente corpo t\u00e9cnico e auxiliar. Mas este \u00e9 um processo moroso e, por isso, enquanto decorre, necessitamos de uma resposta mais imediata e assim chegamos a esta alternativa\u201d.<\/p>\n<p>Recorde-se que o Plano de Sa\u00fade para a popula\u00e7\u00e3o residente no concelho de \u00d3bidos foi aprovado por maioria na primeira sess\u00e3o ordin\u00e1ria do ano de 2023 da Assembleia Municipal de \u00d3bidos, com 15 votos a favor (10 votos dos deputados do PSD e 5 votos dos presidentes de Junta de Freguesia de A-dos-Negros, Gaeiras, Olho Marinho, Usseira e Vau), tr\u00eas votos contra de deputados do PS e 9 absten\u00e7\u00f5es (6 da bancada do PS, 1 do Chega e 2 dos presidentes das Juntas de Freguesia da Amoreira e de Santa Maria, S\u00e3o Pedro e Sobral da Lagoa).<\/p>\n<p>Segundo o documento levado a vota\u00e7\u00e3o, \u201catualmente, e sem que se perspetive resolu\u00e7\u00e3o em tempo breve, verifica-se no concelho de \u00d3bidos uma aus\u00eancia prolongada de m\u00e9dicos de fam\u00edlia\u201d, com \u201cequipas debilitadas\u201d, \u201ccom falhas no acesso a consultas de medicina geral e familiar e a consultas das especialidades m\u00e9dicas (em \u00e1rea t\u00e3o importantes como a sa\u00fade infantil e a sa\u00fade materna), atrasos na realiza\u00e7\u00e3o de exames, falhas na presta\u00e7\u00e3o de cuidados de enfermagem e outros servi\u00e7os inerentes \u00e0 presta\u00e7\u00e3o de cuidados de sa\u00fade \u00e0 popula\u00e7\u00e3o\u201d.<\/p>\n<p>Por essa raz\u00e3o, o Munic\u00edpio de \u00d3bidos \u00e9 \u201cchamado \u00e0 urgente tomada das medidas que estejam ao seu alcance com vista \u00e0 presta\u00e7\u00e3o de cuidados de sa\u00fade e acesso \u00e0 sua popula\u00e7\u00e3o. No quadro das respetivas atribui\u00e7\u00f5es e compet\u00eancias previstas na Lei, foi criado um Plano de Sa\u00fade \u201cpara a popula\u00e7\u00e3o residente no concelho de \u00d3bidos e a\u00ed recenseada.<\/p>\n<p>Este Plano de Sa\u00fade compreende exames complementares de diagn\u00f3stico com os pre\u00e7os convencionados, em qualquer parte do Pa\u00eds, por parte dos mun\u00edcipes que fa\u00e7am a submiss\u00e3o a este plano, m\u00e9dicos cinco horas por dia, quatro dias por semana e cuidados de enfermagem 40 horas por semana.<\/p>\n<p>O plano \u00e9 para os cidad\u00e3os nacionais inscritos na base de dados do recenseamento eleitoral no concelho de \u00d3bidos e respetivos descendentes com idade inferior a 18 anos, sendo necess\u00e1rio fazer a inscri\u00e7\u00e3o para poder usufruir destes benef\u00edcios.<\/p>\n<p><strong>\u00a0 \u00a0 \u00a0Fonte: DV|GCD|CMO<\/strong><\/p>\n","protected":false},"excerpt":{"rendered":"<p>\u00d3bidos vai ter um Plano de Sa\u00fade para os mun\u00edcipes recenseados, um \u201cseguro\u201d de sa\u00fade para toda a popula\u00e7\u00e3o. O Plano \u201c\u00d3bidos + Sa\u00fade\u201d vai custar aos cofres do munic\u00edpio cerca de 250 mil euros e vai ser apresentado esta quinta-feira, dia 11 de janeiro, feriado municipal, pelas 17 horas, no audit\u00f3rio da Casa da [&hellip;]<\/p>\n","protected":false},"author":2,"featured_media":33004,"comment_status":"open","ping_status":"open","sticky":false,"template":"","format":"standard","meta":{"footnotes":""},"categories":[6],"tags":[],"class_list":["post-33000","post","type-post","status-publish","format-standard","has-post-thumbnail","hentry","category-saude"],"_links":{"self":[{"href":"https:\/\/tintafresca.net\/index.php\/wp-json\/wp\/v2\/posts\/33000","targetHints":{"allow":["GET"]}}],"collection":[{"href":"https:\/\/tintafresca.net\/index.php\/wp-json\/wp\/v2\/posts"}],"about":[{"href":"https:\/\/tintafresca.net\/index.php\/wp-json\/wp\/v2\/types\/post"}],"author":[{"embeddable":true,"href":"https:\/\/tintafresca.net\/index.php\/wp-json\/wp\/v2\/users\/2"}],"replies":[{"embeddable":true,"href":"https:\/\/tintafresca.net\/index.php\/wp-json\/wp\/v2\/comments?post=33000"}],"version-history":[{"count":4,"href":"https:\/\/tintafresca.net\/index.php\/wp-json\/wp\/v2\/posts\/33000\/revisions"}],"predecessor-version":[{"id":33006,"href":"https:\/\/tintafresca.net\/index.php\/wp-json\/wp\/v2\/posts\/33000\/revisions\/33006"}],"wp:featuredmedia":[{"embeddable":true,"href":"https:\/\/tintafresca.net\/index.php\/wp-json\/wp\/v2\/media\/33004"}],"wp:attachment":[{"href":"https:\/\/tintafresca.net\/index.php\/wp-json\/wp\/v2\/media?parent=33000"}],"wp:term":[{"taxonomy":"category","embeddable":true,"href":"https:\/\/tintafresca.net\/index.php\/wp-json\/wp\/v2\/categories?post=33000"},{"taxonomy":"post_tag","embeddable":true,"href":"https:\/\/tintafresca.net\/index.php\/wp-json\/wp\/v2\/tags?post=33000"}],"curies":[{"name":"wp","href":"https:\/\/api.w.org\/{rel}","templated":true}]}}