{"id":33023,"date":"2024-01-12T12:47:31","date_gmt":"2024-01-12T12:47:31","guid":{"rendered":"https:\/\/tintafresca.net\/?p=33023"},"modified":"2024-01-14T01:39:40","modified_gmt":"2024-01-14T01:39:40","slug":"unidade-local-de-saude-da-regiao-de-leiria-integra-quatro-novas-usf-modelo-b","status":"publish","type":"post","link":"https:\/\/tintafresca.net\/index.php\/2024\/01\/12\/unidade-local-de-saude-da-regiao-de-leiria-integra-quatro-novas-usf-modelo-b\/","title":{"rendered":"Unidade Local de Sa\u00fade da Regi\u00e3o de Leiria integra quatro novas USF modelo B"},"content":{"rendered":"<div id=\"attachment_11881\" style=\"width: 510px\" class=\"wp-caption alignleft\"><img loading=\"lazy\" decoding=\"async\" aria-describedby=\"caption-attachment-11881\" class=\"wp-image-11881 size-full\" src=\"https:\/\/tintafresca.net\/wp-content\/uploads\/2021\/12\/Leiria_Centro_Saude_10.jpg\" alt=\"\" width=\"500\" height=\"281\" \/><p id=\"caption-attachment-11881\" class=\"wp-caption-text\">Unidade de Sa\u00fade Familiar (USF) PoLis est\u00e1 sediada no Centro de Sa\u00fade Gorj\u00e3o Henriques<\/p><\/div>\n<p>A Unidade Local de Sa\u00fade da Regi\u00e3o de Leiria (ULS RL) integra quatro Unidades de Sa\u00fade Familiar (USF) que transitaram a modelo B no dia 1 de janeiro, juntamente com mais 218 novas USF-B, de acordo com a Portaria n.\u00ba 454-A\/2023 de 28 de dezembro, com efeitos a 1 de janeiro de 2024. USF Leiria Nascente, USF Polis, USF Martingil e USF Pombal Oeste s\u00e3o as novas USF-B.<\/p>\n<p>Com a entrada em vigor da nova legisla\u00e7\u00e3o, estas quatro USF da ULS RL ficaram automaticamente sujeitas, e com dispensa de quaisquer formalidades, ao regime previsto no presente regime jur\u00eddico, se apresentassem um valor percentual de \u00cdndice de Desempenho Global (IDG) relativo ao ano de 2022, \u00faltimo per\u00edodo com resultados finais apurados, superior ou igual a 60%.<\/p>\n<p>A constitui\u00e7\u00e3o deste novo modelo \u00e9 feita atrav\u00e9s de uma candidatura da equipa de profissionais das Unidades de Cuidados de Sa\u00fade Personalizados (UCSP), das quais 11 integram na \u00e1rea de abrang\u00eancia da ULS RL. A candidatura inclui v\u00e1rias informa\u00e7\u00f5es, como a identifica\u00e7\u00e3o do\/a coordenador\/a e da equipa, os hor\u00e1rios e servi\u00e7os, o mapa de investimentos necess\u00e1rios \u00e0 implementa\u00e7\u00e3o, a popula\u00e7\u00e3o a abranger, entre outros. A candidatura, depois de submetida, \u00e9 analisada e validada pela Equipa Nacional de Apoio (ENA), que funciona junto da Dire\u00e7\u00e3o Executiva do Servi\u00e7o Nacional de Sa\u00fade.<\/p>\n<p>As USF modelo B s\u00e3o constitu\u00eddas por equipas que integram m\u00e9dicos, enfermeiros e assistentes t\u00e9cnicos que respondem com autonomia funcional e t\u00e9cnica \u00e0s necessidades em sa\u00fade da popula\u00e7\u00e3o, valorizando as boas pr\u00e1ticas cl\u00ednicas e contribuindo para maior motiva\u00e7\u00e3o dos profissionais e satisfa\u00e7\u00e3o dos utentes. A estas unidades s\u00e3o atribu\u00eddos, para al\u00e9m de uma remunera\u00e7\u00e3o base, suplementos e compensa\u00e7\u00f5es pelo seu desempenho.<\/p>\n<p>\u00abEsta tipologia B das USF \u00e9 mais exigente e permite a integra\u00e7\u00e3o de mais utentes. Al\u00e9m destas quatro novas USF, \u00e9 expect\u00e1vel que, em abril, tenhamos mais duas USF-B, o que possibilitar\u00e1 abranger mais um total de 9.725 utentes, o que \u00e9 um claro benef\u00edcio para a popula\u00e7\u00e3o que servimos\u00bb, explica Denise Velho, diretora cl\u00ednica para os cuidados de sa\u00fade prim\u00e1rios da ULS RL. \u00ab\u00c9 efetivamente um modelo organizacional mais aliciante, que nos vai permitir cativar e reter mais profissionais nos cuidados de sa\u00fade prim\u00e1rios e no Servi\u00e7o Nacional de Sa\u00fade.\u00bb<\/p>\n<p>A ULS RL deve assegurar o acompanhamento da atividade e da qualidade organizacional destas USF-B, e o acompanhamento externo ser\u00e1 efetuado pela ENA, que presta apoio t\u00e9cnico, colabora no desenvolvimento de pol\u00edticas de gest\u00e3o da qualidade e realiza auditorias.<\/p>\n<p><strong>\u00a0 \u00a0 \u00a0Fonte: Midlandcom<\/strong><\/p>\n","protected":false},"excerpt":{"rendered":"<p>A Unidade Local de Sa\u00fade da Regi\u00e3o de Leiria (ULS RL) integra quatro Unidades de Sa\u00fade Familiar (USF) que transitaram a modelo B no dia 1 de janeiro, juntamente com mais 218 novas USF-B, de acordo com a Portaria n.\u00ba 454-A\/2023 de 28 de dezembro, com efeitos a 1 de janeiro de 2024. USF Leiria [&hellip;]<\/p>\n","protected":false},"author":2,"featured_media":24673,"comment_status":"open","ping_status":"open","sticky":false,"template":"","format":"standard","meta":{"footnotes":""},"categories":[6],"tags":[],"class_list":["post-33023","post","type-post","status-publish","format-standard","has-post-thumbnail","hentry","category-saude"],"_links":{"self":[{"href":"https:\/\/tintafresca.net\/index.php\/wp-json\/wp\/v2\/posts\/33023","targetHints":{"allow":["GET"]}}],"collection":[{"href":"https:\/\/tintafresca.net\/index.php\/wp-json\/wp\/v2\/posts"}],"about":[{"href":"https:\/\/tintafresca.net\/index.php\/wp-json\/wp\/v2\/types\/post"}],"author":[{"embeddable":true,"href":"https:\/\/tintafresca.net\/index.php\/wp-json\/wp\/v2\/users\/2"}],"replies":[{"embeddable":true,"href":"https:\/\/tintafresca.net\/index.php\/wp-json\/wp\/v2\/comments?post=33023"}],"version-history":[{"count":3,"href":"https:\/\/tintafresca.net\/index.php\/wp-json\/wp\/v2\/posts\/33023\/revisions"}],"predecessor-version":[{"id":33026,"href":"https:\/\/tintafresca.net\/index.php\/wp-json\/wp\/v2\/posts\/33023\/revisions\/33026"}],"wp:featuredmedia":[{"embeddable":true,"href":"https:\/\/tintafresca.net\/index.php\/wp-json\/wp\/v2\/media\/24673"}],"wp:attachment":[{"href":"https:\/\/tintafresca.net\/index.php\/wp-json\/wp\/v2\/media?parent=33023"}],"wp:term":[{"taxonomy":"category","embeddable":true,"href":"https:\/\/tintafresca.net\/index.php\/wp-json\/wp\/v2\/categories?post=33023"},{"taxonomy":"post_tag","embeddable":true,"href":"https:\/\/tintafresca.net\/index.php\/wp-json\/wp\/v2\/tags?post=33023"}],"curies":[{"name":"wp","href":"https:\/\/api.w.org\/{rel}","templated":true}]}}