{"id":33081,"date":"2024-01-15T20:02:35","date_gmt":"2024-01-15T20:02:35","guid":{"rendered":"https:\/\/tintafresca.net\/?p=33081"},"modified":"2024-01-15T20:11:12","modified_gmt":"2024-01-15T20:11:12","slug":"rio-maior-recebeu-conferencia-sobre-a-importancia-da-comunicacao-social-regional","status":"publish","type":"post","link":"https:\/\/tintafresca.net\/index.php\/2024\/01\/15\/rio-maior-recebeu-conferencia-sobre-a-importancia-da-comunicacao-social-regional\/","title":{"rendered":"Rio Maior recebeu confer\u00eancia sobre a import\u00e2ncia da comunica\u00e7\u00e3o social regional"},"content":{"rendered":"<div id=\"attachment_33083\" style=\"width: 510px\" class=\"wp-caption alignleft\"><img loading=\"lazy\" decoding=\"async\" aria-describedby=\"caption-attachment-33083\" class=\"wp-image-33083 size-full\" src=\"https:\/\/tintafresca.net\/wp-content\/uploads\/2024\/01\/RM_Nersant_Comunicacao_social30.jpg\" alt=\"\" width=\"500\" height=\"333\" srcset=\"https:\/\/tintafresca.net\/wp-content\/uploads\/2024\/01\/RM_Nersant_Comunicacao_social30.jpg 500w, https:\/\/tintafresca.net\/wp-content\/uploads\/2024\/01\/RM_Nersant_Comunicacao_social30-300x200.jpg 300w\" sizes=\"auto, (max-width: 500px) 100vw, 500px\" \/><p id=\"caption-attachment-33083\" class=\"wp-caption-text\">Painel da confer\u00eancia<\/p><\/div>\n<p>A Nersant \u2013 Associa\u00e7\u00e3o Empresarial da Regi\u00e3o de Santar\u00e9m, em parceria com o Munic\u00edpio de Rio Maior, a Desmor, os Institutos Polit\u00e9cnicos de Santar\u00e9m e Tomar, e o ISLA Santar\u00e9m, realizou no Centro de Neg\u00f3cios e Inova\u00e7\u00e3o de Rio Maior uma confer\u00eancia sobre o papel da comunica\u00e7\u00e3o social no desenvolvimento do tecido empresarial da regi\u00e3o. O evento reuniu empres\u00e1rios, acad\u00e9micos, jornalistas e membros da sociedade para uma discuss\u00e3o aberta e produtiva sobre a influ\u00eancia da comunica\u00e7\u00e3o social regional no desenvolvimento econ\u00f3mico local, num debate onde a seriedade da informa\u00e7\u00e3o e o dever de informar com isen\u00e7\u00e3o estiveram na ordem do dia.<\/p>\n<p>A comunica\u00e7\u00e3o social regional desempenha um papel fundamental no desenvolvimento das empresas da sua regi\u00e3o, influenciando diversos aspetos &#8211; visibilidade e reconhecimento, informa\u00e7\u00e3o sobre oportunidades e desafios, atra\u00e7\u00e3o sobre investimentos, entre outros &#8211; que impactam diretamente o tecido empresarial. Foi tendo em conta esta realidade que a Nersant, em conjunto com a C\u00e2mara Municipal de Rio Maior, Desmor, Institutos Polit\u00e9cnicos de Santar\u00e9m e Tomar e ISLA Santar\u00e9m, tomou a iniciativa de reunir a comunica\u00e7\u00e3o social regional para partilhar as suas preocupa\u00e7\u00f5es em rela\u00e7\u00e3o a este meio, que influencia t\u00e3o diretamente as sociedades e em particular, o tecido empresarial.<\/p>\n<p>\u201cAs empresas da regi\u00e3o precisam de uma comunica\u00e7\u00e3o social regional com preocupa\u00e7\u00f5es regionais, que olhem e valorizem as empresas e os empres\u00e1rios no seu esfor\u00e7o de produzir riqueza, garantindo trabalho e rendimento a todos os intervenientes no processo produtivo\u201d, come\u00e7ou por dizer o presidente da Dire\u00e7\u00e3o da Nersant, Ant\u00f3nio Pedroso Leal, na sess\u00e3o de abertura do evento, acrescentando que, para al\u00e9m do dever de informar com isen\u00e7\u00e3o, \u201ca comunica\u00e7\u00e3o social regional consiste, tamb\u00e9m, em fazer a ponte entre empresa e comunidade, numa tarefa de dar a conhecer, enaltecer, motivar, criar compromissos e &#8211; atrav\u00e9s de um maior envolvimento do tecido empresarial &#8211; favorecer todos os envolvidos\u201d.<\/p>\n<div id=\"attachment_33084\" style=\"width: 510px\" class=\"wp-caption alignleft\"><img loading=\"lazy\" decoding=\"async\" aria-describedby=\"caption-attachment-33084\" class=\"wp-image-33084 size-full\" src=\"https:\/\/tintafresca.net\/wp-content\/uploads\/2024\/01\/RM_Nersant_Comunicacao_social10.jpg\" alt=\"\" width=\"500\" height=\"333\" srcset=\"https:\/\/tintafresca.net\/wp-content\/uploads\/2024\/01\/RM_Nersant_Comunicacao_social10.jpg 500w, https:\/\/tintafresca.net\/wp-content\/uploads\/2024\/01\/RM_Nersant_Comunicacao_social10-300x200.jpg 300w\" sizes=\"auto, (max-width: 500px) 100vw, 500px\" \/><p id=\"caption-attachment-33084\" class=\"wp-caption-text\">P\u00fablico presente na confer\u00eancia<\/p><\/div>\n<p>Na abertura do evento marcou ainda presen\u00e7a o presidente da C\u00e2mara Municipal de Rio Maior, Filipe Santana Dias, que come\u00e7ou por referir que \u201co que n\u00e3o se comunica, n\u00e3o existe\u201d e que \u201cuma boa not\u00edcia\u201d n\u00e3o \u00e9 aquela que \u00e9 favor\u00e1vel \u00e0 institui\u00e7\u00e3o ou empresa a que diz respeito, mas sim baseada em crit\u00e9rios de \u201cseriedade\u201d e \u201cisen\u00e7\u00e3o\u201d,<\/p>\n<p>Tamb\u00e9m presente, o presidente do Conselho de Administra\u00e7\u00e3o da Desmor, Miguel Pacheco, agradeceu a organiza\u00e7\u00e3o de t\u00e3o importante tema no CNIRM.<\/p>\n<p>A confer\u00eancia prosseguiu um momento de reflex\u00e3o sobre o papel da comunica\u00e7\u00e3o social regional no desenvolvimento do tecido empresarial, tema que foi guiado pela interven\u00e7\u00e3o de Pedro Jer\u00f3nimo, Investigador da Universidade da Beira Interior. Na sua orat\u00f3ria, o acad\u00e9mico fez um diagn\u00f3stico \u00e0 comunica\u00e7\u00e3o social regional no distrito de Santar\u00e9m, numa vis\u00e3o aprofundada sobre a informa\u00e7\u00e3o de proximidade e a sua import\u00e2ncia nas sociedades.<\/p>\n<p>\u201cO valor do jornalista \u00e9 a sua credibilidade, pelo que os meios de comunica\u00e7\u00e3o social produzem informa\u00e7\u00e3o certificada. Os que n\u00e3o o fazem, ajudam a desinformar\u201d, referiu Pedro Jer\u00f3nimo, acrescentando ainda que a comunica\u00e7\u00e3o social regional \u00e9 \u201cescrutinadora dos poderes locais, preservadora de identidades e mem\u00f3rias locais e construtora de pontes e agregadora dos interesses dos territ\u00f3rios e comunidade\u201d.<\/p>\n<p>Seguiu-se a realiza\u00e7\u00e3o de uma Mesa Redonda, debate onde diversos intervenientes partilharam as suas opini\u00f5es e experi\u00eancias em rela\u00e7\u00e3o ao papel da comunica\u00e7\u00e3o social regional no desenvolvimento do tecido empresarial da regi\u00e3o.<\/p>\n<p>Para al\u00e9m do presidente da Dire\u00e7\u00e3o, Ant\u00f3nio Pedroso Leal, que moderou o painel, e do Investigador Pedro Jer\u00f3nimo, integraram a discuss\u00e3o Raquel Botelho, Professora e Coordenadora da P\u00f3s-Gradua\u00e7\u00e3o em Comunica\u00e7\u00e3o no Instituto Polit\u00e9cnico de Tomar, Vasco Ribeiro Santos, diretor do curso de P\u00f3s-Gradua\u00e7\u00e3o em Nova Comunica\u00e7\u00e3o no ISLA Santar\u00e9m, Jo\u00e3o Paulo Narciso, diretor e jornalista do jornal Correio do Ribatejo e Patr\u00edcia Fonseca, diretora e jornalista do mediotejo.net.<\/p>\n<p>No debate foram exploradas as diferentes perspetivas dos intervenientes em rela\u00e7\u00e3o ao tema e onde foi un\u00e2nime a crise vivida pela comunica\u00e7\u00e3o social, onde alguma da imprensa edita os seus conte\u00fados em fun\u00e7\u00e3o de crit\u00e9rios comerciais, em detrimento do dever de informar com isen\u00e7\u00e3o, rigor e seriedade.<\/p>\n<p>Aberto \u00e0 plateia, com diversas interven\u00e7\u00f5es, o debate proporcionou ainda uma reflex\u00e3o sobre oportunidades de financiamento dos media &#8211; dentro da legalidade &#8211; por parte das empresas, n\u00e3o s\u00f3 atrav\u00e9s da contrata\u00e7\u00e3o de publicidade, mas tamb\u00e9m atrav\u00e9s da oferta de assinaturas aos seus colaboradores, fornecedores ou clientes.<\/p>\n<p>Para al\u00e9m de empres\u00e1rios, acad\u00e9micos e membros da sociedade em geral, estiveram presentes no evento 14 jornalistas de diversos meios de comunica\u00e7\u00e3o da regi\u00e3o, n\u00e3o s\u00f3 de Rio Maior, mas tamb\u00e9m de Santar\u00e9m, Abrantes e Torres Novas.<\/p>\n<p><strong>\u00a0 \u00a0 \u00a0Fonte: Nersant<\/strong><\/p>\n","protected":false},"excerpt":{"rendered":"<p>A Nersant \u2013 Associa\u00e7\u00e3o Empresarial da Regi\u00e3o de Santar\u00e9m, em parceria com o Munic\u00edpio de Rio Maior, a Desmor, os Institutos Polit\u00e9cnicos de Santar\u00e9m e Tomar, e o ISLA Santar\u00e9m, realizou no Centro de Neg\u00f3cios e Inova\u00e7\u00e3o de Rio Maior uma confer\u00eancia sobre o papel da comunica\u00e7\u00e3o social no desenvolvimento do tecido empresarial da regi\u00e3o. [&hellip;]<\/p>\n","protected":false},"author":2,"featured_media":33085,"comment_status":"open","ping_status":"open","sticky":false,"template":"","format":"standard","meta":{"footnotes":""},"categories":[7,11],"tags":[],"class_list":["post-33081","post","type-post","status-publish","format-standard","has-post-thumbnail","hentry","category-economia","category-sociedade"],"_links":{"self":[{"href":"https:\/\/tintafresca.net\/index.php\/wp-json\/wp\/v2\/posts\/33081","targetHints":{"allow":["GET"]}}],"collection":[{"href":"https:\/\/tintafresca.net\/index.php\/wp-json\/wp\/v2\/posts"}],"about":[{"href":"https:\/\/tintafresca.net\/index.php\/wp-json\/wp\/v2\/types\/post"}],"author":[{"embeddable":true,"href":"https:\/\/tintafresca.net\/index.php\/wp-json\/wp\/v2\/users\/2"}],"replies":[{"embeddable":true,"href":"https:\/\/tintafresca.net\/index.php\/wp-json\/wp\/v2\/comments?post=33081"}],"version-history":[{"count":2,"href":"https:\/\/tintafresca.net\/index.php\/wp-json\/wp\/v2\/posts\/33081\/revisions"}],"predecessor-version":[{"id":33086,"href":"https:\/\/tintafresca.net\/index.php\/wp-json\/wp\/v2\/posts\/33081\/revisions\/33086"}],"wp:featuredmedia":[{"embeddable":true,"href":"https:\/\/tintafresca.net\/index.php\/wp-json\/wp\/v2\/media\/33085"}],"wp:attachment":[{"href":"https:\/\/tintafresca.net\/index.php\/wp-json\/wp\/v2\/media?parent=33081"}],"wp:term":[{"taxonomy":"category","embeddable":true,"href":"https:\/\/tintafresca.net\/index.php\/wp-json\/wp\/v2\/categories?post=33081"},{"taxonomy":"post_tag","embeddable":true,"href":"https:\/\/tintafresca.net\/index.php\/wp-json\/wp\/v2\/tags?post=33081"}],"curies":[{"name":"wp","href":"https:\/\/api.w.org\/{rel}","templated":true}]}}