{"id":33157,"date":"2024-01-19T18:39:28","date_gmt":"2024-01-19T18:39:28","guid":{"rendered":"https:\/\/tintafresca.net\/?p=33157"},"modified":"2024-01-19T18:39:28","modified_gmt":"2024-01-19T18:39:28","slug":"uls-leziria-reune-representantes-dos-cuidados-hospitalares-e-dos-cuidados-primarios","status":"publish","type":"post","link":"https:\/\/tintafresca.net\/index.php\/2024\/01\/19\/uls-leziria-reune-representantes-dos-cuidados-hospitalares-e-dos-cuidados-primarios\/","title":{"rendered":"ULS Lez\u00edria re\u00fane representantes dos cuidados hospitalares e dos cuidados prim\u00e1rios"},"content":{"rendered":"<div id=\"attachment_33160\" style=\"width: 510px\" class=\"wp-caption alignleft\"><img loading=\"lazy\" decoding=\"async\" aria-describedby=\"caption-attachment-33160\" class=\"wp-image-33160 size-full\" src=\"https:\/\/tintafresca.net\/wp-content\/uploads\/2024\/01\/Santarem_ULS_Leziria10.jpg\" alt=\"\" width=\"500\" height=\"375\" srcset=\"https:\/\/tintafresca.net\/wp-content\/uploads\/2024\/01\/Santarem_ULS_Leziria10.jpg 500w, https:\/\/tintafresca.net\/wp-content\/uploads\/2024\/01\/Santarem_ULS_Leziria10-300x225.jpg 300w\" sizes=\"auto, (max-width: 500px) 100vw, 500px\" \/><p id=\"caption-attachment-33160\" class=\"wp-caption-text\">Sess\u00e3o de esclarecimento<\/p><\/div>\n<p>Teve lugar esta quinta-feira, 18 de janeiro, no audit\u00f3rio do Hospital Distrital de Santar\u00e9m (HDS), a primeira reuni\u00e3o que envolveu coordenadores das unidades funcionais dos cuidados de sa\u00fade prim\u00e1rios, chefias dos cuidados hospitalares e o Conselho de Administra\u00e7\u00e3o em gest\u00e3o da rec\u00e9m-criada Unidade Local de Sa\u00fade da Lez\u00edria.<\/p>\n<p>Ao usar da palavra, Ana Infante, presidente do Conselho de Administra\u00e7\u00e3o, come\u00e7ou por destacar que o objetivo desta reuni\u00e3o foi, sobretudo, promover a apresenta\u00e7\u00e3o dos profissionais dos dois n\u00edveis de cuidados que integram a nova entidade, assim como &#8220;dar uma perspetiva do trabalho que tem vindo a ser desenvolvido relativamente \u00e0 ULS Lez\u00edria&#8221;, iniciado em fevereiro de 2023 com a elabora\u00e7\u00e3o plano de neg\u00f3cios.<\/p>\n<p>Um dos t\u00f3picos abordados foi os recursos humanos da ULS, que passou a agregar os profissionais do HDS e do Agrupamento de Centros de Sa\u00fade da Lez\u00edria (ACES Lez\u00edria), somando um total de 2\u00a0368.<\/p>\n<p>Estre outras tem\u00e1ticas, foram ainda apresentadas as val\u00eancias que comp\u00f5em a nova entidade, os eixos e a\u00e7\u00f5es estrat\u00e9gicas, o modelo de financiamento, o quadro m\u00ednimo de produ\u00e7\u00e3o, os indicadores de desempenho do Contrato Programa e o investimento previsto para 2024.<\/p>\n<div id=\"attachment_33159\" style=\"width: 510px\" class=\"wp-caption alignleft\"><img loading=\"lazy\" decoding=\"async\" aria-describedby=\"caption-attachment-33159\" class=\"wp-image-33159 size-full\" src=\"https:\/\/tintafresca.net\/wp-content\/uploads\/2024\/01\/Santarem_ULS_Leziria20.jpg\" alt=\"\" width=\"500\" height=\"375\" srcset=\"https:\/\/tintafresca.net\/wp-content\/uploads\/2024\/01\/Santarem_ULS_Leziria20.jpg 500w, https:\/\/tintafresca.net\/wp-content\/uploads\/2024\/01\/Santarem_ULS_Leziria20-300x225.jpg 300w\" sizes=\"auto, (max-width: 500px) 100vw, 500px\" \/><p id=\"caption-attachment-33159\" class=\"wp-caption-text\">Ana Infante prestou esclarecimentos aos presentes<\/p><\/div>\n<p>Ana Infante sublinhou que a integra\u00e7\u00e3o de cuidados \u00e9 a grande aposta da rec\u00e9m-criada entidade, para a melhoria dos servi\u00e7os de sa\u00fade \u00e0 popula\u00e7\u00e3o da sua \u00e1rea de influ\u00eancia.<\/p>\n<p>A ULS Lez\u00edria, em funcionamento desde 1 de janeiro de 2024, assume como miss\u00e3o &#8220;assegurar uma resposta \u00e0s necessidades de sa\u00fade da popula\u00e7\u00e3o da \u00e1rea de abrang\u00eancia da ULS Lez\u00edria, com elevada qualidade e equidade, por meio de cuidados integrados, personalizados e sustent\u00e1veis, criando valor em sa\u00fade e investindo na forma\u00e7\u00e3o, na investiga\u00e7\u00e3o e na satisfa\u00e7\u00e3o dos seus profissionais &#8220;.<\/p>\n<p>No final, houve espa\u00e7o para o esclarecimento de quest\u00f5es colocadas pela assist\u00eancia, cuja resposta ficou a cargo da presidente do Conselho de Administra\u00e7\u00e3o e dos restantes elementos do \u00f3rg\u00e3o de gest\u00e3o.<\/p>\n","protected":false},"excerpt":{"rendered":"<p>Teve lugar esta quinta-feira, 18 de janeiro, no audit\u00f3rio do Hospital Distrital de Santar\u00e9m (HDS), a primeira reuni\u00e3o que envolveu coordenadores das unidades funcionais dos cuidados de sa\u00fade prim\u00e1rios, chefias dos cuidados hospitalares e o Conselho de Administra\u00e7\u00e3o em gest\u00e3o da rec\u00e9m-criada Unidade Local de Sa\u00fade da Lez\u00edria. Ao usar da palavra, Ana Infante, presidente [&hellip;]<\/p>\n","protected":false},"author":2,"featured_media":33162,"comment_status":"open","ping_status":"open","sticky":false,"template":"","format":"standard","meta":{"footnotes":""},"categories":[6],"tags":[],"class_list":["post-33157","post","type-post","status-publish","format-standard","has-post-thumbnail","hentry","category-saude"],"_links":{"self":[{"href":"https:\/\/tintafresca.net\/index.php\/wp-json\/wp\/v2\/posts\/33157","targetHints":{"allow":["GET"]}}],"collection":[{"href":"https:\/\/tintafresca.net\/index.php\/wp-json\/wp\/v2\/posts"}],"about":[{"href":"https:\/\/tintafresca.net\/index.php\/wp-json\/wp\/v2\/types\/post"}],"author":[{"embeddable":true,"href":"https:\/\/tintafresca.net\/index.php\/wp-json\/wp\/v2\/users\/2"}],"replies":[{"embeddable":true,"href":"https:\/\/tintafresca.net\/index.php\/wp-json\/wp\/v2\/comments?post=33157"}],"version-history":[{"count":2,"href":"https:\/\/tintafresca.net\/index.php\/wp-json\/wp\/v2\/posts\/33157\/revisions"}],"predecessor-version":[{"id":33163,"href":"https:\/\/tintafresca.net\/index.php\/wp-json\/wp\/v2\/posts\/33157\/revisions\/33163"}],"wp:featuredmedia":[{"embeddable":true,"href":"https:\/\/tintafresca.net\/index.php\/wp-json\/wp\/v2\/media\/33162"}],"wp:attachment":[{"href":"https:\/\/tintafresca.net\/index.php\/wp-json\/wp\/v2\/media?parent=33157"}],"wp:term":[{"taxonomy":"category","embeddable":true,"href":"https:\/\/tintafresca.net\/index.php\/wp-json\/wp\/v2\/categories?post=33157"},{"taxonomy":"post_tag","embeddable":true,"href":"https:\/\/tintafresca.net\/index.php\/wp-json\/wp\/v2\/tags?post=33157"}],"curies":[{"name":"wp","href":"https:\/\/api.w.org\/{rel}","templated":true}]}}