{"id":33180,"date":"2024-01-21T02:48:41","date_gmt":"2024-01-21T02:48:41","guid":{"rendered":"https:\/\/tintafresca.net\/?p=33180"},"modified":"2024-01-21T02:51:50","modified_gmt":"2024-01-21T02:51:50","slug":"unidade-de-hemodinamica-da-uls-da-regiao-de-leiria-acolhe-acao-de-formacao-especializada-da-apic","status":"publish","type":"post","link":"https:\/\/tintafresca.net\/index.php\/2024\/01\/21\/unidade-de-hemodinamica-da-uls-da-regiao-de-leiria-acolhe-acao-de-formacao-especializada-da-apic\/","title":{"rendered":"Unidade de Hemodin\u00e2mica da ULS da Regi\u00e3o de Leiria acolhe a\u00e7\u00e3o de forma\u00e7\u00e3o especializada da APIC"},"content":{"rendered":"<div id=\"attachment_33182\" style=\"width: 510px\" class=\"wp-caption alignleft\"><img loading=\"lazy\" decoding=\"async\" aria-describedby=\"caption-attachment-33182\" class=\"wp-image-33182 size-full\" src=\"https:\/\/tintafresca.net\/wp-content\/uploads\/2024\/01\/CHL_Equipa-UHICV-e-participantes10.jpg\" alt=\"\" width=\"500\" height=\"333\" srcset=\"https:\/\/tintafresca.net\/wp-content\/uploads\/2024\/01\/CHL_Equipa-UHICV-e-participantes10.jpg 500w, https:\/\/tintafresca.net\/wp-content\/uploads\/2024\/01\/CHL_Equipa-UHICV-e-participantes10-300x200.jpg 300w\" sizes=\"auto, (max-width: 500px) 100vw, 500px\" \/><p id=\"caption-attachment-33182\" class=\"wp-caption-text\">Equipa UHICV e participantes<\/p><\/div>\n<p>A Unidade de Hemodin\u00e2mica e Interven\u00e7\u00e3o Cardiovascular (UHICV) da Unidade Local de Sa\u00fade da Regi\u00e3o de Leiria (ULS RL) acolheu no dia 12 de janeiro a forma\u00e7\u00e3o especializada D@CL \u2013 Day at the Cath Lab, dedicada ao tema do tratamento de les\u00f5es de bifurca\u00e7\u00f5es coron\u00e1rias. Esta a\u00e7\u00e3o formativa de car\u00e1ter pr\u00e1tico, promovida pela Associa\u00e7\u00e3o Portuguesa de Interven\u00e7\u00e3o Cardiovascular (APIC), consistiu num dia passado na UHICV para o tratamento de tr\u00eas doentes com bifurca\u00e7\u00f5es coron\u00e1rias, com idades compreendidas entre os 55 e os 75 anos, onde cardiologistas de v\u00e1rios pontos do pa\u00eds se juntaram \u00e0 equipa de Cardiologia de Interven\u00e7\u00e3o da ULS RL para um trabalho de forma\u00e7\u00e3o conjunto.<\/p>\n<p>O principal objetivo destas forma\u00e7\u00f5es especializadas \u00e9 a aquisi\u00e7\u00e3o e partilha de conhecimentos, bem como o acompanhamento ao vivo de situa\u00e7\u00f5es complexas em Cardiologia de Interven\u00e7\u00e3o, neste dia em espec\u00edfico com a capacita\u00e7\u00e3o dos participantes para a utiliza\u00e7\u00e3o de dispositivos adequados para o tratamento de les\u00f5es de bifurca\u00e7\u00f5es coron\u00e1rias.<\/p>\n<p>\u00abApresent\u00e1mos pela primeira vez no pa\u00eds um novo <em>stent<\/em>, ou seja, uma pr\u00f3tese coron\u00e1ria dedicada a les\u00f5es de bifurca\u00e7\u00f5es, isto \u00e9, onde h\u00e1 cruzamentos, locais onde o vaso principal d\u00e1 origem a vaso(s) secund\u00e1rio(s). Trata-se de um dispositivo inovador, tendo em conta o que j\u00e1 conhec\u00edamos de outros em termos anat\u00f3micos, de implanta\u00e7\u00e3o e de resultados. Estamos todos a usar pela primeira vez este <em>stent<\/em> em Portugal, com uma a\u00e7\u00e3o de divulga\u00e7\u00e3o e formativa. Selecion\u00e1mos obviamente os doentes que t\u00eam essa necessidade\u00bb, explicou Jorge Guardado, coordenador da UHICV da ULS RL. \u00abTrat\u00e1mos de tr\u00eas doentes, em que os profissionais que vieram de fora partilharam, foram entrando nos casos com a equipa interna, e foi um momento de alta relev\u00e2ncia dentro da comunidade m\u00e9dica de interven\u00e7\u00e3o cardiovascular portuguesa.\u00bb<\/p>\n<div id=\"attachment_33183\" style=\"width: 510px\" class=\"wp-caption alignleft\"><img loading=\"lazy\" decoding=\"async\" aria-describedby=\"caption-attachment-33183\" class=\"wp-image-33183 size-full\" src=\"https:\/\/tintafresca.net\/wp-content\/uploads\/2024\/01\/CHL_Intervencao-em-doente10.jpg\" alt=\"\" width=\"500\" height=\"333\" srcset=\"https:\/\/tintafresca.net\/wp-content\/uploads\/2024\/01\/CHL_Intervencao-em-doente10.jpg 500w, https:\/\/tintafresca.net\/wp-content\/uploads\/2024\/01\/CHL_Intervencao-em-doente10-300x200.jpg 300w\" sizes=\"auto, (max-width: 500px) 100vw, 500px\" \/><p id=\"caption-attachment-33183\" class=\"wp-caption-text\">Interven\u00e7\u00e3o em doente<\/p><\/div>\n<p>Rita Theot\u00f3nio, presidente da APIC, real\u00e7ou que \u00abfoi a 39\u00aa edi\u00e7\u00e3o desta iniciativa e temos percorrido todo o pa\u00eds a desenvolver este tipo de a\u00e7\u00f5es de forma\u00e7\u00e3o em v\u00e1rios centros de Cardiologia de Interven\u00e7\u00e3o nacionais, de norte a sul do pa\u00eds e ilhas, e o objetivo \u00e9 termos um momento formativo, habitualmente com um grupo pequeno de pessoas. No fundo \u00e9 um dia dedicado a um tipo de interven\u00e7\u00e3o cardiol\u00f3gica, em que o objetivo \u00e9 n\u00f3s passarmos o dia no laborat\u00f3rio como se fosse um dia normal da atividade, e isso permite, n\u00e3o s\u00f3 um conv\u00edvio entre os cardiologistas de interven\u00e7\u00e3o, os enfermeiros e t\u00e9cnicos que trabalham diariamente nos laborat\u00f3rios, como tamb\u00e9m conhecermos outras formas de organiza\u00e7\u00e3o de cada centro em particular\u00bb.<\/p>\n<p>\u00abNesta edi\u00e7\u00e3o o tema escolhido foi o das bifurca\u00e7\u00f5es, e Leiria \u00e9 um centro que tem experi\u00eancia em angioplastia coron\u00e1ria complexa e tamb\u00e9m guiada por imagem\u00bb, destacou a presidente da APIC. \u00abEstas forma\u00e7\u00f5es ou s\u00e3o para dar a conhecer uma nova t\u00e9cnica, em que trazemos pessoas de fora, peritos que v\u00eam introduzir uma t\u00e9cnica em Portugal, ou ent\u00e3o \u00e9 para fazer uma t\u00e9cnica em que t\u00eam muita experi\u00eancia e que querem divulgar a sua experi\u00eancia a outros centros. Este tipo de iniciativa acaba por juntar a comunidade e acabamos por nos conhecer todos uns aos outros.\u00bb<\/p>\n<p>Jorge Guardado n\u00e3o escondeu a satisfa\u00e7\u00e3o de receber esta iniciativa. \u00abPara a UHICV da ULS da Regi\u00e3o de Leiria \u00e9 um orgulho acolhermos pela terceira vez esta iniciativa nos \u00faltimos tr\u00eas anos. Significa para n\u00f3s que o trabalho que fizemos at\u00e9 agora tem sido, de facto, reconhecido, e darem-nos a possibilidade de organizar, \u00e9 porque temos feito bem, n\u00e3o s\u00f3 do ponto de vista do que temos concretizado para os doentes, que ficam bem tratados, mas tamb\u00e9m para o hospital e para o servi\u00e7o. \u00c9 ainda um momento importante para os nossos internos de forma\u00e7\u00e3o do Servi\u00e7o, que convidamos sempre para participarem e apresentarem os casos cl\u00ednicos dos doentes que s\u00e3o submetidos \u00e0s interven\u00e7\u00f5es.\u00bb<\/p>\n<p><strong>.\u00a0 \u00a0 \u00a0Fonte: Midlandcom<\/strong><\/p>\n","protected":false},"excerpt":{"rendered":"<p>A Unidade de Hemodin\u00e2mica e Interven\u00e7\u00e3o Cardiovascular (UHICV) da Unidade Local de Sa\u00fade da Regi\u00e3o de Leiria (ULS RL) acolheu no dia 12 de janeiro a forma\u00e7\u00e3o especializada D@CL \u2013 Day at the Cath Lab, dedicada ao tema do tratamento de les\u00f5es de bifurca\u00e7\u00f5es coron\u00e1rias. Esta a\u00e7\u00e3o formativa de car\u00e1ter pr\u00e1tico, promovida pela Associa\u00e7\u00e3o Portuguesa [&hellip;]<\/p>\n","protected":false},"author":2,"featured_media":33184,"comment_status":"open","ping_status":"open","sticky":false,"template":"","format":"standard","meta":{"footnotes":""},"categories":[6],"tags":[],"class_list":["post-33180","post","type-post","status-publish","format-standard","has-post-thumbnail","hentry","category-saude"],"_links":{"self":[{"href":"https:\/\/tintafresca.net\/index.php\/wp-json\/wp\/v2\/posts\/33180","targetHints":{"allow":["GET"]}}],"collection":[{"href":"https:\/\/tintafresca.net\/index.php\/wp-json\/wp\/v2\/posts"}],"about":[{"href":"https:\/\/tintafresca.net\/index.php\/wp-json\/wp\/v2\/types\/post"}],"author":[{"embeddable":true,"href":"https:\/\/tintafresca.net\/index.php\/wp-json\/wp\/v2\/users\/2"}],"replies":[{"embeddable":true,"href":"https:\/\/tintafresca.net\/index.php\/wp-json\/wp\/v2\/comments?post=33180"}],"version-history":[{"count":2,"href":"https:\/\/tintafresca.net\/index.php\/wp-json\/wp\/v2\/posts\/33180\/revisions"}],"predecessor-version":[{"id":33185,"href":"https:\/\/tintafresca.net\/index.php\/wp-json\/wp\/v2\/posts\/33180\/revisions\/33185"}],"wp:featuredmedia":[{"embeddable":true,"href":"https:\/\/tintafresca.net\/index.php\/wp-json\/wp\/v2\/media\/33184"}],"wp:attachment":[{"href":"https:\/\/tintafresca.net\/index.php\/wp-json\/wp\/v2\/media?parent=33180"}],"wp:term":[{"taxonomy":"category","embeddable":true,"href":"https:\/\/tintafresca.net\/index.php\/wp-json\/wp\/v2\/categories?post=33180"},{"taxonomy":"post_tag","embeddable":true,"href":"https:\/\/tintafresca.net\/index.php\/wp-json\/wp\/v2\/tags?post=33180"}],"curies":[{"name":"wp","href":"https:\/\/api.w.org\/{rel}","templated":true}]}}