{"id":33224,"date":"2024-01-22T22:59:18","date_gmt":"2024-01-22T22:59:18","guid":{"rendered":"https:\/\/tintafresca.net\/?p=33224"},"modified":"2024-01-22T23:01:21","modified_gmt":"2024-01-22T23:01:21","slug":"be-critica-governo-por-nao-nomear-conselho-de-administracao-da-unidade-local-de-saude-da-leziria","status":"publish","type":"post","link":"https:\/\/tintafresca.net\/index.php\/2024\/01\/22\/be-critica-governo-por-nao-nomear-conselho-de-administracao-da-unidade-local-de-saude-da-leziria\/","title":{"rendered":"BE critica Governo por n\u00e3o nomear Conselho de Administra\u00e7\u00e3o da Unidade Local de Sa\u00fade da Lez\u00edria"},"content":{"rendered":"<div id=\"attachment_15518\" style=\"width: 510px\" class=\"wp-caption alignleft\"><img loading=\"lazy\" decoding=\"async\" aria-describedby=\"caption-attachment-15518\" class=\"wp-image-15518 size-full\" src=\"https:\/\/tintafresca.net\/wp-content\/uploads\/2022\/04\/Santarem_Hospital30.jpg\" alt=\"\" width=\"500\" height=\"375\" \/><p id=\"caption-attachment-15518\" class=\"wp-caption-text\">Hospital Distrital de Santar\u00e9m<\/p><\/div>\n<p>Desde o in\u00edcio do ano que a Unidade Local de Sa\u00fade (ULS) da Lez\u00edria entrou em funcionamento. Esta entidade agregou os servi\u00e7os do Hospital Distrital de Santar\u00e9m e os do Agrupamento de Centros de Sa\u00fade da Lez\u00edria, integrando mais de 2300 profissionais da \u00e1rea da Sa\u00fade. Por\u00e9m, o Governo ainda n\u00e3o nomeou o Conselho de Administra\u00e7\u00e3o para a ULS Lez\u00edria.<\/p>\n<p>No atual momento, as urg\u00eancias e restantes servi\u00e7os hospitalares t\u00eam enfrentado um aumento de atividade onde os constrangimentos s\u00e3o severos e constantes. Esta situa\u00e7\u00e3o tem impactos negativos em utentes e nos trabalhadores da Sa\u00fade. Ali\u00e1s, os enfermeiros do Hospital Distrital de Santar\u00e9m denunciaram recentemente o &#8220;caos&#8221; em que as urg\u00eancias t\u00eam funcionado.<\/p>\n<p>Segundo o Bloco de Esquerda, \u201c\u00e9 incompreens\u00edvel que, quase um m\u00eas depois do in\u00edcio do funcionamento da ULS da Lez\u00edria, o governo ainda n\u00e3o tenha nomeado um Conselho de Administra\u00e7\u00e3o. Esta ina\u00e7\u00e3o tem dificultado o trabalho aos profissionais da ULS e a quem procura cuidados de sa\u00fade, uma vez que h\u00e1 diversas decis\u00f5es por tomar, pois o Conselho de Administra\u00e7\u00e3o deveria integrar, pelo menos, um diretor-cl\u00ednico da \u00e1rea hospitalar e um diretor-cl\u00ednico dos cuidados de sa\u00fade prim\u00e1rios, um enfermeiro-diretor e um respons\u00e1vel pela \u00e1rea financeira.<\/p>\n<p>Mesmo que o governo do PS se tenha demitido e se encontre em gest\u00e3o, n\u00e3o pode fugir \u00e0s responsabilidades. O Bloco de Esquerda vai questionar o Minist\u00e9rio da Sa\u00fade sobre a demora na nomea\u00e7\u00e3o do Conselho de Administra\u00e7\u00e3o da ULS da Lez\u00edria, atrav\u00e9s do seu Grupo Parlamentar.<\/p>\n","protected":false},"excerpt":{"rendered":"<p>Desde o in\u00edcio do ano que a Unidade Local de Sa\u00fade (ULS) da Lez\u00edria entrou em funcionamento. Esta entidade agregou os servi\u00e7os do Hospital Distrital de Santar\u00e9m e os do Agrupamento de Centros de Sa\u00fade da Lez\u00edria, integrando mais de 2300 profissionais da \u00e1rea da Sa\u00fade. Por\u00e9m, o Governo ainda n\u00e3o nomeou o Conselho de [&hellip;]<\/p>\n","protected":false},"author":2,"featured_media":17685,"comment_status":"open","ping_status":"open","sticky":false,"template":"","format":"standard","meta":{"footnotes":""},"categories":[6],"tags":[],"class_list":["post-33224","post","type-post","status-publish","format-standard","has-post-thumbnail","hentry","category-saude"],"_links":{"self":[{"href":"https:\/\/tintafresca.net\/index.php\/wp-json\/wp\/v2\/posts\/33224","targetHints":{"allow":["GET"]}}],"collection":[{"href":"https:\/\/tintafresca.net\/index.php\/wp-json\/wp\/v2\/posts"}],"about":[{"href":"https:\/\/tintafresca.net\/index.php\/wp-json\/wp\/v2\/types\/post"}],"author":[{"embeddable":true,"href":"https:\/\/tintafresca.net\/index.php\/wp-json\/wp\/v2\/users\/2"}],"replies":[{"embeddable":true,"href":"https:\/\/tintafresca.net\/index.php\/wp-json\/wp\/v2\/comments?post=33224"}],"version-history":[{"count":2,"href":"https:\/\/tintafresca.net\/index.php\/wp-json\/wp\/v2\/posts\/33224\/revisions"}],"predecessor-version":[{"id":33226,"href":"https:\/\/tintafresca.net\/index.php\/wp-json\/wp\/v2\/posts\/33224\/revisions\/33226"}],"wp:featuredmedia":[{"embeddable":true,"href":"https:\/\/tintafresca.net\/index.php\/wp-json\/wp\/v2\/media\/17685"}],"wp:attachment":[{"href":"https:\/\/tintafresca.net\/index.php\/wp-json\/wp\/v2\/media?parent=33224"}],"wp:term":[{"taxonomy":"category","embeddable":true,"href":"https:\/\/tintafresca.net\/index.php\/wp-json\/wp\/v2\/categories?post=33224"},{"taxonomy":"post_tag","embeddable":true,"href":"https:\/\/tintafresca.net\/index.php\/wp-json\/wp\/v2\/tags?post=33224"}],"curies":[{"name":"wp","href":"https:\/\/api.w.org\/{rel}","templated":true}]}}