{"id":33258,"date":"2024-01-24T15:36:25","date_gmt":"2024-01-24T15:36:25","guid":{"rendered":"https:\/\/tintafresca.net\/?p=33258"},"modified":"2024-01-24T22:55:52","modified_gmt":"2024-01-24T22:55:52","slug":"uls-do-oeste-integra-no-mapa-de-pessoal-24-profissionais-de-saude-do-periodo-da-pandemia","status":"publish","type":"post","link":"https:\/\/tintafresca.net\/index.php\/2024\/01\/24\/uls-do-oeste-integra-no-mapa-de-pessoal-24-profissionais-de-saude-do-periodo-da-pandemia\/","title":{"rendered":"ULS do Oeste integra no mapa de pessoal 24 profissionais de sa\u00fade do per\u00edodo da pandemia"},"content":{"rendered":"<div id=\"attachment_33260\" style=\"width: 510px\" class=\"wp-caption alignleft\"><img loading=\"lazy\" decoding=\"async\" aria-describedby=\"caption-attachment-33260\" class=\"wp-image-33260 size-full\" src=\"https:\/\/tintafresca.net\/wp-content\/uploads\/2024\/01\/Oeste_Assinatura-contrato-integracao-ULS-Oeste10.jpg\" alt=\"\" width=\"500\" height=\"333\" srcset=\"https:\/\/tintafresca.net\/wp-content\/uploads\/2024\/01\/Oeste_Assinatura-contrato-integracao-ULS-Oeste10.jpg 500w, https:\/\/tintafresca.net\/wp-content\/uploads\/2024\/01\/Oeste_Assinatura-contrato-integracao-ULS-Oeste10-300x200.jpg 300w\" sizes=\"auto, (max-width: 500px) 100vw, 500px\" \/><p id=\"caption-attachment-33260\" class=\"wp-caption-text\">Assinatura de um dos contratos<\/p><\/div>\n<p>A Unidade Local de Sa\u00fade do Oeste, EPE (ULS do Oeste) integrou no seu mapa de pessoal 24 profissionais, contratados para refor\u00e7o dos recursos humanos para dar resposta no per\u00edodo da pandemia COVID-19.<\/p>\n<p>Com efeitos a partir de 29 de dezembro de 2023, os\/as 24 profissionais provenientes das v\u00e1rias carreiras, nomeadamente sete T\u00e9cnicos Superiores de Diagn\u00f3stico e Terap\u00eautica, dois T\u00e9cnicos Superiores, cinco Enfermeiros, cinco Assistentes T\u00e9cnicos e cinco Assistentes Operacionais, celebraram contratos individuais de trabalho sem termo, passando deste modo a ter v\u00ednculos laborais est\u00e1veis.<\/p>\n<p>O Conselho de Administra\u00e7\u00e3o congratula-se pela integra\u00e7\u00e3o destes\/as Profissionais na Institui\u00e7\u00e3o e deseja as maiores felicidades nesta nova etapa na Unidade Local de Sa\u00fade do Oeste.<\/p>\n<p>A Unidade Local de Sa\u00fade do Oeste agrega, desde 01 de janeiro de 2024, numa \u00fanica entidade o Centro Hospitalar do Oeste, o Agrupamento de Centros de Sa\u00fade (ACES) do Oeste Norte e o Agrupamento de Centros de Sa\u00fade do Oeste Sul, integrando os concelhos de Caldas da Rainha, \u00d3bidos, Bombarral, Peniche (ACES Oeste Norte), Lourinh\u00e3, Cadaval, Torres Vedras, Sobral Monte Agra\u00e7o (ACES Oeste Sul). A popula\u00e7\u00e3o residente da \u00e1rea geogr\u00e1fica de influ\u00eancia direta da ULS do Oeste \u00e9 de 235.231 residentes, distribu\u00eddos por aproximadamente 1.348 km\u00b2.<\/p>\n<p><strong>\u00a0 \u00a0 \u00a0Fonte: VN|GC|CHO<\/strong><\/p>\n","protected":false},"excerpt":{"rendered":"<p>A Unidade Local de Sa\u00fade do Oeste, EPE (ULS do Oeste) integrou no seu mapa de pessoal 24 profissionais, contratados para refor\u00e7o dos recursos humanos para dar resposta no per\u00edodo da pandemia COVID-19. Com efeitos a partir de 29 de dezembro de 2023, os\/as 24 profissionais provenientes das v\u00e1rias carreiras, nomeadamente sete T\u00e9cnicos Superiores de [&hellip;]<\/p>\n","protected":false},"author":2,"featured_media":33261,"comment_status":"open","ping_status":"open","sticky":false,"template":"","format":"standard","meta":{"footnotes":""},"categories":[6],"tags":[],"class_list":["post-33258","post","type-post","status-publish","format-standard","has-post-thumbnail","hentry","category-saude"],"_links":{"self":[{"href":"https:\/\/tintafresca.net\/index.php\/wp-json\/wp\/v2\/posts\/33258","targetHints":{"allow":["GET"]}}],"collection":[{"href":"https:\/\/tintafresca.net\/index.php\/wp-json\/wp\/v2\/posts"}],"about":[{"href":"https:\/\/tintafresca.net\/index.php\/wp-json\/wp\/v2\/types\/post"}],"author":[{"embeddable":true,"href":"https:\/\/tintafresca.net\/index.php\/wp-json\/wp\/v2\/users\/2"}],"replies":[{"embeddable":true,"href":"https:\/\/tintafresca.net\/index.php\/wp-json\/wp\/v2\/comments?post=33258"}],"version-history":[{"count":2,"href":"https:\/\/tintafresca.net\/index.php\/wp-json\/wp\/v2\/posts\/33258\/revisions"}],"predecessor-version":[{"id":33262,"href":"https:\/\/tintafresca.net\/index.php\/wp-json\/wp\/v2\/posts\/33258\/revisions\/33262"}],"wp:featuredmedia":[{"embeddable":true,"href":"https:\/\/tintafresca.net\/index.php\/wp-json\/wp\/v2\/media\/33261"}],"wp:attachment":[{"href":"https:\/\/tintafresca.net\/index.php\/wp-json\/wp\/v2\/media?parent=33258"}],"wp:term":[{"taxonomy":"category","embeddable":true,"href":"https:\/\/tintafresca.net\/index.php\/wp-json\/wp\/v2\/categories?post=33258"},{"taxonomy":"post_tag","embeddable":true,"href":"https:\/\/tintafresca.net\/index.php\/wp-json\/wp\/v2\/tags?post=33258"}],"curies":[{"name":"wp","href":"https:\/\/api.w.org\/{rel}","templated":true}]}}