{"id":33263,"date":"2024-01-24T17:51:54","date_gmt":"2024-01-24T17:51:54","guid":{"rendered":"https:\/\/tintafresca.net\/?p=33263"},"modified":"2024-01-24T17:59:28","modified_gmt":"2024-01-24T17:59:28","slug":"politecnico-de-leiria-reuniu-especialistas-para-debater-o-modelo-uls-no-centro-da-mudanca-do-sns","status":"publish","type":"post","link":"https:\/\/tintafresca.net\/index.php\/2024\/01\/24\/politecnico-de-leiria-reuniu-especialistas-para-debater-o-modelo-uls-no-centro-da-mudanca-do-sns\/","title":{"rendered":"Polit\u00e9cnico de Leiria reuniu especialistas para debater o \u201cModelo ULS no centro da mudan\u00e7a do SNS\u201d"},"content":{"rendered":"<div id=\"attachment_33265\" style=\"width: 510px\" class=\"wp-caption alignleft\"><img loading=\"lazy\" decoding=\"async\" aria-describedby=\"caption-attachment-33265\" class=\"wp-image-33265 size-full\" src=\"https:\/\/tintafresca.net\/wp-content\/uploads\/2024\/01\/Leiria_Conferencia-ESSLei_Modelo-ULS-no-centro-da-mudanca-do-SNS10.jpg\" alt=\"\" width=\"500\" height=\"375\" srcset=\"https:\/\/tintafresca.net\/wp-content\/uploads\/2024\/01\/Leiria_Conferencia-ESSLei_Modelo-ULS-no-centro-da-mudanca-do-SNS10.jpg 500w, https:\/\/tintafresca.net\/wp-content\/uploads\/2024\/01\/Leiria_Conferencia-ESSLei_Modelo-ULS-no-centro-da-mudanca-do-SNS10-300x225.jpg 300w\" sizes=\"auto, (max-width: 500px) 100vw, 500px\" \/><p id=\"caption-attachment-33265\" class=\"wp-caption-text\">Confer\u00eancia decorreu na Escola Superior de Sa\u00fade do Polit\u00e9cnico de Leiria<\/p><\/div>\n<p>\u201cModelo ULS no Centro da Mudan\u00e7a do SNS\u201d foi o mote da confer\u00eancia decorrida na Escola Superior de Sa\u00fade do Instituto Polit\u00e9cnico de Leiria (ESSLei), com o prop\u00f3sito de promover a troca de experi\u00eancias e expectativas em torno da Unidade Local de Sa\u00fade da Regi\u00e3o de Leiria (ULS RL), que integra o Centro Hospitalar de Leiria, o Agrupamento de Centros de Sa\u00fade do Pinhal Litoral e os centros de sa\u00fade de Our\u00e9m, F\u00e1tima, Alcoba\u00e7a e Nazar\u00e9.<\/p>\n<p>A confer\u00eancia, realizada no dia 13 de janeiro, destinou-se aos estudantes de 2.\u00ba ciclo, docentes e orientadores de est\u00e1gio da ESSLei, tendo contado com as presen\u00e7as de F\u00e1tima Fonseca, em representa\u00e7\u00e3o da Dire\u00e7\u00e3o Executiva do Servi\u00e7o Nacional de Sa\u00fade (SNS), do presidente do conselho de administra\u00e7\u00e3o da ULS RL, Lic\u00ednio de Carvalho, da diretora cl\u00ednica para os cuidados de sa\u00fade prim\u00e1rios, Denise Velho, da diretora cl\u00ednica para os cuidados de sa\u00fade hospitalares, Catarina Faria, e do enfermeiro diretor, Marco Neves.<\/p>\n<p>No decorrer da confer\u00eancia foram v\u00e1rios os compromissos assumidos pelos intervenientes, nomeadamente com a acessibilidade e a centralidade do cidad\u00e3o, assim como um foco no equil\u00edbrio do percurso assistencial do utente nesta nova modalidade organizativa, permitindo que este tenha uma plena integra\u00e7\u00e3o de cuidados, independentemente das suas necessidades de sa\u00fade.<\/p>\n<p>No debate foi ainda refor\u00e7ada a motiva\u00e7\u00e3o e confian\u00e7a deste \u00f3rg\u00e3o para os desafios que, apesar de n\u00e3o serem novos, representam hoje uma expectativa diferente para o cidad\u00e3o, que espera cuidados de qualidade cada vez mais centrados no ambulat\u00f3rio e no domic\u00edlio, e com uma cada vez maior comunica\u00e7\u00e3o entre as v\u00e1rias equipas, garantindo um apoio transdisciplinar aos desafios demogr\u00e1ficos e sociais que hoje se imp\u00f5em.<\/p>\n<p>A preocupa\u00e7\u00e3o com os profissionais de sa\u00fade, em tempos de incerteza, foi outro dos motes da discuss\u00e3o, sendo un\u00e2nime a vontade de flexibilizar condi\u00e7\u00f5es, criando bem-estar laboral, e de captar novos profissionais de sa\u00fade, como tamb\u00e9m reter aqueles que todos os dias contribuem para o sucesso das organiza\u00e7\u00f5es.<\/p>\n<p>\u201cAcreditar neste novo modelo foi a t\u00f3nica central da confer\u00eancia \u00e0 qual a academia tamb\u00e9m se associou, firmando a vontade de trabalhar em parceria, aliando a forma\u00e7\u00e3o, a investiga\u00e7\u00e3o e a inova\u00e7\u00e3o ao servi\u00e7o do cidad\u00e3o e da comunidade\u201d, afirma Rui Fonseca-Pinto, diretor da ESSLei.<\/p>\n<p><strong>\u00a0 \u00a0 \u00a0Fonte: CA|On-It<\/strong><\/p>\n","protected":false},"excerpt":{"rendered":"<p>\u201cModelo ULS no Centro da Mudan\u00e7a do SNS\u201d foi o mote da confer\u00eancia decorrida na Escola Superior de Sa\u00fade do Instituto Polit\u00e9cnico de Leiria (ESSLei), com o prop\u00f3sito de promover a troca de experi\u00eancias e expectativas em torno da Unidade Local de Sa\u00fade da Regi\u00e3o de Leiria (ULS RL), que integra o Centro Hospitalar de [&hellip;]<\/p>\n","protected":false},"author":2,"featured_media":33267,"comment_status":"open","ping_status":"open","sticky":false,"template":"","format":"standard","meta":{"footnotes":""},"categories":[6],"tags":[],"class_list":["post-33263","post","type-post","status-publish","format-standard","has-post-thumbnail","hentry","category-saude"],"_links":{"self":[{"href":"https:\/\/tintafresca.net\/index.php\/wp-json\/wp\/v2\/posts\/33263","targetHints":{"allow":["GET"]}}],"collection":[{"href":"https:\/\/tintafresca.net\/index.php\/wp-json\/wp\/v2\/posts"}],"about":[{"href":"https:\/\/tintafresca.net\/index.php\/wp-json\/wp\/v2\/types\/post"}],"author":[{"embeddable":true,"href":"https:\/\/tintafresca.net\/index.php\/wp-json\/wp\/v2\/users\/2"}],"replies":[{"embeddable":true,"href":"https:\/\/tintafresca.net\/index.php\/wp-json\/wp\/v2\/comments?post=33263"}],"version-history":[{"count":3,"href":"https:\/\/tintafresca.net\/index.php\/wp-json\/wp\/v2\/posts\/33263\/revisions"}],"predecessor-version":[{"id":33268,"href":"https:\/\/tintafresca.net\/index.php\/wp-json\/wp\/v2\/posts\/33263\/revisions\/33268"}],"wp:featuredmedia":[{"embeddable":true,"href":"https:\/\/tintafresca.net\/index.php\/wp-json\/wp\/v2\/media\/33267"}],"wp:attachment":[{"href":"https:\/\/tintafresca.net\/index.php\/wp-json\/wp\/v2\/media?parent=33263"}],"wp:term":[{"taxonomy":"category","embeddable":true,"href":"https:\/\/tintafresca.net\/index.php\/wp-json\/wp\/v2\/categories?post=33263"},{"taxonomy":"post_tag","embeddable":true,"href":"https:\/\/tintafresca.net\/index.php\/wp-json\/wp\/v2\/tags?post=33263"}],"curies":[{"name":"wp","href":"https:\/\/api.w.org\/{rel}","templated":true}]}}