{"id":33434,"date":"2024-02-01T12:53:39","date_gmt":"2024-02-01T12:53:39","guid":{"rendered":"https:\/\/tintafresca.net\/?p=33434"},"modified":"2024-02-02T15:43:47","modified_gmt":"2024-02-02T15:43:47","slug":"presidente-da-camara-municipal-de-obidos-anuncia-projetos-de-cerca-de-73-milhoes-de-euros","status":"publish","type":"post","link":"https:\/\/tintafresca.net\/index.php\/2024\/02\/01\/presidente-da-camara-municipal-de-obidos-anuncia-projetos-de-cerca-de-73-milhoes-de-euros\/","title":{"rendered":"Presidente da C\u00e2mara Municipal de \u00d3bidos anuncia projetos de cerca de 73 milh\u00f5es de euros"},"content":{"rendered":"<div id=\"attachment_33436\" style=\"width: 510px\" class=\"wp-caption alignleft\"><img loading=\"lazy\" decoding=\"async\" aria-describedby=\"caption-attachment-33436\" class=\"wp-image-33436 size-full\" src=\"https:\/\/tintafresca.net\/wp-content\/uploads\/2024\/02\/Obidos_Filipe-Daniel-apresenta-projertos-para-a-decada20.jpg\" alt=\"\" width=\"500\" height=\"332\" srcset=\"https:\/\/tintafresca.net\/wp-content\/uploads\/2024\/02\/Obidos_Filipe-Daniel-apresenta-projertos-para-a-decada20.jpg 500w, https:\/\/tintafresca.net\/wp-content\/uploads\/2024\/02\/Obidos_Filipe-Daniel-apresenta-projertos-para-a-decada20-300x199.jpg 300w\" sizes=\"auto, (max-width: 500px) 100vw, 500px\" \/><p id=\"caption-attachment-33436\" class=\"wp-caption-text\">Filipe Daniel<\/p><\/div>\n<p>Filipe Daniel, presidente da C\u00e2mara Municipal de \u00d3bidos, apresentou os \u201cProjetos a desenvolver para a pr\u00f3xima d\u00e9cada\u201d para o concelho de \u00d3bidos. Uma apresenta\u00e7\u00e3o aberta aos mun\u00edcipes e investidores, que decorreu na Pra\u00e7a da Criatividade, no s\u00e1bado, dia 27 de Janeiro, e que contou com a presen\u00e7a da ministra da Coes\u00e3o Territorial, Ana Abrunhosa.<\/p>\n<p>Segundo o presidente da C\u00e2mara Municipal de \u00d3bidos, estes projetos t\u00eam, no total, um custo estimado de cerca de 73 milh\u00f5es de euros e \u201cv\u00e3o melhorar significativamente a vida das pessoas e que v\u00e3o transformar o concelho de \u00d3bidos para melhor\u201d. \u201cS\u00e3o projetos que est\u00e3o assentes numa estrat\u00e9gia global para o territ\u00f3rio e que pretendem ser ferramentas diretas de desenvolvimento\u201d, assegura o presidente da C\u00e2mara Municipal de \u00d3bidos.<\/p>\n<p><strong>Infraestruturas<br \/>\n<\/strong><br \/>\nNo cap\u00edtulo das infraestruturas, Filipe Daniel avan\u00e7ou com a constru\u00e7\u00e3o, em breve, do Edif\u00edcio Multisservi\u00e7os, localizado na \u00e1rea envolvente \u00e0s antigas instala\u00e7\u00f5es do Novo Banco, lotes recentemente adquiridos para o efeito, junto \u00e0 vila de \u00d3bidos. Or\u00e7ado em mais de 2 milh\u00f5es de euros, este ser\u00e1 um \u201cinvestimento muito importante para a comunidade\u201d porque \u201cvai promover a acessibilidade aos cidad\u00e3os em geral e aos que possuam mobilidade condicionada, em particular, eliminando barreiras arquitet\u00f3nicas no acesso aos organismos da administra\u00e7\u00e3o p\u00fablica\u201d, explica o autarca.<\/p>\n<p>Ir\u00e3o funcionar nesse novo edif\u00edcio os servi\u00e7os de Finan\u00e7as, Conservat\u00f3ria, Seguran\u00e7a Social, Loja do cidad\u00e3o, Junta de Freguesia de Santa Maria, S\u00e3o Pedro e Sobral da Lagoa e ainda um Welcome Center e Check In geral para todas as unidades hoteleiras dentro da vila e na zona especial de prote\u00e7\u00e3o.<\/p>\n<p>O presidente da C\u00e2mara avan\u00e7ou ainda com o projeto de cria\u00e7\u00e3o de um Centro Cultural de Congressos e de Desporto, sendo \u201cum espa\u00e7o de grandes dimens\u00f5es que permitisse dar mais amplitude ao nosso territ\u00f3rio\u201d. \u201cEste espa\u00e7o teria uma vertente cultural, mas tamb\u00e9m se deve poder transformar num espa\u00e7o para acolher atividades desportivas, assim como locais de din\u00e2micas empresariais e comerciais\u201d.<\/p>\n<p>Filipe Daniel quer ainda a cria\u00e7\u00e3o de um Parque Fotovoltaico e do Parque Verde do Codorno. \u201cEstamos preocupados com o consider\u00e1vel aumento do custo de vida das pessoas em especial da energia el\u00e9trica, assim como ter tamb\u00e9m um papel activo nas metas respons\u00e1veis impostas pela descarboniza\u00e7\u00e3o e, por isso, decidimos ajudar todos os que se encontram no nosso territ\u00f3rio, que poder\u00e3o ter uma redu\u00e7\u00e3o da sua fatura energ\u00e9tica\u201d, explica o autarca.<\/p>\n<p>Nesta transi\u00e7\u00e3o verde e de mobilidade el\u00e9trica, Filipe Daniel diz que \u00e9 poss\u00edvel, com este projeto, \u201ca produ\u00e7\u00e3o de 15 a 20 megawatts, num investimento previsto de cerca de 15 milh\u00f5es de euros e, assim, permitir aos mun\u00edcipes, empresas e associa\u00e7\u00f5es realizar uma poupan\u00e7a de 35 a 45% na fatura da eletricidade\u201d.<\/p>\n<p><strong>Cultura<br \/>\n<\/strong><br \/>\nA requalifica\u00e7\u00e3o do Aqueduto da Usseira foi outro dos projetos apresentados. \u201cEste \u00e9 um patrim\u00f3nio h\u00e1 muito a necessitar de interven\u00e7\u00e3o por tudo o que representa para o nosso concelho\u201d, afirma Filipe Daniel, revelando que o projeto para concurso ser\u00e1 feito por tr\u00eas fases, num valor de investimento previsto de 5 milh\u00f5es de euros.<\/p>\n<p>A reabertura da cidade romana de Eburobrittium ser\u00e1 outro dos projetos a avan\u00e7ar. \u201cVamos poder dar seguimento, finalmente, \u00e0 reabertura da Cidade Romana\u201d, disse Filipe Daniel, explicando que se vai avan\u00e7ar com uma \u201cestrutura coberta, com zonas de passadi\u00e7os interiores, para que se consiga explorar todo aquele espa\u00e7o, sem danificar o patrim\u00f3nio. Temos j\u00e1 protocolo assinado para avan\u00e7ar t\u00e3o breve quanto poss\u00edvel\u201d.<\/p>\n<p>Ap\u00f3s a aquisi\u00e7\u00e3o \u00e0 OesteCIM, em 2023, do Convento de S\u00e3o Miguel das Gaeiras, por 1,1 milh\u00f5es de euros, esta infraestrutura \u201cpoder\u00e1 ser totalmente utilizada para fins culturais e museol\u00f3gicos\u201d, explicou o autarca, avan\u00e7ando ainda com a \u201cpossibilidade de desenvolvimento de uma unidade auxiliar de Termalismo\u201d.<\/p>\n<p>Quanto \u00e0 Ermida de Santo Ant\u00e3o, Filipe Daniel prev\u00ea a reabilita\u00e7\u00e3o deste espa\u00e7o, uma vez que se encontra em \u201cavan\u00e7ado estado de degrada\u00e7\u00e3o\u201d.<\/p>\n<p>\u201cDevido ao seu simbolismo \u00fanico para as gentes de \u00d3bidos, mas n\u00e3o s\u00f3\u201d, este espa\u00e7o \u201cmerece ser requalificado e reabilitada a \u00e1rea envolvente, potenciando este local com vista privilegiada\u201d, nomeadamente com a cria\u00e7\u00e3o de uma plataforma a Sul, com vista 360 graus, a constru\u00e7\u00e3o de um miradouro voltado a poente, para a zona da v\u00e1rzea, e ainda a subida em cerca de 3 metros da estrada de acesso e a respetiva eleva\u00e7\u00e3o da conduta de \u00e1gua, para melhor acesso, afirma o edil.<\/p>\n<p><strong>Ambiente, Desporto, Sa\u00fade e Bem-Estar<br \/>\n<\/strong><br \/>\nNestas tem\u00e1ticas, o presidente da C\u00e2mara Municipal de \u00d3bidos falou do projeto da Mobilidade Suave e do Parque de Lazer das Caxinas, localizado junto aos Arrifes.<\/p>\n<p>\u201cVamos avan\u00e7ar com uma ciclovia e percursos pedonais que vai desde a Escola Josefa de \u00d3bidos at\u00e9 ao concelho das Caldas da Rainha\u201d, explicou, acrescentando que se tratam, entre outros, \u201cde percursos cicl\u00e1veis e pedonais com cerca de seis quil\u00f3metros, num investimento previsto de cinco milh\u00f5es de euros. Tamb\u00e9m os milhares de peregrinos que passam por \u00d3bidos n\u00e3o foram esquecidos, a sua seguran\u00e7a \u00e9 primordial para n\u00f3s.\u201d<\/p>\n<p>Quanto ao Centro de Ci\u00eancia Viva, na Po\u00e7a do Vau e Po\u00e7a da Cativa, o autarca pretende que haja \u201cuma maior valoriza\u00e7\u00e3o dos recursos naturais\u201d. \u201cVamos fazer pequenas interven\u00e7\u00f5es e ainda a instala\u00e7\u00e3o de mais dois observat\u00f3rios biol\u00f3gicos, uma vez que queremos que este seja um local de sensibiliza\u00e7\u00e3o e valoriza\u00e7\u00e3o para a comunidade civil e estudantil\u201d.<\/p>\n<p><strong>Turismo<br \/>\n<\/strong><br \/>\nO cap\u00edtulo do Turismo \u00e9, porventura, o mais ambicioso do ponto de vista de projetos. A instala\u00e7\u00e3o de um funicular entre a esta\u00e7\u00e3o de caminho-de-ferro de \u00d3bidos e a vila \u00e9 um desses projetos. \u201cPerante a dificuldade de chegar a \u00d3bidos atrav\u00e9s da ferrovia, este equipamento serviria para otimizar este meio de transporte cada vez mais importante nas metas de descarboniza\u00e7\u00e3o e com grande facilidade de chegar a \u00d3bidos\u201d, explicou o presidente da C\u00e2mara Municipal.<\/p>\n<p>Na mesma l\u00f3gica de descarboniza\u00e7\u00e3o, Filipe Daniel avan\u00e7a com o projeto do comboio el\u00e9trico da Lagoa de \u00d3bidos, uma vez que \u201co potencial de praias de qualidade reconhecida pelos organismos competentes tem capacidade de acolher mais visitantes\u201d. \u201cA presen\u00e7a de um local de estacionamento, e a possibilidade de mobilidade atrav\u00e9s de um comboio movido a energia solar, traria um motivo de recreio para fam\u00edlias e praticantes de desportos n\u00e1uticos usufru\u00edrem desta parte do nosso territ\u00f3rio\u201d, justificou.<\/p>\n<p>A Ponte Suspensa da Pedreira, junto ao Sobral da Lagoa, \u00e9, porventura, um dos projetos mais arrojados para a pr\u00f3xima d\u00e9cada. \u201cCom esta infraestrutura pretendemos criar mais um lugar de vista no nosso territ\u00f3rio\u201d, explica o edil, \u201cligando a Rota dos Ginjais, no Sobral da Lagoa, \u00e0 Rota dos Moinhos, na Amoreira, e mostrar\u00edamos a vista \u00edmpar a sul do nosso concelho\u201d.<\/p>\n<p>Outro dos projetos que poder\u00e1 ser bastante falado \u00e9 o do Restaurante Panor\u00e2mico Girat\u00f3rio, na Usseira. \u201cSeria um motivo de atra\u00e7\u00e3o e de comunica\u00e7\u00e3o\u201d, diz Filipe Daniel, acrescentando que do local previsto para a sua constru\u00e7\u00e3o, pode ver-se a Serra Do Montejunto, os Farilh\u00f5es e as Berlengas, a Lagoa de \u00d3bidos, o Oceano Atl\u00e2ntico e ainda a Ba\u00eda de S\u00e3o Martinho\u201d. \u201cQueremos lan\u00e7ar este desafio a privados\u201d, explicou, sendo um restaurante com 350 metros quadrados, para cerca de 200 pessoas e uma rota\u00e7\u00e3o de 360 graus em cada 90 minutos.<\/p>\n<p>Um Parque de Caravanismo, a recupera\u00e7\u00e3o das Cabanas Mariscadores, junto \u00e0 Lagoa de \u00d3bidos, e um espa\u00e7o de experi\u00eancias imersivas ligadas \u00e0 vinha e ao vinho e ao Enoturismo para a zona de A-dos-Negros s\u00e3o outros dos projetos no cap\u00edtulo do Turismo e que est\u00e3o previstos avan\u00e7ar nos pr\u00f3ximos dez anos.<\/p>\n<p><strong>Outros projetos<br \/>\n<\/strong><br \/>\nA par do que foi apresentado, prev\u00ea-se ainda uma nova ilumina\u00e7\u00e3o de todo o per\u00edmetro do Castelo de \u00d3bidos, com tecnologia LED, por forma a ser mais econ\u00f3mica; a constru\u00e7\u00e3o de novas infraestruturas como campos de t\u00e9nis e padel, bem como campos de voleibol e futebol de praia e ainda um gin\u00e1sio, o que representaria um crescimento de oferta no Complexo Municipal Desportivo; o novo Quartel da GNR; caia\u00e7\u00f5es em todos os edif\u00edcios p\u00fablicos na vila; e ainda um grande programa de asfaltamento das estradas do concelho. Est\u00e1 em curso a renova\u00e7\u00e3o de m\u00e1quinas e equipamentos para os servi\u00e7os camar\u00e1rios, e ir\u00e1 decorrer em breve a inaugura\u00e7\u00e3o do novo Centro N\u00e1utico, no Cov\u00e3o dos Musaranhos.<\/p>\n<p>A apresenta\u00e7\u00e3o dos investimentos privados no concelho a realizar pela Associa\u00e7\u00e3o Portuguesa de \u00c1rbitros de Futebol, com a constru\u00e7\u00e3o de Academia de \u00c1rbitros no Complexo Desportivo, e pela Surfers Cove, com a constru\u00e7\u00e3o de um Surf Camp com piscina de ondas artificiais e aldeamento tur\u00edstico num investimento de 30 milh\u00f5es de euros foram as \u00faltimas da apresenta\u00e7\u00e3o realizada no passado s\u00e1bado.<\/p>\n","protected":false},"excerpt":{"rendered":"<p>Filipe Daniel, presidente da C\u00e2mara Municipal de \u00d3bidos, apresentou os \u201cProjetos a desenvolver para a pr\u00f3xima d\u00e9cada\u201d para o concelho de \u00d3bidos. Uma apresenta\u00e7\u00e3o aberta aos mun\u00edcipes e investidores, que decorreu na Pra\u00e7a da Criatividade, no s\u00e1bado, dia 27 de Janeiro, e que contou com a presen\u00e7a da ministra da Coes\u00e3o Territorial, Ana Abrunhosa. Segundo [&hellip;]<\/p>\n","protected":false},"author":2,"featured_media":33437,"comment_status":"open","ping_status":"open","sticky":false,"template":"","format":"standard","meta":{"footnotes":""},"categories":[7],"tags":[],"class_list":["post-33434","post","type-post","status-publish","format-standard","has-post-thumbnail","hentry","category-economia"],"_links":{"self":[{"href":"https:\/\/tintafresca.net\/index.php\/wp-json\/wp\/v2\/posts\/33434","targetHints":{"allow":["GET"]}}],"collection":[{"href":"https:\/\/tintafresca.net\/index.php\/wp-json\/wp\/v2\/posts"}],"about":[{"href":"https:\/\/tintafresca.net\/index.php\/wp-json\/wp\/v2\/types\/post"}],"author":[{"embeddable":true,"href":"https:\/\/tintafresca.net\/index.php\/wp-json\/wp\/v2\/users\/2"}],"replies":[{"embeddable":true,"href":"https:\/\/tintafresca.net\/index.php\/wp-json\/wp\/v2\/comments?post=33434"}],"version-history":[{"count":2,"href":"https:\/\/tintafresca.net\/index.php\/wp-json\/wp\/v2\/posts\/33434\/revisions"}],"predecessor-version":[{"id":33438,"href":"https:\/\/tintafresca.net\/index.php\/wp-json\/wp\/v2\/posts\/33434\/revisions\/33438"}],"wp:featuredmedia":[{"embeddable":true,"href":"https:\/\/tintafresca.net\/index.php\/wp-json\/wp\/v2\/media\/33437"}],"wp:attachment":[{"href":"https:\/\/tintafresca.net\/index.php\/wp-json\/wp\/v2\/media?parent=33434"}],"wp:term":[{"taxonomy":"category","embeddable":true,"href":"https:\/\/tintafresca.net\/index.php\/wp-json\/wp\/v2\/categories?post=33434"},{"taxonomy":"post_tag","embeddable":true,"href":"https:\/\/tintafresca.net\/index.php\/wp-json\/wp\/v2\/tags?post=33434"}],"curies":[{"name":"wp","href":"https:\/\/api.w.org\/{rel}","templated":true}]}}