{"id":33445,"date":"2024-02-01T23:12:46","date_gmt":"2024-02-01T23:12:46","guid":{"rendered":"https:\/\/tintafresca.net\/?p=33445"},"modified":"2024-02-01T23:23:44","modified_gmt":"2024-02-01T23:23:44","slug":"cowork-bombarral-pronto-para-acolher-empreendedores","status":"publish","type":"post","link":"https:\/\/tintafresca.net\/index.php\/2024\/02\/01\/cowork-bombarral-pronto-para-acolher-empreendedores\/","title":{"rendered":"Cowork Bombarral pronto para acolher empreendedores"},"content":{"rendered":"<div id=\"attachment_33447\" style=\"width: 510px\" class=\"wp-caption alignleft\"><img loading=\"lazy\" decoding=\"async\" aria-describedby=\"caption-attachment-33447\" class=\"wp-image-33447 size-full\" src=\"https:\/\/tintafresca.net\/wp-content\/uploads\/2024\/02\/Bombarral_Cowork10.jpg\" alt=\"\" width=\"500\" height=\"333\" srcset=\"https:\/\/tintafresca.net\/wp-content\/uploads\/2024\/02\/Bombarral_Cowork10.jpg 500w, https:\/\/tintafresca.net\/wp-content\/uploads\/2024\/02\/Bombarral_Cowork10-300x200.jpg 300w\" sizes=\"auto, (max-width: 500px) 100vw, 500px\" \/><p id=\"caption-attachment-33447\" class=\"wp-caption-text\">Proposta de Liliana N\u00f3brega e Nuno Cl\u00edmaco venceu o 2\u00ba Or\u00e7amento Participativo<\/p><\/div>\n<p>O Cowork Bombarral est\u00e1 desde quarta-feira, dia 31 de janeiro, de portas abertas para receber empreendedores que aqui queiram trabalhar e desenvolver o seu neg\u00f3cio.<\/p>\n<p>O presidente da C\u00e2mara Municipal, Ricardo Fernandes, bem como o vice-presidente, Nuno Vicente, e os vereadores F\u00e1tima Coelho e Bruno Santos, visitaram o espa\u00e7o do Cowork que recebeu, tamb\u00e9m, alguns dos empreendedores que j\u00e1 se inscreveram no projeto ou manifestaram interesse em conhecer o local.<\/p>\n<p>O Cowork Bombarral disp\u00f5e de 16 mesas de trabalho, sendo que a utiliza\u00e7\u00e3o do espa\u00e7o pode ser estabelecida em termos di\u00e1rios, semanais ou mensais. A par disso, contar\u00e1, tamb\u00e9m, com sala de reuni\u00f5es, kitchenette com frigor\u00edfico, m\u00e1quina de caf\u00e9 e micro-ondas, espa\u00e7o de conv\u00edvio exterior e Internet.<\/p>\n<div id=\"attachment_33448\" style=\"width: 510px\" class=\"wp-caption alignleft\"><img loading=\"lazy\" decoding=\"async\" aria-describedby=\"caption-attachment-33448\" class=\"wp-image-33448 size-full\" src=\"https:\/\/tintafresca.net\/wp-content\/uploads\/2024\/02\/Bombarral_Cowork20.jpg\" alt=\"\" width=\"500\" height=\"333\" srcset=\"https:\/\/tintafresca.net\/wp-content\/uploads\/2024\/02\/Bombarral_Cowork20.jpg 500w, https:\/\/tintafresca.net\/wp-content\/uploads\/2024\/02\/Bombarral_Cowork20-300x200.jpg 300w\" sizes=\"auto, (max-width: 500px) 100vw, 500px\" \/><p id=\"caption-attachment-33448\" class=\"wp-caption-text\">Ricardo Fernandes visitou o espa\u00e7o Cowork Bombarral<\/p><\/div>\n<p>O projeto Cowork Bombarral resulta da proposta vencedora apresentada na 2.\u00aa edi\u00e7\u00e3o do Or\u00e7amento Participativo do Bombarral, apresentada por Liliana N\u00f3brega e Nuno Cl\u00edmaco.<\/p>\n<p>As inscri\u00e7\u00f5es est\u00e3o abertas e podem ser feitas online, atrav\u00e9s do formul\u00e1rio dispon\u00edvel para o efeito no site do Munic\u00edpio. Os interessados poder\u00e3o agendar uma visita ao local atrav\u00e9s do e-mail <a href=\"mailto:coworkbombarral@cm-bombarral.pt\">coworkbombarral@cm-bombarral.pt<\/a>.<\/p>\n<p><strong>Fonte: GAPOM|CMB<\/strong><\/p>\n","protected":false},"excerpt":{"rendered":"<p>O Cowork Bombarral est\u00e1 desde quarta-feira, dia 31 de janeiro, de portas abertas para receber empreendedores que aqui queiram trabalhar e desenvolver o seu neg\u00f3cio. O presidente da C\u00e2mara Municipal, Ricardo Fernandes, bem como o vice-presidente, Nuno Vicente, e os vereadores F\u00e1tima Coelho e Bruno Santos, visitaram o espa\u00e7o do Cowork que recebeu, tamb\u00e9m, alguns [&hellip;]<\/p>\n","protected":false},"author":2,"featured_media":33449,"comment_status":"open","ping_status":"open","sticky":false,"template":"","format":"standard","meta":{"footnotes":""},"categories":[7],"tags":[],"class_list":["post-33445","post","type-post","status-publish","format-standard","has-post-thumbnail","hentry","category-economia"],"_links":{"self":[{"href":"https:\/\/tintafresca.net\/index.php\/wp-json\/wp\/v2\/posts\/33445","targetHints":{"allow":["GET"]}}],"collection":[{"href":"https:\/\/tintafresca.net\/index.php\/wp-json\/wp\/v2\/posts"}],"about":[{"href":"https:\/\/tintafresca.net\/index.php\/wp-json\/wp\/v2\/types\/post"}],"author":[{"embeddable":true,"href":"https:\/\/tintafresca.net\/index.php\/wp-json\/wp\/v2\/users\/2"}],"replies":[{"embeddable":true,"href":"https:\/\/tintafresca.net\/index.php\/wp-json\/wp\/v2\/comments?post=33445"}],"version-history":[{"count":2,"href":"https:\/\/tintafresca.net\/index.php\/wp-json\/wp\/v2\/posts\/33445\/revisions"}],"predecessor-version":[{"id":33450,"href":"https:\/\/tintafresca.net\/index.php\/wp-json\/wp\/v2\/posts\/33445\/revisions\/33450"}],"wp:featuredmedia":[{"embeddable":true,"href":"https:\/\/tintafresca.net\/index.php\/wp-json\/wp\/v2\/media\/33449"}],"wp:attachment":[{"href":"https:\/\/tintafresca.net\/index.php\/wp-json\/wp\/v2\/media?parent=33445"}],"wp:term":[{"taxonomy":"category","embeddable":true,"href":"https:\/\/tintafresca.net\/index.php\/wp-json\/wp\/v2\/categories?post=33445"},{"taxonomy":"post_tag","embeddable":true,"href":"https:\/\/tintafresca.net\/index.php\/wp-json\/wp\/v2\/tags?post=33445"}],"curies":[{"name":"wp","href":"https:\/\/api.w.org\/{rel}","templated":true}]}}