{"id":33473,"date":"2024-02-04T00:03:38","date_gmt":"2024-02-04T00:03:38","guid":{"rendered":"https:\/\/tintafresca.net\/?p=33473"},"modified":"2024-02-04T01:03:25","modified_gmt":"2024-02-04T01:03:25","slug":"candidatura-da-alianca-democratica-promove-no-cadaval-um-grande-jantar-sobre-a-agricultura","status":"publish","type":"post","link":"https:\/\/tintafresca.net\/index.php\/2024\/02\/04\/candidatura-da-alianca-democratica-promove-no-cadaval-um-grande-jantar-sobre-a-agricultura\/","title":{"rendered":"Candidatura da Alian\u00e7a Democr\u00e1tica promove no Cadaval um grande Jantar sobre a Agricultura."},"content":{"rendered":"<div id=\"attachment_33475\" style=\"width: 410px\" class=\"wp-caption alignleft\"><img loading=\"lazy\" decoding=\"async\" aria-describedby=\"caption-attachment-33475\" class=\"wp-image-33475 size-full\" src=\"https:\/\/tintafresca.net\/wp-content\/uploads\/2024\/02\/santarem_eduardo_Oliveira_e_Sousa10.jpg\" alt=\"\" width=\"400\" height=\"400\" srcset=\"https:\/\/tintafresca.net\/wp-content\/uploads\/2024\/02\/santarem_eduardo_Oliveira_e_Sousa10.jpg 400w, https:\/\/tintafresca.net\/wp-content\/uploads\/2024\/02\/santarem_eduardo_Oliveira_e_Sousa10-300x300.jpg 300w, https:\/\/tintafresca.net\/wp-content\/uploads\/2024\/02\/santarem_eduardo_Oliveira_e_Sousa10-150x150.jpg 150w\" sizes=\"auto, (max-width: 400px) 100vw, 400px\" \/><p id=\"caption-attachment-33475\" class=\"wp-caption-text\">Eduardo Oliveira e Sousa<\/p><\/div>\n<p>No dia 8 de fevereiro, no Cadaval, a Candidatura da Alian\u00e7a Democr\u00e1tica (AD) ir\u00e1 promover um grande Jantar sobre a Agricultura. Este evento contar\u00e1 com a presen\u00e7a de Marco Claudino e Hugo Oliveira, candidatos do Oeste pelos C\u00edrculos Eleitorais de Lisboa e de Leiria e tem como convidado especial Eduardo Oliveira e Sousa, cabe\u00e7a de lista em Santar\u00e9m.<\/p>\n<p>Eduardo Oliveira e Sousa, um dos v\u00e1rios independentes de prest\u00edgio que aceitou o convite de Lu\u00eds Montenegro para figurar nas listas de AD, \u00e9 uma figura maior da Agricultura Portuguesa e antigo presidente da Confedera\u00e7\u00e3o dos Agricultores de Portugal (CAP).<\/p>\n<p>O Jantar, que tem vagas limitadas, constituir\u00e1 uma oportunidade para v\u00e1rios agentes e representantes do setor tomarem conhecimento, de forma mais pr\u00f3xima, do pensamento da candidatura que se prop\u00f5e mudar e transformar Portugal e em especial a agricultura nacional, que, segundo a AD, &#8220;tem sido votada ao desprezo pelo atual governo socialista.&#8221;<\/p>\n","protected":false},"excerpt":{"rendered":"<p>No dia 8 de fevereiro, no Cadaval, a Candidatura da Alian\u00e7a Democr\u00e1tica (AD) ir\u00e1 promover um grande Jantar sobre a Agricultura. Este evento contar\u00e1 com a presen\u00e7a de Marco Claudino e Hugo Oliveira, candidatos do Oeste pelos C\u00edrculos Eleitorais de Lisboa e de Leiria e tem como convidado especial Eduardo Oliveira e Sousa, cabe\u00e7a de [&hellip;]<\/p>\n","protected":false},"author":2,"featured_media":33476,"comment_status":"open","ping_status":"open","sticky":false,"template":"","format":"standard","meta":{"footnotes":""},"categories":[7],"tags":[],"class_list":["post-33473","post","type-post","status-publish","format-standard","has-post-thumbnail","hentry","category-economia"],"_links":{"self":[{"href":"https:\/\/tintafresca.net\/index.php\/wp-json\/wp\/v2\/posts\/33473","targetHints":{"allow":["GET"]}}],"collection":[{"href":"https:\/\/tintafresca.net\/index.php\/wp-json\/wp\/v2\/posts"}],"about":[{"href":"https:\/\/tintafresca.net\/index.php\/wp-json\/wp\/v2\/types\/post"}],"author":[{"embeddable":true,"href":"https:\/\/tintafresca.net\/index.php\/wp-json\/wp\/v2\/users\/2"}],"replies":[{"embeddable":true,"href":"https:\/\/tintafresca.net\/index.php\/wp-json\/wp\/v2\/comments?post=33473"}],"version-history":[{"count":4,"href":"https:\/\/tintafresca.net\/index.php\/wp-json\/wp\/v2\/posts\/33473\/revisions"}],"predecessor-version":[{"id":33479,"href":"https:\/\/tintafresca.net\/index.php\/wp-json\/wp\/v2\/posts\/33473\/revisions\/33479"}],"wp:featuredmedia":[{"embeddable":true,"href":"https:\/\/tintafresca.net\/index.php\/wp-json\/wp\/v2\/media\/33476"}],"wp:attachment":[{"href":"https:\/\/tintafresca.net\/index.php\/wp-json\/wp\/v2\/media?parent=33473"}],"wp:term":[{"taxonomy":"category","embeddable":true,"href":"https:\/\/tintafresca.net\/index.php\/wp-json\/wp\/v2\/categories?post=33473"},{"taxonomy":"post_tag","embeddable":true,"href":"https:\/\/tintafresca.net\/index.php\/wp-json\/wp\/v2\/tags?post=33473"}],"curies":[{"name":"wp","href":"https:\/\/api.w.org\/{rel}","templated":true}]}}