{"id":33516,"date":"2024-02-06T12:55:01","date_gmt":"2024-02-06T12:55:01","guid":{"rendered":"https:\/\/tintafresca.net\/?p=33516"},"modified":"2024-02-07T15:47:14","modified_gmt":"2024-02-07T15:47:14","slug":"unidade-local-de-saude-do-medio-tejo-prepara-internalizacao-dos-servicos-de-analises-clinicas","status":"publish","type":"post","link":"https:\/\/tintafresca.net\/index.php\/2024\/02\/06\/unidade-local-de-saude-do-medio-tejo-prepara-internalizacao-dos-servicos-de-analises-clinicas\/","title":{"rendered":"Unidade Local de Sa\u00fade do M\u00e9dio Tejo prepara internaliza\u00e7\u00e3o dos servi\u00e7os de an\u00e1lises cl\u00ednicas"},"content":{"rendered":"<div id=\"attachment_20203\" style=\"width: 360px\" class=\"wp-caption alignleft\"><img loading=\"lazy\" decoding=\"async\" aria-describedby=\"caption-attachment-20203\" class=\"wp-image-20203 size-full\" src=\"https:\/\/tintafresca.net\/wp-content\/uploads\/2022\/09\/Abrantes_Hospital.jpg\" alt=\"\" width=\"350\" height=\"248\" srcset=\"https:\/\/tintafresca.net\/wp-content\/uploads\/2022\/09\/Abrantes_Hospital.jpg 350w, https:\/\/tintafresca.net\/wp-content\/uploads\/2022\/09\/Abrantes_Hospital-300x213.jpg 300w\" sizes=\"auto, (max-width: 350px) 100vw, 350px\" \/><p id=\"caption-attachment-20203\" class=\"wp-caption-text\">Hospital de Abrantes<\/p><\/div>\n<p>Ao tomar conhecimento que a Unidade Local de Sa\u00fade do M\u00e9dio Tejo se prepara para internalizar grande parte dos servi\u00e7os de an\u00e1lises cl\u00ednicas, estando j\u00e1 em curso a instala\u00e7\u00e3o de postos de recolha nas unidades de cuidados de sa\u00fade prim\u00e1rios, a Associa\u00e7\u00e3o Nacional de Laborat\u00f3rios Cl\u00ednicos (ANL) manifesta a sua oposi\u00e7\u00e3o a este processo e ao atual modelo de financiamento das Unidades Locais de Sa\u00fade (ULS).<\/p>\n<p>Segundo a ANL, \u201cnum setor em que mais de 96% dos pontos de acesso s\u00e3o pontos n\u00e3o p\u00fablicos, obrigar os utentes a s\u00f3 poderem realizar as suas an\u00e1lises cl\u00ednicas nos locais da ULS constitui um retrocesso grave na seguran\u00e7a e qualidade dos atos, na liberdade de escolha dos utentes, e na concorr\u00eancia. Os laborat\u00f3rios e os postos de colheitas das ULS n\u00e3o se encontram licenciados, n\u00e3o cumprem regras de qualidade, e os utentes passam a ser impedidos de acederem, como at\u00e9 agora, \u00e0 rede existente e de proximidade de laborat\u00f3rios cl\u00ednicos com que sempre puderam contar.\u201d<\/p>\n<p>Nuno Marques, diretor-geral da ANL, refor\u00e7a que <em>\u201ctodos os utentes t\u00eam o direito de escolher o laborat\u00f3rio cl\u00ednico que melhor atenda \u00e0s suas necessidades e que garanta uma abordagem personalizada e eficaz. Para encontrar um modelo de organiza\u00e7\u00e3o justo e equilibrado \u00e9 fundamental a exist\u00eancia de um di\u00e1logo aberto e a coopera\u00e7\u00e3o entre todas as partes interessadas para que, em conjunto, se encontrem solu\u00e7\u00f5es que assegurem a sustentabilidade dos laborat\u00f3rios cl\u00ednicos e, acima de tudo, protejam os direitos dos utentes\u201d<\/em>.<\/p>\n<p>No que diz respeito \u00e0s poupan\u00e7as defendidas pelo Servi\u00e7o Nacional de Sa\u00fade (SNS) em rela\u00e7\u00e3o \u00e0 internaliza\u00e7\u00e3o, a ANL cita o estudo \u2018Quantifica\u00e7\u00e3o de custos de realiza\u00e7\u00e3o de an\u00e1lises cl\u00ednicas\u2019 realizado pela Roland Berger, em 2018 e a pedido da Administra\u00e7\u00e3o Central do Sistema de Sa\u00fade (ACSS), que demonstra que &#8220;h\u00e1 uma aus\u00eancia de racional econ\u00f3mico na tomada de decis\u00f5es de internaliza\u00e7\u00e3o das an\u00e1lises cl\u00ednicas. Os laborat\u00f3rios privados s\u00e3o, e sempre foram, mais eficientes e capazes de realizar as an\u00e1lises cl\u00ednicas de forma mais pr\u00f3xima, sem listas de espera, com mais qualidade, e a um custo inferior do que se realizadas internamente nos hospitais p\u00fablicos. Estes processos de internaliza\u00e7\u00e3o produzem preju\u00edzos graves para os utentes, e colocam em causa a sustentabilidade dos laborat\u00f3rios de an\u00e1lises cl\u00ednicas, que empregam mais de 15.000 Colaboradores.&#8221;<\/p>\n<p>A ANL continua comprometida em promover a excel\u00eancia nos servi\u00e7os laboratoriais e em defender os interesses dos utentes, contribuindo para um sistema de sa\u00fade mais eficiente e centrado no doente.<\/p>\n<p><strong>Sobre a Associa\u00e7\u00e3o Nacional dos Laborat\u00f3rios Cl\u00ednicos<\/strong><\/p>\n<p>A ANL (Associa\u00e7\u00e3o Nacional de Laborat\u00f3rios Cl\u00ednicos) foi fundada em 2005, com o objetivo de representar as entidades do setor privado que exercem atividades de an\u00e1lises cl\u00ednicas\/patologia cl\u00ednica e de investiga\u00e7\u00e3o biol\u00f3gica ou farmac\u00eautica. Faz parte da Federa\u00e7\u00e3o Nacional dos Prestadores de Cuidados de Sa\u00fade (FNS) e \u00e9 uma associa\u00e7\u00e3o de cariz empresarial, abrangendo entre os seus associados toda a tipologia de laborat\u00f3rios, desde as pequenas e m\u00e9dias empresas at\u00e9 \u00e0s maiores empresas que existem em Portugal.<\/p>\n<p>A ANL defende a estabilidade e o progresso do setor, bem como a competitividade, a manuten\u00e7\u00e3o dos postos de trabalho e a excel\u00eancia do servi\u00e7o que os laborat\u00f3rios privados prestam \u00e0s popula\u00e7\u00f5es. Para mais informa\u00e7\u00f5es, consulte: <a href=\"https:\/\/www.anlc.pt\/pt\/home\">https:\/\/www.anlc.pt\/pt\/home<\/a>.<\/p>\n<p><strong>\u00a0 \u00a0 Fonte: ANL<\/strong><\/p>\n","protected":false},"excerpt":{"rendered":"<p>Ao tomar conhecimento que a Unidade Local de Sa\u00fade do M\u00e9dio Tejo se prepara para internalizar grande parte dos servi\u00e7os de an\u00e1lises cl\u00ednicas, estando j\u00e1 em curso a instala\u00e7\u00e3o de postos de recolha nas unidades de cuidados de sa\u00fade prim\u00e1rios, a Associa\u00e7\u00e3o Nacional de Laborat\u00f3rios Cl\u00ednicos (ANL) manifesta a sua oposi\u00e7\u00e3o a este processo e [&hellip;]<\/p>\n","protected":false},"author":2,"featured_media":33518,"comment_status":"open","ping_status":"open","sticky":false,"template":"","format":"standard","meta":{"footnotes":""},"categories":[6],"tags":[],"class_list":["post-33516","post","type-post","status-publish","format-standard","has-post-thumbnail","hentry","category-saude"],"_links":{"self":[{"href":"https:\/\/tintafresca.net\/index.php\/wp-json\/wp\/v2\/posts\/33516","targetHints":{"allow":["GET"]}}],"collection":[{"href":"https:\/\/tintafresca.net\/index.php\/wp-json\/wp\/v2\/posts"}],"about":[{"href":"https:\/\/tintafresca.net\/index.php\/wp-json\/wp\/v2\/types\/post"}],"author":[{"embeddable":true,"href":"https:\/\/tintafresca.net\/index.php\/wp-json\/wp\/v2\/users\/2"}],"replies":[{"embeddable":true,"href":"https:\/\/tintafresca.net\/index.php\/wp-json\/wp\/v2\/comments?post=33516"}],"version-history":[{"count":6,"href":"https:\/\/tintafresca.net\/index.php\/wp-json\/wp\/v2\/posts\/33516\/revisions"}],"predecessor-version":[{"id":33542,"href":"https:\/\/tintafresca.net\/index.php\/wp-json\/wp\/v2\/posts\/33516\/revisions\/33542"}],"wp:featuredmedia":[{"embeddable":true,"href":"https:\/\/tintafresca.net\/index.php\/wp-json\/wp\/v2\/media\/33518"}],"wp:attachment":[{"href":"https:\/\/tintafresca.net\/index.php\/wp-json\/wp\/v2\/media?parent=33516"}],"wp:term":[{"taxonomy":"category","embeddable":true,"href":"https:\/\/tintafresca.net\/index.php\/wp-json\/wp\/v2\/categories?post=33516"},{"taxonomy":"post_tag","embeddable":true,"href":"https:\/\/tintafresca.net\/index.php\/wp-json\/wp\/v2\/tags?post=33516"}],"curies":[{"name":"wp","href":"https:\/\/api.w.org\/{rel}","templated":true}]}}