{"id":33534,"date":"2024-02-07T15:12:54","date_gmt":"2024-02-07T15:12:54","guid":{"rendered":"https:\/\/tintafresca.net\/?p=33534"},"modified":"2024-02-07T15:39:02","modified_gmt":"2024-02-07T15:39:02","slug":"municipio-de-leiria-apresenta-plano-de-drenagem-para-resolver-problemas-de-inundacoes-na-cidade","status":"publish","type":"post","link":"https:\/\/tintafresca.net\/index.php\/2024\/02\/07\/municipio-de-leiria-apresenta-plano-de-drenagem-para-resolver-problemas-de-inundacoes-na-cidade\/","title":{"rendered":"Munic\u00edpio de Leiria apresenta plano de drenagem para resolver problema de inunda\u00e7\u00f5es na cidade"},"content":{"rendered":"<div id=\"attachment_33537\" style=\"width: 510px\" class=\"wp-caption alignleft\"><img loading=\"lazy\" decoding=\"async\" aria-describedby=\"caption-attachment-33537\" class=\"wp-image-33537 size-full\" src=\"https:\/\/tintafresca.net\/wp-content\/uploads\/2024\/02\/Leiria_rio_Lis20.jpg\" alt=\"\" width=\"500\" height=\"375\" srcset=\"https:\/\/tintafresca.net\/wp-content\/uploads\/2024\/02\/Leiria_rio_Lis20.jpg 500w, https:\/\/tintafresca.net\/wp-content\/uploads\/2024\/02\/Leiria_rio_Lis20-300x225.jpg 300w\" sizes=\"auto, (max-width: 500px) 100vw, 500px\" \/><p id=\"caption-attachment-33537\" class=\"wp-caption-text\">Rio Lis<\/p><\/div>\n<p>O Munic\u00edpio de Leiria apresentou, esta ter\u00e7a-feira, dia 6 de fevereiro, em reuni\u00e3o de C\u00e2mara, o plano de reabilita\u00e7\u00e3o e beneficia\u00e7\u00e3o do sistema de drenagem pluvial da cidade, que prev\u00ea interven\u00e7\u00e3o em v\u00e1rias zonas em leito de cheia e pretende reduzir os epis\u00f3dios de inunda\u00e7\u00e3o em diversos pontos da malha urbana.<\/p>\n<p>A executar at\u00e9 2030, o documento define que s\u00e3o sete as \u00e1reas mais cr\u00edticas que necessitam de interven\u00e7\u00e3o a curto prazo: Rua da Restaura\u00e7\u00e3o e Rua Dr. Ant\u00f3nio Costa Soares, Rua de S\u00e3o Miguel e Rua Em\u00eddio Agostinho Marques, Urbaniza\u00e7\u00e3o de S\u00e3o Rom\u00e3o, Rua D. Jos\u00e9 Alves Correia da Silva e Rua dos Romeiros, Rotunda D. Dinis, Telheiro e centro hist\u00f3rico.<\/p>\n<p>No centro da cidade, est\u00e1 prevista a reabilita\u00e7\u00e3o do caneiro e a constru\u00e7\u00e3o de coletores em press\u00e3o e de uma esta\u00e7\u00e3o elevat\u00f3ria no Largo Papa Paulo VI, que ir\u00e3o conduzir e bombear a \u00e1gua diretamente para o Rio Lis, sempre que se registar um caudal demasiado elevado.<\/p>\n<p>Al\u00e9m disso, o plano prev\u00ea tamb\u00e9m a cria\u00e7\u00e3o de um dique de prote\u00e7\u00e3o, o desvio de caudais e o refor\u00e7o da rede de \u00e1guas pluviais na zona junto ao Est\u00e1dio Municipal Dr. Magalh\u00e3es Pessoa.<\/p>\n<p>Para al\u00e9m deste planeamento, est\u00e3o tamb\u00e9m definidas as boas pr\u00e1ticas no desenvolvimento do espa\u00e7o p\u00fablico, nomeadamente o controlo dos caudais na origem, cujo retorno \u00e9 de longo prazo.<\/p>\n<p>\u00c9 disto exemplo a cria\u00e7\u00e3o de bacias de reten\u00e7\u00e3o (depress\u00f5es no solo para reten\u00e7\u00e3o da \u00e1gua), a coloca\u00e7\u00e3o de pavimento perme\u00e1veis, o aproveitamento das \u00e1guas pluviais nos edif\u00edcios (constru\u00e7\u00e3o sustent\u00e1vel), a instala\u00e7\u00e3o de coberturas e fachadas ajardinadas e a cria\u00e7\u00e3o de po\u00e7os e trincheiras que ret\u00eam a \u00e1gua antes de entrar no sistema de drenagem.<\/p>\n<p>Uma das outras medidas \u00e9 a cria\u00e7\u00e3o de um sistema de monitoriza\u00e7\u00e3o da precipita\u00e7\u00e3o, um projeto piloto que ir\u00e1 instalar dispositivos e medidores de caudal no caneiro, que atravessa o centro hist\u00f3rico.<\/p>\n<p>Esta estrat\u00e9gia do Munic\u00edpio vem na sequ\u00eancia dos problemas de inunda\u00e7\u00e3o registados nas \u00faltimas d\u00e9cadas, que resultam da falta de escoamento das \u00e1guas pluviais, devido principalmente \u00e0 limita\u00e7\u00e3o dos coletores, \u00e0 escassez de energia grav\u00edtica, \u00e0 falta de prote\u00e7\u00e3o eficaz, ao assoreamento e obstru\u00e7\u00e3o de coletores, com constru\u00e7\u00e3o sob edif\u00edcios, e \u00e0 n\u00e3o separa\u00e7\u00e3o do sistema de drenagem das \u00e1guas residuais dom\u00e9sticas.<\/p>\n<p>A previs\u00e3o atual de investimento neste conjunto de interven\u00e7\u00f5es \u00e9 de 8.284.604 euros.<\/p>\n<p><strong>\u00a0 \u00a0 \u00a0Fonte: DCRP|CML<\/strong><\/p>\n","protected":false},"excerpt":{"rendered":"<p>O Munic\u00edpio de Leiria apresentou, esta ter\u00e7a-feira, dia 6 de fevereiro, em reuni\u00e3o de C\u00e2mara, o plano de reabilita\u00e7\u00e3o e beneficia\u00e7\u00e3o do sistema de drenagem pluvial da cidade, que prev\u00ea interven\u00e7\u00e3o em v\u00e1rias zonas em leito de cheia e pretende reduzir os epis\u00f3dios de inunda\u00e7\u00e3o em diversos pontos da malha urbana. A executar at\u00e9 2030, [&hellip;]<\/p>\n","protected":false},"author":2,"featured_media":33538,"comment_status":"open","ping_status":"open","sticky":false,"template":"","format":"standard","meta":{"footnotes":""},"categories":[9],"tags":[],"class_list":["post-33534","post","type-post","status-publish","format-standard","has-post-thumbnail","hentry","category-ambiente"],"_links":{"self":[{"href":"https:\/\/tintafresca.net\/index.php\/wp-json\/wp\/v2\/posts\/33534","targetHints":{"allow":["GET"]}}],"collection":[{"href":"https:\/\/tintafresca.net\/index.php\/wp-json\/wp\/v2\/posts"}],"about":[{"href":"https:\/\/tintafresca.net\/index.php\/wp-json\/wp\/v2\/types\/post"}],"author":[{"embeddable":true,"href":"https:\/\/tintafresca.net\/index.php\/wp-json\/wp\/v2\/users\/2"}],"replies":[{"embeddable":true,"href":"https:\/\/tintafresca.net\/index.php\/wp-json\/wp\/v2\/comments?post=33534"}],"version-history":[{"count":4,"href":"https:\/\/tintafresca.net\/index.php\/wp-json\/wp\/v2\/posts\/33534\/revisions"}],"predecessor-version":[{"id":33540,"href":"https:\/\/tintafresca.net\/index.php\/wp-json\/wp\/v2\/posts\/33534\/revisions\/33540"}],"wp:featuredmedia":[{"embeddable":true,"href":"https:\/\/tintafresca.net\/index.php\/wp-json\/wp\/v2\/media\/33538"}],"wp:attachment":[{"href":"https:\/\/tintafresca.net\/index.php\/wp-json\/wp\/v2\/media?parent=33534"}],"wp:term":[{"taxonomy":"category","embeddable":true,"href":"https:\/\/tintafresca.net\/index.php\/wp-json\/wp\/v2\/categories?post=33534"},{"taxonomy":"post_tag","embeddable":true,"href":"https:\/\/tintafresca.net\/index.php\/wp-json\/wp\/v2\/tags?post=33534"}],"curies":[{"name":"wp","href":"https:\/\/api.w.org\/{rel}","templated":true}]}}