{"id":33629,"date":"2024-02-12T19:13:42","date_gmt":"2024-02-12T19:13:42","guid":{"rendered":"https:\/\/tintafresca.net\/?p=33629"},"modified":"2024-02-13T14:44:22","modified_gmt":"2024-02-13T14:44:22","slug":"versatil-feira-do-livro-de-leiria-2024-celebra-a-liberdade-e-os-500-anos-do-nascimento-de-camoes","status":"publish","type":"post","link":"https:\/\/tintafresca.net\/index.php\/2024\/02\/12\/versatil-feira-do-livro-de-leiria-2024-celebra-a-liberdade-e-os-500-anos-do-nascimento-de-camoes\/","title":{"rendered":"&#8220;Vers\u00e1til&#8221; \u2013 Feira do Livro de Leiria 2024 celebra a Liberdade e 500 anos do nascimento de Cam\u00f5es"},"content":{"rendered":"<div id=\"attachment_7408\" style=\"width: 360px\" class=\"wp-caption alignleft\"><img loading=\"lazy\" decoding=\"async\" aria-describedby=\"caption-attachment-7408\" class=\"wp-image-7408 size-full\" src=\"https:\/\/tintafresca.net\/wp-content\/uploads\/2021\/08\/Constancia_Camoes10.jpg\" alt=\"\" width=\"350\" height=\"622\" \/><p id=\"caption-attachment-7408\" class=\"wp-caption-text\">Est\u00e1tua de Cam\u00f5es em Const\u00e2ncia<\/p><\/div>\n<p>Leiria prepara-se para a primeira edi\u00e7\u00e3o da &#8220;Vers\u00e1til&#8221; &#8211; Feira do Livro de Leiria, um momento anual dedicado \u00e0 literatura e aos livros no seu di\u00e1logo com outras linguagens art\u00edsticas, de 1 a 10 de junho, no Jardim Lu\u00eds de Cam\u00f5es. A cada edi\u00e7\u00e3o de &#8220;Vers\u00e1til&#8221;, um mote ir\u00e1 marcar estes dias. Em 2024, a programa\u00e7\u00e3o tem como tema: &#8220;E Depois da Liberdade&#8221;. Nesta edi\u00e7\u00e3o, ser\u00e1 celebrado n\u00e3o apenas o legado de Abril, mas tamb\u00e9m os 500 anos do nascimento de Lu\u00eds de Cam\u00f5es.<\/p>\n<p>Com uma programa\u00e7\u00e3o diversificada, &#8220;Vers\u00e1til&#8221; explora o di\u00e1logo que a literatura estabelece com as outras artes, promovendo palestras, debates, exposi\u00e7\u00f5es, concertos, cinema, performances art\u00edsticas e lan\u00e7amentos de livros a acontecer em diversos locais do centro da cidade, num per\u00edmetro que pretende promover os encontros.<\/p>\n<p>A edi\u00e7\u00e3o deste ano conta com a presen\u00e7a de 9 livrarias de Leiria e tem a curadoria de Isabel Lucas e Nuno Artur Silva.<\/p>\n<p>&#8220;Vers\u00e1til&#8221; procura destacar como a literatura influencia e \u00e9 influenciada por outras express\u00f5es art\u00edsticas, como a m\u00fasica, o cinema, as artes pl\u00e1sticas e o teatro. A escolha do tema &#8220;E Depois da Liberdade&#8221; pretende refletir sobre os avan\u00e7os alcan\u00e7ados ap\u00f3s o 25 de Abril, bem como os desafios atuais e futuros na defesa da liberdade, da igualdade e dos direitos humanos.<\/p>\n<p>Lu\u00eds de Cam\u00f5es, autor de &#8220;Os Lus\u00edadas&#8221; e figura nuclear da literatura portuguesa, ser\u00e1 homenageado durante o evento, por ocasi\u00e3o do seu quinto centen\u00e1rio, lembrando n\u00e3o apenas a sua contribui\u00e7\u00e3o para a literatura, mas tamb\u00e9m o seu papel na constru\u00e7\u00e3o de uma identidade cultura\/liter\u00e1ria de Portugal.<\/p>\n<p>Leiria celebrar\u00e1 ainda o centen\u00e1rio de Alexandre O&#8217;Neill, Ant\u00f3nio Ramos Rosa, Sebasti\u00e3o da Gama, Sam e M\u00e1rio Soares.<\/p>\n<p>&#8220;Vers\u00e1til&#8221; os dias dos livros em Leiria, promete ser uma oportunidade \u00fanica para os amantes da literatura e das artes em geral se reunirem, celebrarem a diversidade cultural e refletirem sobre o poder transformador das palavras e das ideias, al\u00e9m de refor\u00e7ar o compromisso de Leiria em promover a cultura e o acesso \u00e0 literatura como instrumentos fundamentais para o desenvolvimento humano e social.<\/p>\n<p><strong>\u00a0 \u00a0Fonte: DCRP|CML<\/strong><\/p>\n","protected":false},"excerpt":{"rendered":"<p>Leiria prepara-se para a primeira edi\u00e7\u00e3o da &#8220;Vers\u00e1til&#8221; &#8211; Feira do Livro de Leiria, um momento anual dedicado \u00e0 literatura e aos livros no seu di\u00e1logo com outras linguagens art\u00edsticas, de 1 a 10 de junho, no Jardim Lu\u00eds de Cam\u00f5es. A cada edi\u00e7\u00e3o de &#8220;Vers\u00e1til&#8221;, um mote ir\u00e1 marcar estes dias. Em 2024, a [&hellip;]<\/p>\n","protected":false},"author":2,"featured_media":33631,"comment_status":"open","ping_status":"open","sticky":false,"template":"","format":"standard","meta":{"footnotes":""},"categories":[5],"tags":[],"class_list":["post-33629","post","type-post","status-publish","format-standard","has-post-thumbnail","hentry","category-artes"],"_links":{"self":[{"href":"https:\/\/tintafresca.net\/index.php\/wp-json\/wp\/v2\/posts\/33629","targetHints":{"allow":["GET"]}}],"collection":[{"href":"https:\/\/tintafresca.net\/index.php\/wp-json\/wp\/v2\/posts"}],"about":[{"href":"https:\/\/tintafresca.net\/index.php\/wp-json\/wp\/v2\/types\/post"}],"author":[{"embeddable":true,"href":"https:\/\/tintafresca.net\/index.php\/wp-json\/wp\/v2\/users\/2"}],"replies":[{"embeddable":true,"href":"https:\/\/tintafresca.net\/index.php\/wp-json\/wp\/v2\/comments?post=33629"}],"version-history":[{"count":7,"href":"https:\/\/tintafresca.net\/index.php\/wp-json\/wp\/v2\/posts\/33629\/revisions"}],"predecessor-version":[{"id":33664,"href":"https:\/\/tintafresca.net\/index.php\/wp-json\/wp\/v2\/posts\/33629\/revisions\/33664"}],"wp:featuredmedia":[{"embeddable":true,"href":"https:\/\/tintafresca.net\/index.php\/wp-json\/wp\/v2\/media\/33631"}],"wp:attachment":[{"href":"https:\/\/tintafresca.net\/index.php\/wp-json\/wp\/v2\/media?parent=33629"}],"wp:term":[{"taxonomy":"category","embeddable":true,"href":"https:\/\/tintafresca.net\/index.php\/wp-json\/wp\/v2\/categories?post=33629"},{"taxonomy":"post_tag","embeddable":true,"href":"https:\/\/tintafresca.net\/index.php\/wp-json\/wp\/v2\/tags?post=33629"}],"curies":[{"name":"wp","href":"https:\/\/api.w.org\/{rel}","templated":true}]}}