{"id":33696,"date":"2024-02-15T11:47:26","date_gmt":"2024-02-15T11:47:26","guid":{"rendered":"https:\/\/tintafresca.net\/?p=33696"},"modified":"2024-02-15T12:02:31","modified_gmt":"2024-02-15T12:02:31","slug":"be-defende-obras-para-evitar-fugas-na-rede-e-reutilizacao-da-agua-tratada-e-critica-transvases-e-barragens","status":"publish","type":"post","link":"https:\/\/tintafresca.net\/index.php\/2024\/02\/15\/be-defende-obras-para-evitar-fugas-na-rede-e-reutilizacao-da-agua-tratada-e-critica-transvases-e-barragens\/","title":{"rendered":"BE defende obras para evitar fugas na rede e reutiliza\u00e7\u00e3o da \u00e1gua tratada e critica transvases e barragens"},"content":{"rendered":"<div id=\"attachment_23073\" style=\"width: 510px\" class=\"wp-caption alignleft\"><img loading=\"lazy\" decoding=\"async\" aria-describedby=\"caption-attachment-23073\" class=\"wp-image-23073 size-full\" src=\"https:\/\/tintafresca.net\/wp-content\/uploads\/2022\/12\/Barragem_Castelo-do-Bode10.jpg\" alt=\"\" width=\"500\" height=\"375\" srcset=\"https:\/\/tintafresca.net\/wp-content\/uploads\/2022\/12\/Barragem_Castelo-do-Bode10.jpg 500w, https:\/\/tintafresca.net\/wp-content\/uploads\/2022\/12\/Barragem_Castelo-do-Bode10-300x225.jpg 300w\" sizes=\"auto, (max-width: 500px) 100vw, 500px\" \/><p id=\"caption-attachment-23073\" class=\"wp-caption-text\">Barragem de Castelo do Bode<\/p><\/div>\n<p>A candidatura do Bloco de Esquerda pelo distrito de Santar\u00e9m reuniu com a empresa p\u00fablica \u00c1guas do Ribatejo, em Salvaterra de Magos, no dia 12 de fevereiro. O candidato \u00e0 Assembleia da Rep\u00fablica, Bruno G\u00f3is, aproveitou a iniciativa para relevar o impacto que a falta de \u00e1gua tem em todo o Ribatejo e que este problema tem tend\u00eancia a agravar-se, \u00e0 medida que a emerg\u00eancia clim\u00e1tica avan\u00e7a. G\u00f3is defendeu que &#8220;\u00e9 preciso investir mais nas redes de abastecimento, para reduzir as perdas de \u00e1gua elevadas que se registam em todo o distrito de Santar\u00e9m&#8221; e que &#8220;a \u00e1gua tratada, geralmente, n\u00e3o \u00e9 reaproveitada para regas e limpezas, por exemplo&#8221;, o que, a seu ver &#8220;constitui uma falha grave no que concerne \u00e0 prote\u00e7\u00e3o do ambiente e p\u00f5e em risco as pessoas e economia ribatejanas&#8221;.<\/p>\n<p>Bruno G\u00f3is, foi recebido pelo presidente do conselho de administra\u00e7\u00e3o e pelo diretor-geral da empresa, tendo-se feito acompanhar pelos tamb\u00e9m candidatos bloquistas Lu\u00eds Gomes, Diogo Gomes e Jo\u00e3o Pedro Monteiro.<\/p>\n<p><strong>BE garante que transvases e barragens n\u00e3o resolvem a falta de \u00e1gua<\/strong><\/p>\n<p>Na quest\u00e3o h\u00eddrica, o Bloco de Esquerda deixou claro que &#8220;obras megal\u00f3manas, como transvases ou mais barragens, n\u00e3o resolvem o problema da falta de \u00e1gua&#8221;, al\u00e9m de serem &#8220;ideias dispendiosas e irrealistas, que atacam a preserva\u00e7\u00e3o da natureza e da biodiversidade e que n\u00e3o oferecem perspetivas de desenvolvimento econ\u00f3mico para o Ribatejo&#8221;.<\/p>\n<p>O candidato \u00e0 Assembleia da Rep\u00fablica pelo Bloco, Bruno G\u00f3is, reconheceu que as empresas respons\u00e1veis pelo abastecimento de \u00e1gua &#8220;t\u00eam, ainda, um caminho a percorrer para reduzir as perdas de \u00e1gua e a implementar mecanismo de reaproveitamento das \u00e1guas tratas&#8221; e saudou os &#8220;esfor\u00e7os desenvolvidos nos \u00faltimos anos para mitigar o problema&#8221;.<\/p>\n<p>No entanto, o candidato pelo distrito de Santar\u00e9m reclamou a centralidade da quest\u00e3o h\u00eddrica para o Ribatejo e para o pa\u00eds e assumiu que defender\u00e1, no Parlamento portugu\u00eas, medidas como &#8220;a revis\u00e3o do Plano Nacional da \u00c1gua e os consequentes investimentos na regi\u00e3o, sejam para reduzir perdas de \u00e1gua, sejam para aumentar a reutiliza\u00e7\u00e3o das \u00e1guas tratadas&#8221;, &#8220;a revis\u00e3o da Conven\u00e7\u00e3o de Albufeira, para permitir a manuten\u00e7\u00e3o de caudais ecol\u00f3gicos no Rio Tejo&#8221;, &#8220;a moderniza\u00e7\u00e3o das ETAR de Alcanena e Sei\u00e7a&#8221; e a &#8220;instaura\u00e7\u00e3o de apoios a pequenos e m\u00e9dios agricultores para que adotem tecnologias de rega mais eficientes&#8221;.<\/p>\n<p><strong>\u00a0 \u00a0 \u00a0Fonte: CD|BE|Santar\u00e9m<\/strong><\/p>\n","protected":false},"excerpt":{"rendered":"<p>A candidatura do Bloco de Esquerda pelo distrito de Santar\u00e9m reuniu com a empresa p\u00fablica \u00c1guas do Ribatejo, em Salvaterra de Magos, no dia 12 de fevereiro. O candidato \u00e0 Assembleia da Rep\u00fablica, Bruno G\u00f3is, aproveitou a iniciativa para relevar o impacto que a falta de \u00e1gua tem em todo o Ribatejo e que este [&hellip;]<\/p>\n","protected":false},"author":2,"featured_media":8758,"comment_status":"open","ping_status":"open","sticky":false,"template":"","format":"standard","meta":{"footnotes":""},"categories":[9],"tags":[],"class_list":["post-33696","post","type-post","status-publish","format-standard","has-post-thumbnail","hentry","category-ambiente"],"_links":{"self":[{"href":"https:\/\/tintafresca.net\/index.php\/wp-json\/wp\/v2\/posts\/33696","targetHints":{"allow":["GET"]}}],"collection":[{"href":"https:\/\/tintafresca.net\/index.php\/wp-json\/wp\/v2\/posts"}],"about":[{"href":"https:\/\/tintafresca.net\/index.php\/wp-json\/wp\/v2\/types\/post"}],"author":[{"embeddable":true,"href":"https:\/\/tintafresca.net\/index.php\/wp-json\/wp\/v2\/users\/2"}],"replies":[{"embeddable":true,"href":"https:\/\/tintafresca.net\/index.php\/wp-json\/wp\/v2\/comments?post=33696"}],"version-history":[{"count":3,"href":"https:\/\/tintafresca.net\/index.php\/wp-json\/wp\/v2\/posts\/33696\/revisions"}],"predecessor-version":[{"id":33700,"href":"https:\/\/tintafresca.net\/index.php\/wp-json\/wp\/v2\/posts\/33696\/revisions\/33700"}],"wp:featuredmedia":[{"embeddable":true,"href":"https:\/\/tintafresca.net\/index.php\/wp-json\/wp\/v2\/media\/8758"}],"wp:attachment":[{"href":"https:\/\/tintafresca.net\/index.php\/wp-json\/wp\/v2\/media?parent=33696"}],"wp:term":[{"taxonomy":"category","embeddable":true,"href":"https:\/\/tintafresca.net\/index.php\/wp-json\/wp\/v2\/categories?post=33696"},{"taxonomy":"post_tag","embeddable":true,"href":"https:\/\/tintafresca.net\/index.php\/wp-json\/wp\/v2\/tags?post=33696"}],"curies":[{"name":"wp","href":"https:\/\/api.w.org\/{rel}","templated":true}]}}