{"id":33739,"date":"2024-02-18T11:57:55","date_gmt":"2024-02-18T11:57:55","guid":{"rendered":"https:\/\/tintafresca.net\/?p=33739"},"modified":"2024-02-19T11:51:58","modified_gmt":"2024-02-19T11:51:58","slug":"expo-lourinha-esta-de-volta-de-24-a-28-de-abril","status":"publish","type":"post","link":"https:\/\/tintafresca.net\/index.php\/2024\/02\/18\/expo-lourinha-esta-de-volta-de-24-a-28-de-abril\/","title":{"rendered":"Expo Lourinh\u00e3 est\u00e1 de volta de 24 a 28 de abril"},"content":{"rendered":"<div id=\"attachment_33741\" style=\"width: 510px\" class=\"wp-caption alignleft\"><img loading=\"lazy\" decoding=\"async\" aria-describedby=\"caption-attachment-33741\" class=\"wp-image-33741 size-full\" src=\"https:\/\/tintafresca.net\/wp-content\/uploads\/2024\/02\/expo_lourinha_2024_10.jpg\" alt=\"\" width=\"500\" height=\"407\" srcset=\"https:\/\/tintafresca.net\/wp-content\/uploads\/2024\/02\/expo_lourinha_2024_10.jpg 500w, https:\/\/tintafresca.net\/wp-content\/uploads\/2024\/02\/expo_lourinha_2024_10-300x244.jpg 300w\" sizes=\"auto, (max-width: 500px) 100vw, 500px\" \/><p id=\"caption-attachment-33741\" class=\"wp-caption-text\">Cartaz<\/p><\/div>\n<p>A ADL \u2013 Associa\u00e7\u00e3o de Desenvolvimento Local da Lourinh\u00e3 e o Munic\u00edpio da Lourinh\u00e3 apresentaram, no dia 15 de fevereiro, em confer\u00eancia de imprensa, a 8\u00aa edi\u00e7\u00e3o da Expo Lourinh\u00e3, que ir\u00e1 decorrer de 24 a 28 de abril deste ano.<\/p>\n<p>A iniciativa procura promover a economia local e segundo Jos\u00e9 Tom\u00e9, vice-presidente do Munic\u00edpio, \u201c<em>dar\u00e1 foco \u00e0s empresas, produtos e servi\u00e7os numa estreita articula\u00e7\u00e3o <\/em><em>com as atividades culturais, artesanato e lazer. Assegurada est\u00e1 tamb\u00e9m a participa\u00e7\u00e3o das nossas vilas geminadas e face \u00e0 data de realiza\u00e7\u00e3o do evento, iremos programar algumas a\u00e7\u00f5es culturais para celebrar abril\u201d. <\/em><\/p>\n<p>Para In\u00eas Feij\u00e3o, presidente da ADL \u201c<em>a Expo Lourinh\u00e3 \u00e9 de extrema import\u00e2ncia porque se por um lado \u00e9 uma montra das atividades empresariais do concelho, por outro, \u00e9 uma oportunidade premium das empresas participantes alargarem os seus clientes de uma forma quantitativa e qualitativa. Para a ADL \u00e9 muito prestigiante estarmos ligados aos empres\u00e1rios do concelho e participarmos no seu desenvolvimento e evolu\u00e7\u00e3o, que \u00e9 um dos objetivos da ADL e uma das raz\u00f5es da sua exist\u00eancia com o seu trabalho volunt\u00e1rio no desenvolvimento generalista do concelho que tem um potencial gigantesco\u201d.<\/em><\/p>\n<p>Face ao n\u00famero de visitantes da edi\u00e7\u00e3o de 2023, mais de 50.000 mil, procedeu-se a uma an\u00e1lise cuidada \u00e0 globalidade do evento, com o objetivo de promover melhorias nesta 8\u00aa edi\u00e7\u00e3o.<\/p>\n<p>Pretende-se otimizar o recinto, melhorar a harmonia e organiza\u00e7\u00e3o dos espa\u00e7os utilizados, aumentando tamb\u00e9m a tenda de gastronomia, criando uma tenda e palco para anima\u00e7\u00e3o, de forma a acolher as v\u00e1rias atua\u00e7\u00f5es durante o certame, aumentar o espa\u00e7o de divers\u00f5es, relocalizar a zona de Artesanato e melhorar as condi\u00e7\u00f5es sanit\u00e1rias.<\/p>\n<p>O programa de anima\u00e7\u00e3o ser\u00e1 diversificado e privilegiar\u00e1 a divulga\u00e7\u00e3o das forma\u00e7\u00f5es e artistas locais. No palco principal, destacam-se as atua\u00e7\u00f5es de bandas filarm\u00f3nicas, ranchos e grupos tradicionais. O programa de anima\u00e7\u00e3o contempla ainda a realiza\u00e7\u00e3o de diversos <em>workshops<\/em>, atividades, demonstra\u00e7\u00f5es e degusta\u00e7\u00e3o de produtos regionais. No palco inserido na zona da restaura\u00e7\u00e3o, haver\u00e1 anima\u00e7\u00e3o com bandas e talentos Lourinhanenses at\u00e9 \u00e0s 01h30 e na tenda de entretenimento nocturno, DJs das 23h at\u00e9 \u00e0s 04h.<\/p>\n<p>As inscri\u00e7\u00f5es para os v\u00e1rios espa\u00e7os ser\u00e3o abertas no pr\u00f3ximo dia 21 de fevereiro, devendo os interessados entrar em contacto com a ADL \u2013 Associa\u00e7\u00e3o de Desenvolvimento Local da Lourinh\u00e3, atrav\u00e9s do e-mail <a href=\"mailto:expolourinha@adlourinha.pt\">expolourinha@adlourinha.pt<\/a>.<\/p>\n<p>Informa\u00e7\u00f5es mais detalhadas sobre o evento podem ser consultadas em <a href=\"http:\/\/www.adlourinha.pt\/expolourinha\">adlourinha.pt\/expolourinha<\/a> e nas redes sociais da ADL e Munic\u00edpio da Lourinh\u00e3.<\/p>\n<p><strong>\u00a0 \u00a0 Fonte: AM|GCI|CML<\/strong><\/p>\n","protected":false},"excerpt":{"rendered":"<p>A ADL \u2013 Associa\u00e7\u00e3o de Desenvolvimento Local da Lourinh\u00e3 e o Munic\u00edpio da Lourinh\u00e3 apresentaram, no dia 15 de fevereiro, em confer\u00eancia de imprensa, a 8\u00aa edi\u00e7\u00e3o da Expo Lourinh\u00e3, que ir\u00e1 decorrer de 24 a 28 de abril deste ano. A iniciativa procura promover a economia local e segundo Jos\u00e9 Tom\u00e9, vice-presidente do Munic\u00edpio, [&hellip;]<\/p>\n","protected":false},"author":2,"featured_media":33743,"comment_status":"open","ping_status":"open","sticky":false,"template":"","format":"standard","meta":{"footnotes":""},"categories":[7],"tags":[],"class_list":["post-33739","post","type-post","status-publish","format-standard","has-post-thumbnail","hentry","category-economia"],"_links":{"self":[{"href":"https:\/\/tintafresca.net\/index.php\/wp-json\/wp\/v2\/posts\/33739","targetHints":{"allow":["GET"]}}],"collection":[{"href":"https:\/\/tintafresca.net\/index.php\/wp-json\/wp\/v2\/posts"}],"about":[{"href":"https:\/\/tintafresca.net\/index.php\/wp-json\/wp\/v2\/types\/post"}],"author":[{"embeddable":true,"href":"https:\/\/tintafresca.net\/index.php\/wp-json\/wp\/v2\/users\/2"}],"replies":[{"embeddable":true,"href":"https:\/\/tintafresca.net\/index.php\/wp-json\/wp\/v2\/comments?post=33739"}],"version-history":[{"count":4,"href":"https:\/\/tintafresca.net\/index.php\/wp-json\/wp\/v2\/posts\/33739\/revisions"}],"predecessor-version":[{"id":33745,"href":"https:\/\/tintafresca.net\/index.php\/wp-json\/wp\/v2\/posts\/33739\/revisions\/33745"}],"wp:featuredmedia":[{"embeddable":true,"href":"https:\/\/tintafresca.net\/index.php\/wp-json\/wp\/v2\/media\/33743"}],"wp:attachment":[{"href":"https:\/\/tintafresca.net\/index.php\/wp-json\/wp\/v2\/media?parent=33739"}],"wp:term":[{"taxonomy":"category","embeddable":true,"href":"https:\/\/tintafresca.net\/index.php\/wp-json\/wp\/v2\/categories?post=33739"},{"taxonomy":"post_tag","embeddable":true,"href":"https:\/\/tintafresca.net\/index.php\/wp-json\/wp\/v2\/tags?post=33739"}],"curies":[{"name":"wp","href":"https:\/\/api.w.org\/{rel}","templated":true}]}}