{"id":33763,"date":"2024-02-19T11:34:40","date_gmt":"2024-02-19T11:34:40","guid":{"rendered":"https:\/\/tintafresca.net\/?p=33763"},"modified":"2024-02-19T16:39:05","modified_gmt":"2024-02-19T16:39:05","slug":"uls-leziria-inicia-realizacao-de-testes-cutaneos-de-alergia-a-antibioticos","status":"publish","type":"post","link":"https:\/\/tintafresca.net\/index.php\/2024\/02\/19\/uls-leziria-inicia-realizacao-de-testes-cutaneos-de-alergia-a-antibioticos\/","title":{"rendered":"ULS Lez\u00edria inicia realiza\u00e7\u00e3o de testes cut\u00e2neos de alergia a antibi\u00f3ticos"},"content":{"rendered":"<p><img loading=\"lazy\" decoding=\"async\" class=\"alignleft wp-image-33765 size-full\" src=\"https:\/\/tintafresca.net\/wp-content\/uploads\/2024\/02\/Santarem_HDL_Alerglogista10.jpg\" alt=\"\" width=\"500\" height=\"375\" srcset=\"https:\/\/tintafresca.net\/wp-content\/uploads\/2024\/02\/Santarem_HDL_Alerglogista10.jpg 500w, https:\/\/tintafresca.net\/wp-content\/uploads\/2024\/02\/Santarem_HDL_Alerglogista10-300x225.jpg 300w\" sizes=\"auto, (max-width: 500px) 100vw, 500px\" \/>Agora j\u00e1 \u00e9 poss\u00edvel realizar testes cut\u00e2neos de alergia a antibi\u00f3ticos na Unidade Local de Sa\u00fade da Lez\u00edria. O in\u00edcio do procedimento aconteceu pouco tempo ap\u00f3s a chegada do m\u00e9dico imunoalergologista David Pina Trinc\u00e3o ao Hospital Distrital de Santar\u00e9m (HDS), em setembro de 2023.<\/p>\n<p>De acordo com o m\u00e9dico imunoalergologista, os testes cut\u00e2neos com f\u00e1rmacos s\u00e3o realizados em situa\u00e7\u00f5es espec\u00edficas de suspeita de hipersensibilidade medicamentosa.<\/p>\n<p>\u201cEstes testes, em conjunto com a hist\u00f3ria cl\u00ednica de cada doente, s\u00e3o meios complementares importantes para o diagn\u00f3stico de alergia medicamentosa, bem como, para a identifica\u00e7\u00e3o de alternativas terap\u00eauticas seguras e eficazes para cada situa\u00e7\u00e3o\u201d, explica.<\/p>\n<p>David Pina Trinc\u00e3o acrescenta que o diagn\u00f3stico definitivo \u00e9 feito a posteriori, atrav\u00e9s da prova de provoca\u00e7\u00e3o. Al\u00e9m disso, menciona, \u201cpoder\u00e1 ser ainda indicada, em situa\u00e7\u00f5es selecionadas, em que exista necessidade premente de utiliza\u00e7\u00e3o de um determinado f\u00e1rmaco, a realiza\u00e7\u00e3o de dessensibiliza\u00e7\u00e3o, que evita a escalada terap\u00eautica com efeitos secund\u00e1rios mais gravosos, bem como, o acr\u00e9scimo de custos em Sa\u00fade\u201d.<\/p>\n<p>O m\u00e9dico imunoalergologista come\u00e7ou por colaborar estreitamente com o Servi\u00e7o de Pneumologia, dirigido por Gustavo Reis, mas, gradualmente, come\u00e7a a alargar a atividade a outros servi\u00e7os cl\u00ednicos.<\/p>\n<p><strong> \u00a0 \u00a0 Fonte: GCI|ULS Lez\u00edria<\/strong><\/p>\n","protected":false},"excerpt":{"rendered":"<p>Agora j\u00e1 \u00e9 poss\u00edvel realizar testes cut\u00e2neos de alergia a antibi\u00f3ticos na Unidade Local de Sa\u00fade da Lez\u00edria. O in\u00edcio do procedimento aconteceu pouco tempo ap\u00f3s a chegada do m\u00e9dico imunoalergologista David Pina Trinc\u00e3o ao Hospital Distrital de Santar\u00e9m (HDS), em setembro de 2023. De acordo com o m\u00e9dico imunoalergologista, os testes cut\u00e2neos com f\u00e1rmacos [&hellip;]<\/p>\n","protected":false},"author":2,"featured_media":33766,"comment_status":"open","ping_status":"open","sticky":false,"template":"","format":"standard","meta":{"footnotes":""},"categories":[6],"tags":[],"class_list":["post-33763","post","type-post","status-publish","format-standard","has-post-thumbnail","hentry","category-saude"],"_links":{"self":[{"href":"https:\/\/tintafresca.net\/index.php\/wp-json\/wp\/v2\/posts\/33763","targetHints":{"allow":["GET"]}}],"collection":[{"href":"https:\/\/tintafresca.net\/index.php\/wp-json\/wp\/v2\/posts"}],"about":[{"href":"https:\/\/tintafresca.net\/index.php\/wp-json\/wp\/v2\/types\/post"}],"author":[{"embeddable":true,"href":"https:\/\/tintafresca.net\/index.php\/wp-json\/wp\/v2\/users\/2"}],"replies":[{"embeddable":true,"href":"https:\/\/tintafresca.net\/index.php\/wp-json\/wp\/v2\/comments?post=33763"}],"version-history":[{"count":2,"href":"https:\/\/tintafresca.net\/index.php\/wp-json\/wp\/v2\/posts\/33763\/revisions"}],"predecessor-version":[{"id":33767,"href":"https:\/\/tintafresca.net\/index.php\/wp-json\/wp\/v2\/posts\/33763\/revisions\/33767"}],"wp:featuredmedia":[{"embeddable":true,"href":"https:\/\/tintafresca.net\/index.php\/wp-json\/wp\/v2\/media\/33766"}],"wp:attachment":[{"href":"https:\/\/tintafresca.net\/index.php\/wp-json\/wp\/v2\/media?parent=33763"}],"wp:term":[{"taxonomy":"category","embeddable":true,"href":"https:\/\/tintafresca.net\/index.php\/wp-json\/wp\/v2\/categories?post=33763"},{"taxonomy":"post_tag","embeddable":true,"href":"https:\/\/tintafresca.net\/index.php\/wp-json\/wp\/v2\/tags?post=33763"}],"curies":[{"name":"wp","href":"https:\/\/api.w.org\/{rel}","templated":true}]}}