{"id":33768,"date":"2024-02-19T16:12:31","date_gmt":"2024-02-19T16:12:31","guid":{"rendered":"https:\/\/tintafresca.net\/?p=33768"},"modified":"2024-02-20T11:52:36","modified_gmt":"2024-02-20T11:52:36","slug":"edp-inaugura-projeto-hibrido-de-energia-solar-e-eolica-em-portugal-em-ansiao-e-penela","status":"publish","type":"post","link":"https:\/\/tintafresca.net\/index.php\/2024\/02\/19\/edp-inaugura-projeto-hibrido-de-energia-solar-e-eolica-em-portugal-em-ansiao-e-penela\/","title":{"rendered":"EDP inaugura novo projeto h\u00edbrido de energia solar e e\u00f3lica em Portugal em Ansi\u00e3o e Penela"},"content":{"rendered":"<div id=\"attachment_30256\" style=\"width: 496px\" class=\"wp-caption alignleft\"><img loading=\"lazy\" decoding=\"async\" aria-describedby=\"caption-attachment-30256\" class=\"wp-image-30256 size-full\" src=\"https:\/\/tintafresca.net\/wp-content\/uploads\/2023\/09\/Torre_eolica10.jpg\" alt=\"\" width=\"486\" height=\"378\" srcset=\"https:\/\/tintafresca.net\/wp-content\/uploads\/2023\/09\/Torre_eolica10.jpg 486w, https:\/\/tintafresca.net\/wp-content\/uploads\/2023\/09\/Torre_eolica10-300x233.jpg 300w\" sizes=\"auto, (max-width: 486px) 100vw, 486px\" \/><p id=\"caption-attachment-30256\" class=\"wp-caption-text\">Parque e\u00f3lico<\/p><\/div>\n<p>A EDP, atrav\u00e9s da EDP Renov\u00e1veis, colocou em opera\u00e7\u00e3o o segundo parque h\u00edbrido de Portugal que combina energia e\u00f3lica e solar no mesmo local, praticamente duplicando a capacidade de produ\u00e7\u00e3o de eletricidade renov\u00e1vel numa \u00fanica localiza\u00e7\u00e3o.<\/p>\n<p>Junto ao Parque E\u00f3lico de S\u00e3o Jo\u00e3o, que est\u00e1 em opera\u00e7\u00e3o desde 2008 e que tem 22,8 MW de capacidade, foi instalada a central solar fotovoltaica Monte de Vez, com 21 MWp e uma produ\u00e7\u00e3o anual estimada de 31,4 GWh. Juntando as duas tecnologias, este complexo passa a poder produzir 79 GWh de energia renov\u00e1vel por ano, o que seria suficiente para fornecer 23 mil fam\u00edlias da regi\u00e3o por ano.<\/p>\n<p>Com a implementa\u00e7\u00e3o de 36 mil pain\u00e9is bifaciais junto aos 13 aerogeradores do parque e\u00f3lico, \u00e9 poss\u00edvel aproveitar de forma mais eficiente a rede el\u00e9trica j\u00e1 existente e fornecer energia de forma mais constante, gra\u00e7as \u00e0 complementaridade entre a produ\u00e7\u00e3o de energia e\u00f3lica e solar. Este complexo renov\u00e1vel vai tamb\u00e9m evitar a emiss\u00e3o de 40 mil toneladas de CO2 por ano, contribuindo para a descarboniza\u00e7\u00e3o da regi\u00e3o.<\/p>\n<p>Localizados nos concelhos de Penela, distrito de Coimbra, e Ansi\u00e3o, distrito de Leiria, estes parques fazem parte de um investimento da EDP na zona centro do pa\u00eds, onde a empresa j\u00e1 tem em opera\u00e7\u00e3o mais de 280 MW em energia e\u00f3lica.<\/p>\n<p>\u201c\u00c9 com orgulho que voltamos a ser pioneiros em Portugal e colocamos em opera\u00e7\u00e3o o segundo parque h\u00edbrido do pa\u00eds, aproveitando o vento e sol da regi\u00e3o para aumentar o consumo de energia renov\u00e1vel. Este projeto faz parte da estrat\u00e9gia da EDP de continuar a acelerar a transi\u00e7\u00e3o energ\u00e9tica nacional, seja ao investir em novos projetos renov\u00e1veis ou a otimizar aqueles que j\u00e1 t\u00eam servido as regi\u00f5es onde se encontram. Vamos continuar a desenvolver projetos h\u00edbridos em Portugal e esperamos implementar mais 700 MW em projetos semelhantes, nos pr\u00f3ximos anos\u201d, destaca Hugo Costa, respons\u00e1vel da EDP Renov\u00e1veis em Portugal.<\/p>\n<p>A hibridiza\u00e7\u00e3o de ativos existentes, atrav\u00e9s da conjuga\u00e7\u00e3o de tecnologias como a e\u00f3lica, a solar e a h\u00eddrica, \u00e9 uma das principais vias de crescimento das energias renov\u00e1veis, com v\u00e1rios benef\u00edcios para o setor: aumento da efici\u00eancia dos projetos, utiliza\u00e7\u00e3o e partilha de infraestruturas el\u00e9tricas j\u00e1 existentes, promo\u00e7\u00e3o da estabilidade de custos e redu\u00e7\u00e3o do impacto ambiental e paisag\u00edstico.<\/p>\n<p>Em janeiro de 2023, a EDP j\u00e1 tinha colocado em opera\u00e7\u00e3o o primeiro h\u00edbrido e\u00f3lico\/solar da Pen\u00ednsula Ib\u00e9rica, ao adicionar a Central Fotovoltaica de Mina de Orgueirel ao Parque E\u00f3lico do Mosteiro, no concelho da Guarda. Este projeto produziu 37,4 GWh no seu primeiro ano de opera\u00e7\u00e3o, eletricidade que seria suficiente para abastecer 11 mil habita\u00e7\u00f5es. Durante este primeiro ano foi tamb\u00e9m evitada a emiss\u00e3o de 19 mil toneladas de CO2 para a atmosfera .<\/p>\n<p>Al\u00e9m dos h\u00edbridos em funcionamento em Portugal, a empresa foi tamb\u00e9m pioneira ao instalar o primeiro projeto h\u00edbrido de Espanha e da Pol\u00f3nia. A EDP tem neste momento em estudo ou desenvolvimento mais de 1600 MW em projetos h\u00edbridos em Portugal e Espanha, com diferentes fases de maturidade e com previs\u00e3o de entrada em opera\u00e7\u00e3o ao longo dos pr\u00f3ximos anos. A empresa pretende continuar a apostar em projetos semelhantes em todas as suas geografias.<\/p>\n","protected":false},"excerpt":{"rendered":"<p>A EDP, atrav\u00e9s da EDP Renov\u00e1veis, colocou em opera\u00e7\u00e3o o segundo parque h\u00edbrido de Portugal que combina energia e\u00f3lica e solar no mesmo local, praticamente duplicando a capacidade de produ\u00e7\u00e3o de eletricidade renov\u00e1vel numa \u00fanica localiza\u00e7\u00e3o. Junto ao Parque E\u00f3lico de S\u00e3o Jo\u00e3o, que est\u00e1 em opera\u00e7\u00e3o desde 2008 e que tem 22,8 MW de [&hellip;]<\/p>\n","protected":false},"author":2,"featured_media":30257,"comment_status":"open","ping_status":"open","sticky":false,"template":"","format":"standard","meta":{"footnotes":""},"categories":[9,7],"tags":[],"class_list":["post-33768","post","type-post","status-publish","format-standard","has-post-thumbnail","hentry","category-ambiente","category-economia"],"_links":{"self":[{"href":"https:\/\/tintafresca.net\/index.php\/wp-json\/wp\/v2\/posts\/33768","targetHints":{"allow":["GET"]}}],"collection":[{"href":"https:\/\/tintafresca.net\/index.php\/wp-json\/wp\/v2\/posts"}],"about":[{"href":"https:\/\/tintafresca.net\/index.php\/wp-json\/wp\/v2\/types\/post"}],"author":[{"embeddable":true,"href":"https:\/\/tintafresca.net\/index.php\/wp-json\/wp\/v2\/users\/2"}],"replies":[{"embeddable":true,"href":"https:\/\/tintafresca.net\/index.php\/wp-json\/wp\/v2\/comments?post=33768"}],"version-history":[{"count":3,"href":"https:\/\/tintafresca.net\/index.php\/wp-json\/wp\/v2\/posts\/33768\/revisions"}],"predecessor-version":[{"id":33771,"href":"https:\/\/tintafresca.net\/index.php\/wp-json\/wp\/v2\/posts\/33768\/revisions\/33771"}],"wp:featuredmedia":[{"embeddable":true,"href":"https:\/\/tintafresca.net\/index.php\/wp-json\/wp\/v2\/media\/30257"}],"wp:attachment":[{"href":"https:\/\/tintafresca.net\/index.php\/wp-json\/wp\/v2\/media?parent=33768"}],"wp:term":[{"taxonomy":"category","embeddable":true,"href":"https:\/\/tintafresca.net\/index.php\/wp-json\/wp\/v2\/categories?post=33768"},{"taxonomy":"post_tag","embeddable":true,"href":"https:\/\/tintafresca.net\/index.php\/wp-json\/wp\/v2\/tags?post=33768"}],"curies":[{"name":"wp","href":"https:\/\/api.w.org\/{rel}","templated":true}]}}