{"id":33794,"date":"2024-02-21T20:08:15","date_gmt":"2024-02-21T20:08:15","guid":{"rendered":"https:\/\/tintafresca.net\/?p=33794"},"modified":"2024-02-21T20:09:21","modified_gmt":"2024-02-21T20:09:21","slug":"turismo-centro-de-portugal-vai-mostrar-o-melhor-da-regiao-na-btl-bolsa-de-turismo-de-lisboa","status":"publish","type":"post","link":"https:\/\/tintafresca.net\/index.php\/2024\/02\/21\/turismo-centro-de-portugal-vai-mostrar-o-melhor-da-regiao-na-btl-bolsa-de-turismo-de-lisboa\/","title":{"rendered":"Turismo Centro de Portugal vai mostrar o melhor da regi\u00e3o na BTL &#8211; Bolsa de Turismo de Lisboa"},"content":{"rendered":"<div id=\"attachment_33796\" style=\"width: 510px\" class=\"wp-caption alignleft\"><img loading=\"lazy\" decoding=\"async\" aria-describedby=\"caption-attachment-33796\" class=\"wp-image-33796\" src=\"https:\/\/tintafresca.net\/wp-content\/uploads\/2024\/02\/TCP_BTL2024.jpeg\" alt=\"\" width=\"500\" height=\"288\" srcset=\"https:\/\/tintafresca.net\/wp-content\/uploads\/2024\/02\/TCP_BTL2024.jpeg 1000w, https:\/\/tintafresca.net\/wp-content\/uploads\/2024\/02\/TCP_BTL2024-300x173.jpeg 300w, https:\/\/tintafresca.net\/wp-content\/uploads\/2024\/02\/TCP_BTL2024-768x442.jpeg 768w\" sizes=\"auto, (max-width: 500px) 100vw, 500px\" \/><p id=\"caption-attachment-33796\" class=\"wp-caption-text\">Animadores do stand do Centro na BTL<\/p><\/div>\n<p>A Turismo Centro de Portugal vai mostrar o melhor da regi\u00e3o durante a 34.\u00aa edi\u00e7\u00e3o da BTL \u2013 Bolsa de Turismo de Lisboa, que acontecer\u00e1 de 28 de fevereiro a 3 de mar\u00e7o, na FIL, em Lisboa. Este ano, a participa\u00e7\u00e3o da Turismo do Centro vai mais al\u00e9m, proporcionando uma experi\u00eancia envolvente e inovadora aos visitantes.<\/p>\n<p>Num espa\u00e7o arrojado de 810m\u00b2, no Pavilh\u00e3o 1 da FIL, o stand do Centro de Portugal procurar\u00e1 ser um reflexo da riqueza e diversidade da regi\u00e3o. A conce\u00e7\u00e3o do espa\u00e7o obedeceu a cinco princ\u00edpios fundamentais: sustentabilidade, digitaliza\u00e7\u00e3o, redes colaborativas, diversidade e criatividade e inova\u00e7\u00e3o.<\/p>\n<p>O espa\u00e7o re\u00fane as principais marcas regionais, produtos tur\u00edsticos e entidades p\u00fablicas e privadas do Centro de Portugal, formando um ambiente representativo da diversidade do territ\u00f3rio. Desta forma, o stand ganha vida pr\u00f3pria, oferecendo uma vis\u00e3o abrangente e cativante do que os visitantes podem encontrar na regi\u00e3o.<\/p>\n<p>Um destaque especial vai este ano para tr\u00eas m\u00f3dulos de ativa\u00e7\u00e3o: o m\u00f3dulo KIDS Route BTL 2024 | KIDS no Centro, que ter\u00e1 atividades para as crian\u00e7as e suas fam\u00edlias; o m\u00f3dulo Caminhos da F\u00e9 no Centro de Portugal; e um m\u00f3dulo dedicado ao Turismo Industrial, que contar\u00e1 com um balc\u00e3o espec\u00edfico de informa\u00e7\u00e3o alusiva aos parceiros aderentes \u00e0 Rede Nacional do Turismo Industrial. Neste m\u00f3dulo, os visitantes podem aceder \u00e0 primeira edi\u00e7\u00e3o de um roteiro alusivo \u00e0 tem\u00e1tica e jogar o jogo \u201cVem descobrir o Turismo Industrial no Centro de Portugal\u201d, numa parede interativa, que d\u00e1 a ganhar dezenas de pr\u00e9mios. Destaca-se, ainda neste m\u00f3dulo, uma instala\u00e7\u00e3o cer\u00e2mica comemorativa dos 200 Anos da Vista Alegre e o Lounge Burel Factory.<\/p>\n<p>Raul Almeida, presidente da Turismo Centro de Portugal, destaca que &#8220;a BTL \u00e9 uma oportunidade imperd\u00edvel para celebrar a riqueza tur\u00edstica do Centro de Portugal. Estamos entusiasmados por oferecer aos visitantes do nosso stand uma experi\u00eancia \u00fanica, onde poder\u00e3o mergulhar nas tradi\u00e7\u00f5es, na natureza, no patrim\u00f3nio e na diversidade e autenticidade que a nossa regi\u00e3o tem para oferecer. Uma visita ao stand da Turismo Centro de Portugal na BTL ser\u00e1 mais do que uma experi\u00eancia tur\u00edstica; ser\u00e1 uma imers\u00e3o no melhor do Centro de Portugal&#8221;.<\/p>\n<p><strong>Toda a regi\u00e3o no mesmo espa\u00e7o<\/strong><\/p>\n<p>No stand da Turismo do Centro estar\u00e3o presentes as oito Comunidades Intermunicipais da regi\u00e3o (Beira Baixa, Beiras e Serra da Estrela, M\u00e9dio Tejo, Oeste, Regi\u00e3o de Aveiro, Regi\u00e3o de Coimbra, Regi\u00e3o de Leiria e Viseu D\u00e3o Laf\u00f5es), cinco Redes Colaborativas (iNature, Aldeias do Xisto, Aldeias Hist\u00f3ricas de Portugal, Aldeias de Montanha e Termas Centro) e cinco comiss\u00f5es vitivin\u00edcolas (CVR Tejo, CVR D\u00e3o, CVR Beira Interior, CVR Bairrada e CVR Lisboa).<\/p>\n<p>H\u00e1 ainda espa\u00e7o para a representa\u00e7\u00e3o de cinco associa\u00e7\u00f5es e institui\u00e7\u00f5es (Centro de Portugal Film Commission, Universidade de Coimbra, Esta\u00e7\u00f5es N\u00e1uticas, Associa\u00e7\u00e3o Rota Hist\u00f3rica das Linhas de Torres e Terras da Transum\u00e2ncia) e ainda 16 empresas e empres\u00e1rios do setor tur\u00edstico: Cooking and Nature Hotels, Aveiro Moments, D. Abade, D Travel, Portugal Green Travel, Restaurante P\u00e9rola do Fetal, Activar \u2013 Associa\u00e7\u00e3o de Coopera\u00e7\u00e3o da Lous\u00e3, Grutas de Mira de Aire, Wotels, Portugal A2Z Walking &amp; Biking, Grupo Gala, Pal\u00e1cio dos Condes de Anadia e Casa Anadia de Alferrarede, Digital Nomads Association Portugal, GJC Hotels, Funda\u00e7\u00e3o Adfp e Museu da Vida de Cristo.<\/p>\n<p><strong>Um programa envolvente<\/strong><\/p>\n<p>Durante os cinco dias da BTL, o stand ser\u00e1 palco de um programa envolvente, que destaca os principais produtos e experi\u00eancias dispon\u00edveis da regi\u00e3o e que est\u00e1 totalmente alinhado com as tend\u00eancias da procura tur\u00edstica e do comportamento do consumidor.<\/p>\n<p>A programa\u00e7\u00e3o completa pode ser consultada no site da Turismo do Centro, em www.turismodocentro.pt.<\/p>\n<p>A BTL acontece de 28 de fevereiro a 3 de mar\u00e7o, com os dois primeiros dias dedicados aos profissionais, entre as 10h00 e as 19h00. No terceiro dia, o p\u00fablico em geral junta-se a partir das 17h00 e at\u00e9 \u00e0s 23h00. Nos dois \u00faltimos dias, o evento est\u00e1 aberto a todos, das 12h00 \u00e0s 23h00 (encerrando \u00e0s 20h00 no domingo). O bilhete di\u00e1rio para o p\u00fablico pode ser comprado online e custa 8\u20ac.<\/p>\n<p><strong>Sobre a Turismo Centro de Portugal<\/strong><\/p>\n<p>A Turismo Centro de Portugal \u00e9 a entidade que estrutura e promove o turismo na Regi\u00e3o Centro do pa\u00eds. Esta \u00e9 a maior e mais diversificada \u00e1rea tur\u00edstica nacional, abrangendo 100 munic\u00edpios, e tem registado um intenso crescimento da procura interna e externa. \u00c9 a regi\u00e3o a escolher para quem pretende experi\u00eancias diversificadas, pois concilia locais Patrim\u00f3nio da Humanidade com a melhor costa de surf da Europa, termas e spas id\u00edlicos, locais de culto de import\u00e2ncia mundial e as mais belas aldeias.<\/p>\n<p><strong>\u00a0 \u00a0 \u00a0Fonte: TCP e AdC<\/strong><\/p>\n","protected":false},"excerpt":{"rendered":"<p>A Turismo Centro de Portugal vai mostrar o melhor da regi\u00e3o durante a 34.\u00aa edi\u00e7\u00e3o da BTL \u2013 Bolsa de Turismo de Lisboa, que acontecer\u00e1 de 28 de fevereiro a 3 de mar\u00e7o, na FIL, em Lisboa. Este ano, a participa\u00e7\u00e3o da Turismo do Centro vai mais al\u00e9m, proporcionando uma experi\u00eancia envolvente e inovadora aos [&hellip;]<\/p>\n","protected":false},"author":2,"featured_media":33797,"comment_status":"open","ping_status":"open","sticky":false,"template":"","format":"standard","meta":{"footnotes":""},"categories":[7],"tags":[],"class_list":["post-33794","post","type-post","status-publish","format-standard","has-post-thumbnail","hentry","category-economia"],"_links":{"self":[{"href":"https:\/\/tintafresca.net\/index.php\/wp-json\/wp\/v2\/posts\/33794","targetHints":{"allow":["GET"]}}],"collection":[{"href":"https:\/\/tintafresca.net\/index.php\/wp-json\/wp\/v2\/posts"}],"about":[{"href":"https:\/\/tintafresca.net\/index.php\/wp-json\/wp\/v2\/types\/post"}],"author":[{"embeddable":true,"href":"https:\/\/tintafresca.net\/index.php\/wp-json\/wp\/v2\/users\/2"}],"replies":[{"embeddable":true,"href":"https:\/\/tintafresca.net\/index.php\/wp-json\/wp\/v2\/comments?post=33794"}],"version-history":[{"count":2,"href":"https:\/\/tintafresca.net\/index.php\/wp-json\/wp\/v2\/posts\/33794\/revisions"}],"predecessor-version":[{"id":33798,"href":"https:\/\/tintafresca.net\/index.php\/wp-json\/wp\/v2\/posts\/33794\/revisions\/33798"}],"wp:featuredmedia":[{"embeddable":true,"href":"https:\/\/tintafresca.net\/index.php\/wp-json\/wp\/v2\/media\/33797"}],"wp:attachment":[{"href":"https:\/\/tintafresca.net\/index.php\/wp-json\/wp\/v2\/media?parent=33794"}],"wp:term":[{"taxonomy":"category","embeddable":true,"href":"https:\/\/tintafresca.net\/index.php\/wp-json\/wp\/v2\/categories?post=33794"},{"taxonomy":"post_tag","embeddable":true,"href":"https:\/\/tintafresca.net\/index.php\/wp-json\/wp\/v2\/tags?post=33794"}],"curies":[{"name":"wp","href":"https:\/\/api.w.org\/{rel}","templated":true}]}}