{"id":33810,"date":"2024-02-22T17:57:40","date_gmt":"2024-02-22T17:57:40","guid":{"rendered":"https:\/\/tintafresca.net\/?p=33810"},"modified":"2024-02-22T17:57:40","modified_gmt":"2024-02-22T17:57:40","slug":"fatima-recebe-xi-edicao-dos-workshops-internacionais-de-turismo-religioso","status":"publish","type":"post","link":"https:\/\/tintafresca.net\/index.php\/2024\/02\/22\/fatima-recebe-xi-edicao-dos-workshops-internacionais-de-turismo-religioso\/","title":{"rendered":"F\u00e1tima recebe XI edi\u00e7\u00e3o dos Workshops Internacionais de Turismo Religioso"},"content":{"rendered":"<div id=\"attachment_33812\" style=\"width: 510px\" class=\"wp-caption alignleft\"><img loading=\"lazy\" decoding=\"async\" aria-describedby=\"caption-attachment-33812\" class=\"wp-image-33812 size-full\" src=\"https:\/\/tintafresca.net\/wp-content\/uploads\/2024\/02\/Fatima_Workshop_religioso10.jpg\" alt=\"\" width=\"500\" height=\"333\" srcset=\"https:\/\/tintafresca.net\/wp-content\/uploads\/2024\/02\/Fatima_Workshop_religioso10.jpg 500w, https:\/\/tintafresca.net\/wp-content\/uploads\/2024\/02\/Fatima_Workshop_religioso10-300x200.jpg 300w\" sizes=\"auto, (max-width: 500px) 100vw, 500px\" \/><p id=\"caption-attachment-33812\" class=\"wp-caption-text\">Interven\u00e7\u00e3o de Lu\u00eds Miguel Albuquerque<\/p><\/div>\n<p>Teve in\u00edcio esta quinta-feira, dia 22 de fevereiro, no Centro Pastoral de Paulo VI, em F\u00e1tima, a XI edi\u00e7\u00e3o dos Workshops Internacionais de Turismo Religioso. Este evento, onde participam operadores tur\u00edsticos nacionais, agentes de viagens, hoteleiros e empres\u00e1rios do sector do turismo que operam no turismo religioso, promove bolsas de contactos de neg\u00f3cio entre os participantes ao mesmo tempo que refor\u00e7a a import\u00e2ncia do Turismo Religioso no contexto do setor tur\u00edstico mundial e Portugal enquanto destino privilegiado.<\/p>\n<p>A sess\u00e3o de abertura contou com as presen\u00e7as do Reitor do Santu\u00e1rio de F\u00e1tima, Padre Carlos Cabecinhas, da presidente da ACISO, Purifica\u00e7\u00e3o Reis, do presidente da Funda\u00e7\u00e3o S\u00e3o Jos\u00e9 de Ci\u00eancias Humanas e Religiosos, Samoel Kozelinski, de Pedro Machado, presidente da Ag\u00eancia Regional de Promo\u00e7\u00e3o Tur\u00edstica Centro de Portugal, de Anabela Freitas, vice-presidente da Entidade Regional de Turismo Centro de Portugal, do representante da CCDR Centro, Jorge Brand\u00e3o, do vereador do Turismo e Valoriza\u00e7\u00e3o do Territ\u00f3rio da C\u00e2mara Municipal da Guarda, Rui Melo, do presidente do Turismo de Portugal, Carlos Abade, e do presidente da C\u00e2mara Municipal de Our\u00e9m, Lu\u00eds Miguel Albuquerque.<\/p>\n<p>O presidente de C\u00e2mara anfitri\u00e3o destacou a import\u00e2ncia do Turismo Religioso e a relev\u00e2ncia dos Workshops Internacionais de Turismo Religioso como ve\u00edculo de afirma\u00e7\u00e3o da capacidade organizativa de Portugal e do concelho de Our\u00e9m, em concreto. Recorreu aos dados relativos a 2023, em que aquela que hoje conhecemos como a Cidade da Paz acolheu mais de 6 milh\u00f5es de visitantes, refor\u00e7ando o seu estatuto de grande centro de peregrina\u00e7\u00e3o mundial.<\/p>\n<p>Lu\u00eds Miguel Albuquerque elencou igualmente os in\u00fameros contributos econ\u00f3micos e sociais do Turismo, um dos principais impulsionadores da economia local, gerando empregos diretos e indiretos, estimulando o com\u00e9rcio e fomentando o desenvolvimento infraestrutural, mas tamb\u00e9m enquanto ferramenta para a preserva\u00e7\u00e3o do nosso patrim\u00f3nio hist\u00f3rico e cultural.<\/p>\n<div id=\"attachment_33813\" style=\"width: 510px\" class=\"wp-caption alignleft\"><img loading=\"lazy\" decoding=\"async\" aria-describedby=\"caption-attachment-33813\" class=\"wp-image-33813 size-full\" src=\"https:\/\/tintafresca.net\/wp-content\/uploads\/2024\/02\/Fatima_Workshop_religioso30.jpg\" alt=\"\" width=\"500\" height=\"333\" srcset=\"https:\/\/tintafresca.net\/wp-content\/uploads\/2024\/02\/Fatima_Workshop_religioso30.jpg 500w, https:\/\/tintafresca.net\/wp-content\/uploads\/2024\/02\/Fatima_Workshop_religioso30-300x200.jpg 300w\" sizes=\"auto, (max-width: 500px) 100vw, 500px\" \/><p id=\"caption-attachment-33813\" class=\"wp-caption-text\">Cidade da Paz acolheu mais de 6 milh\u00f5es de visitantes, refor\u00e7ando o seu estatuto de grande centro de peregrina\u00e7\u00e3o mundial<\/p><\/div>\n<p>O l\u00edder do Executivo Municipal destacou ainda com orgulho o reconhecimento de F\u00e1tima como um centro de peregrina\u00e7\u00e3o mundial, que promove a troca de experi\u00eancias e o di\u00e1logo intercultural, favorecendo a compreens\u00e3o m\u00fatua e o respeito pelas diferen\u00e7as, um s\u00edmbolo de paz, devo\u00e7\u00e3o e uni\u00e3o entre os povos, espelho do envolvimento e compromisso assumido pelo executivo que lidera.<\/p>\n<p>Lu\u00eds Miguel Albuquerque terminou a sua interven\u00e7\u00e3o refor\u00e7ando o agradecimento especial \u00e0 ACISO \u2013 Associa\u00e7\u00e3o Comercial Our\u00e9m-F\u00e1tima, bem como a todos os profissionais envolvidos na organiza\u00e7\u00e3o do evento. Endere\u00e7ou um especial agradecimento, tamb\u00e9m, a todos os operadores tur\u00edsticos, agentes de viagens e empres\u00e1rios do sector do turismo e da hotelaria.<\/p>\n<p>A Sess\u00e3o de abertura incluiu ainda a apresenta\u00e7\u00e3o do Paraguai como destino convidado da XI edi\u00e7\u00e3o dos Workshops Internacionais de Turismo Religioso, com especial destaque para a participa\u00e7\u00e3o da ministra do Turismo do Paraguai, Angie Melillo. Os vereadores Isabel Costa, Rui Vital, Micaela Dur\u00e3o e Humberto Antunes marcaram presen\u00e7a na abertura do evento, assim como o presidente da Assembleia Municipal, Jo\u00e3o Moura.<\/p>\n<p>Organizado pela ACISO em colabora\u00e7\u00e3o com os Munic\u00edpios de Our\u00e9m e da Guarda e o Santu\u00e1rio de F\u00e1tima, com o apoio do Turismo de Portugal e do Turismo do Centro de Portugal, os Workshops contam com a participa\u00e7\u00e3o de 131 buyers e 131 suppliers incluindo operadores tur\u00edsticos, empreendedores, empresas de alojamento local, anima\u00e7\u00e3o tur\u00edstica, transporte e restaura\u00e7\u00e3o e est\u00e3o previstas decorrer, ao longo dos workshops, 5000 reuni\u00f5es.<\/p>\n<p><strong>XX Congresso Internacional de Turismo Religioso e Sustent\u00e1vel<\/strong><\/p>\n<p>Refletindo sobre as tend\u00eancias e inova\u00e7\u00f5es no futuro do turismo religioso, o XX o Congresso Internacional de Turismo Religioso e Sustent\u00e1vel acontece em paralelo com a XI.\u00aa edi\u00e7\u00e3o dos Workshops Internacionais de Turismo Religioso (IWRT), que t\u00eam lugar em F\u00e1tima e na Guarda entre os dias 22 e 24 de fevereiro. Depois de Espanha em 2021 e 2023, Uruguai e Col\u00f4mbia e 2022, F\u00e1tima foi o destino escolhido e entre os dias 22 e 23 de fevereiro operadores tur\u00edsticos nacionais, agentes de viagens e hoteleiros, entre outros empres\u00e1rios do sector do turismo, marcar\u00e3o presen\u00e7a no congresso.<\/p>\n<p><strong>\u00a0 \u00a0 \u00a0Fonte: JO|GIC|CMO<\/strong><\/p>\n","protected":false},"excerpt":{"rendered":"<p>Teve in\u00edcio esta quinta-feira, dia 22 de fevereiro, no Centro Pastoral de Paulo VI, em F\u00e1tima, a XI edi\u00e7\u00e3o dos Workshops Internacionais de Turismo Religioso. Este evento, onde participam operadores tur\u00edsticos nacionais, agentes de viagens, hoteleiros e empres\u00e1rios do sector do turismo que operam no turismo religioso, promove bolsas de contactos de neg\u00f3cio entre os [&hellip;]<\/p>\n","protected":false},"author":2,"featured_media":33814,"comment_status":"open","ping_status":"open","sticky":false,"template":"","format":"standard","meta":{"footnotes":""},"categories":[7],"tags":[],"class_list":["post-33810","post","type-post","status-publish","format-standard","has-post-thumbnail","hentry","category-economia"],"_links":{"self":[{"href":"https:\/\/tintafresca.net\/index.php\/wp-json\/wp\/v2\/posts\/33810","targetHints":{"allow":["GET"]}}],"collection":[{"href":"https:\/\/tintafresca.net\/index.php\/wp-json\/wp\/v2\/posts"}],"about":[{"href":"https:\/\/tintafresca.net\/index.php\/wp-json\/wp\/v2\/types\/post"}],"author":[{"embeddable":true,"href":"https:\/\/tintafresca.net\/index.php\/wp-json\/wp\/v2\/users\/2"}],"replies":[{"embeddable":true,"href":"https:\/\/tintafresca.net\/index.php\/wp-json\/wp\/v2\/comments?post=33810"}],"version-history":[{"count":2,"href":"https:\/\/tintafresca.net\/index.php\/wp-json\/wp\/v2\/posts\/33810\/revisions"}],"predecessor-version":[{"id":33815,"href":"https:\/\/tintafresca.net\/index.php\/wp-json\/wp\/v2\/posts\/33810\/revisions\/33815"}],"wp:featuredmedia":[{"embeddable":true,"href":"https:\/\/tintafresca.net\/index.php\/wp-json\/wp\/v2\/media\/33814"}],"wp:attachment":[{"href":"https:\/\/tintafresca.net\/index.php\/wp-json\/wp\/v2\/media?parent=33810"}],"wp:term":[{"taxonomy":"category","embeddable":true,"href":"https:\/\/tintafresca.net\/index.php\/wp-json\/wp\/v2\/categories?post=33810"},{"taxonomy":"post_tag","embeddable":true,"href":"https:\/\/tintafresca.net\/index.php\/wp-json\/wp\/v2\/tags?post=33810"}],"curies":[{"name":"wp","href":"https:\/\/api.w.org\/{rel}","templated":true}]}}