{"id":33880,"date":"2024-02-26T15:21:00","date_gmt":"2024-02-26T15:21:00","guid":{"rendered":"https:\/\/tintafresca.net\/?p=33880"},"modified":"2024-02-26T15:23:39","modified_gmt":"2024-02-26T15:23:39","slug":"municipio-de-leiria-promove-conferencia-sobre-simplex-urbanistico","status":"publish","type":"post","link":"https:\/\/tintafresca.net\/index.php\/2024\/02\/26\/municipio-de-leiria-promove-conferencia-sobre-simplex-urbanistico\/","title":{"rendered":"Munic\u00edpio de Leiria promove confer\u00eancia sobre \u201cSimplex Urban\u00edstico\u201d"},"content":{"rendered":"<div id=\"attachment_33882\" style=\"width: 410px\" class=\"wp-caption alignleft\"><img loading=\"lazy\" decoding=\"async\" aria-describedby=\"caption-attachment-33882\" class=\"wp-image-33882 size-full\" src=\"https:\/\/tintafresca.net\/wp-content\/uploads\/2024\/02\/Leiria_FernandoAntasdaCunha10.jpg\" alt=\"\" width=\"400\" height=\"400\" srcset=\"https:\/\/tintafresca.net\/wp-content\/uploads\/2024\/02\/Leiria_FernandoAntasdaCunha10.jpg 400w, https:\/\/tintafresca.net\/wp-content\/uploads\/2024\/02\/Leiria_FernandoAntasdaCunha10-300x300.jpg 300w, https:\/\/tintafresca.net\/wp-content\/uploads\/2024\/02\/Leiria_FernandoAntasdaCunha10-150x150.jpg 150w\" sizes=\"auto, (max-width: 400px) 100vw, 400px\" \/><p id=\"caption-attachment-33882\" class=\"wp-caption-text\">Fernando Antas da Cunha, s\u00f3cio da ECIJA<\/p><\/div>\n<p>O Munic\u00edpio de Leiria e a sociedade de advogados Antas da Cunha ECIJA v\u00e3o promover uma sess\u00e3o de esclarecimento sobre o novo \u201cSimplex Urban\u00edstico\u201d, um programa do Governo que visa a simplifica\u00e7\u00e3o de algumas das formalidades relacionadas com a compra e venda de im\u00f3veis, com o objetivo de facilitar o acesso \u00e0 habita\u00e7\u00e3o.<\/p>\n<p>O evento ir\u00e1 decorrer no dia 7 de mar\u00e7o, quinta-feira, a partir das 14h30, no Teatro Miguel Franco, em Leiria.<\/p>\n<p>A iniciativa, a segunda do g\u00e9nero promovida pela Sociedade em parceria com uma C\u00e2mara Municipal, ir\u00e1 contar com as interven\u00e7\u00f5es de Henrique Moser (S\u00f3cio do Departamento de Direito Imobili\u00e1rio e Urbanismo da Antas da Cunha ECIJA), Ana Cristina Borges (Associada S\u00e9nior do Departamento de Direito Imobili\u00e1rio e Urbanismo da Antas da Cunha ECIJA) e de B\u00e1rbara do Amaral (Associada do Departamento de Direito Imobili\u00e1rio e Urbanismo da Antas da Cunha ECIJA).<\/p>\n<p>Ricardo Santos (Vereador das Opera\u00e7\u00f5es Urban\u00edsticas da C\u00e2mara Municipal), Florindo Belo Marques (Presidente da Sec\u00e7\u00e3o Regional do Centro da Ordem dos Arquitetos), Ricardo Duarte (Vice-Presidente do Conselho Diretivo Regional da Ordem dos Engenheiros), Jos\u00e9 Lu\u00eds Sismeiro (Presidente da ARICOP) e Val\u00e9ry Fonseca (Representante da Ordem dos Solicitadores em Leiria) ser\u00e3o os convidados de uma mesa redonda onde ser\u00e3o expostas as expectativas dos v\u00e1rios setores face \u00e0s principais altera\u00e7\u00f5es decorrentes destas novas medidas, cuja maioria entra em vigor no dia 4 de mar\u00e7o.<\/p>\n<p>A abertura dos trabalhos estar\u00e1 a cargo de Gon\u00e7alo Lopes, Presidente da C\u00e2mara Municipal de Leiria.<\/p>\n<p>Link de inscri\u00e7\u00f5es: <a href=\"https:\/\/forms.office.com\/e\/invzHM4NtB\">https:\/\/forms.office.com\/e\/invzHM4NtB<\/a><\/p>\n<p><strong>\u00a0 \u00a0 \u00a0Fonte: DCRP|CML<\/strong><\/p>\n","protected":false},"excerpt":{"rendered":"<p>O Munic\u00edpio de Leiria e a sociedade de advogados Antas da Cunha ECIJA v\u00e3o promover uma sess\u00e3o de esclarecimento sobre o novo \u201cSimplex Urban\u00edstico\u201d, um programa do Governo que visa a simplifica\u00e7\u00e3o de algumas das formalidades relacionadas com a compra e venda de im\u00f3veis, com o objetivo de facilitar o acesso \u00e0 habita\u00e7\u00e3o. O evento [&hellip;]<\/p>\n","protected":false},"author":2,"featured_media":33883,"comment_status":"open","ping_status":"open","sticky":false,"template":"","format":"standard","meta":{"footnotes":""},"categories":[7],"tags":[],"class_list":["post-33880","post","type-post","status-publish","format-standard","has-post-thumbnail","hentry","category-economia"],"_links":{"self":[{"href":"https:\/\/tintafresca.net\/index.php\/wp-json\/wp\/v2\/posts\/33880","targetHints":{"allow":["GET"]}}],"collection":[{"href":"https:\/\/tintafresca.net\/index.php\/wp-json\/wp\/v2\/posts"}],"about":[{"href":"https:\/\/tintafresca.net\/index.php\/wp-json\/wp\/v2\/types\/post"}],"author":[{"embeddable":true,"href":"https:\/\/tintafresca.net\/index.php\/wp-json\/wp\/v2\/users\/2"}],"replies":[{"embeddable":true,"href":"https:\/\/tintafresca.net\/index.php\/wp-json\/wp\/v2\/comments?post=33880"}],"version-history":[{"count":2,"href":"https:\/\/tintafresca.net\/index.php\/wp-json\/wp\/v2\/posts\/33880\/revisions"}],"predecessor-version":[{"id":33884,"href":"https:\/\/tintafresca.net\/index.php\/wp-json\/wp\/v2\/posts\/33880\/revisions\/33884"}],"wp:featuredmedia":[{"embeddable":true,"href":"https:\/\/tintafresca.net\/index.php\/wp-json\/wp\/v2\/media\/33883"}],"wp:attachment":[{"href":"https:\/\/tintafresca.net\/index.php\/wp-json\/wp\/v2\/media?parent=33880"}],"wp:term":[{"taxonomy":"category","embeddable":true,"href":"https:\/\/tintafresca.net\/index.php\/wp-json\/wp\/v2\/categories?post=33880"},{"taxonomy":"post_tag","embeddable":true,"href":"https:\/\/tintafresca.net\/index.php\/wp-json\/wp\/v2\/tags?post=33880"}],"curies":[{"name":"wp","href":"https:\/\/api.w.org\/{rel}","templated":true}]}}