{"id":33902,"date":"2024-02-28T00:03:50","date_gmt":"2024-02-28T00:03:50","guid":{"rendered":"https:\/\/tintafresca.net\/?p=33902"},"modified":"2024-02-28T00:07:09","modified_gmt":"2024-02-28T00:07:09","slug":"inscricoes-para-a-geracao-depositrao-e-geracao-verdao-terminam-no-dia-29-de-fevereiro","status":"publish","type":"post","link":"https:\/\/tintafresca.net\/index.php\/2024\/02\/28\/inscricoes-para-a-geracao-depositrao-e-geracao-verdao-terminam-no-dia-29-de-fevereiro\/","title":{"rendered":"Inscri\u00e7\u00f5es para a Gera\u00e7\u00e3o Depositr\u00e3o e Gera\u00e7\u00e3o Verd\u00e3o terminam no dia 29 de fevereiro"},"content":{"rendered":"<div id=\"attachment_33904\" style=\"width: 410px\" class=\"wp-caption alignleft\"><img loading=\"lazy\" decoding=\"async\" aria-describedby=\"caption-attachment-33904\" class=\"wp-image-33904 size-full\" src=\"https:\/\/tintafresca.net\/wp-content\/uploads\/2024\/02\/Geracao-Depositrao10.png\" alt=\"\" width=\"400\" height=\"500\" srcset=\"https:\/\/tintafresca.net\/wp-content\/uploads\/2024\/02\/Geracao-Depositrao10.png 400w, https:\/\/tintafresca.net\/wp-content\/uploads\/2024\/02\/Geracao-Depositrao10-240x300.png 240w\" sizes=\"auto, (max-width: 400px) 100vw, 400px\" \/><p id=\"caption-attachment-33904\" class=\"wp-caption-text\">Cartaz<\/p><\/div>\n<p>A Parceria entre ERP Portugal e Novo Verde \u00e9 o mais abrangente programa de educa\u00e7\u00e3o ambiental a n\u00edvel nacional. As inscri\u00e7\u00f5es para os desafios propostos pela entidade gestora de res\u00edduos de equipamentos el\u00e9tricos e eletr\u00f3nicos (REEE) e de res\u00edduos de baterias (RPA), ERP Portugal \u2013 atrav\u00e9s da Gera\u00e7\u00e3o Depositr\u00e3o \u2013 e pela entidade gestora de embalagens e res\u00edduos de embalagens (RE), Novo Verde, \u2013 atrav\u00e9s da Gera\u00e7\u00e3o Verd\u00e3o &#8211; \u00a0terminam esta quinta-feira, dia 29 de fevereiro. Ambos os projetos escolares de literacia ambiental resultam da parceria destas entidades com o Programa Eco-Escolas da ABAAE (Associa\u00e7\u00e3o Bandeira Azul de Ambiente e Educa\u00e7\u00e3o),<\/p>\n<p>Atrav\u00e9s da realiza\u00e7\u00e3o de atividades ao longo do ano letivo, a ERP Portugal desafia alunos e professores a recolher e entregar res\u00edduos de equipamentos el\u00e9tricos e eletr\u00f3nicos e baterias port\u00e1teis, de forma a sensibilizar para o correto encaminhamento dos mesmos. J\u00e1 a Novo Verde desafia a comunidade escolar a separar e a encaminhar corretamente as embalagens.<\/p>\n<p>Estes projetos s\u00e3o destinados a todas as escolas que integram o Programa Eco-Escolas 2023-2024 e pretendem promover a forma\u00e7\u00e3o e educa\u00e7\u00e3o de crian\u00e7as e jovens, contribuindo para a economia circular em contexto escolar.<\/p>\n<p>Para a 16\u00aa Edi\u00e7\u00e3o da Gera\u00e7\u00e3o Depositr\u00e3o, al\u00e9m da recolha de REEE e RPA, ser\u00e3o realizadas 3 atividades criativas: Upcycling, Constr\u00f3i o teu Depositr\u00e3o; Upcyling: Pol\u00edticas dos 3Rs; Campanha REEE \u201cFaz do Velho, Novo\u201d.<\/p>\n<p>J\u00e1 para a 5\u00aa Edi\u00e7\u00e3o da Gera\u00e7\u00e3o Verd\u00e3o, ser\u00e3o realizadas atividades como: Cria\u00e7\u00e3o de uma \u201cBrigada Verd\u00e3o\u201d; Elabora\u00e7\u00e3o de um \u201cHino do Verd\u00e3o\u201d; Ilustra\u00e7\u00e3o de EcoBags.<\/p>\n<p>Todas as escolas vencedoras recebem pr\u00e9mios com o objetivo de melhorar o espa\u00e7o escolar. Tamb\u00e9m ser\u00e3o premiados professores e alunos que abra\u00e7arem esta miss\u00e3o.<\/p>\n<p>Para participar nestes projetos, a inscri\u00e7\u00e3o deve ser feita atrav\u00e9s de <a href=\"https:\/\/ecoescolas.abaae.pt\/2023-2024-projetos-eco-escolas\/\">https:\/\/ecoescolas.abaae.pt\/2023-2024-projetos-eco-escolas\/<\/a>.<\/p>\n<p>Ricardo Neto, presidente da Novo Verde e da ERP Portugal, refere que \u201ca proximidade \u00e0 comunidade escolar \u00e9 muito importante, atrav\u00e9s de atividades pedag\u00f3gicas que desafiam a criatividade dos mais novos. As crian\u00e7as e os jovens s\u00e3o o futuro, e \u00e9 fulcral contribuir ativamente para a sua forma\u00e7\u00e3o e dar-lhes as ferramentas necess\u00e1rias para que tenham um papel ativo na constru\u00e7\u00e3o de um planeta mais sustent\u00e1vel\u201d.<\/p>\n<p>Margarida Gomes, coordenadora do Programa Eco-Escolas da ABAAE, sublinha: \u201cSalientamos a import\u00e2ncia da inscri\u00e7\u00e3o nos v\u00e1rios desafios, nomeadamente no que diz respeito \u00e0 Gera\u00e7\u00e3o Depositr\u00e3o, parceria mais antiga deste projeto. Tamb\u00e9m a Gera\u00e7\u00e3o Verd\u00e3o tem vindo a crescer em n\u00famero de escolas interessadas, o que refor\u00e7a a nossa colabora\u00e7\u00e3o com a Novo Verde. Apelamos, assim, ao contributo dos Professores Coordenadores Eco-Escolas para que continuem o excelente trabalho de literacia ambiental\u201d.<\/p>\n<p><strong>Sobre a Novo Verde<\/strong><\/p>\n<p>A Novo Verde \u00e9 uma sociedade gestora de res\u00edduos, respons\u00e1vel pela recolha, valoriza\u00e7\u00e3o e\/ou reciclagem de embalagens e res\u00edduos de embalagens. A Licen\u00e7a para exercer a sua atividade data de 25 de novembro de 2016 e foi atribu\u00edda pelos Gabinetes dos Secret\u00e1rios de Estado Adjunto e do Com\u00e9rcio e do Ambiente, atrav\u00e9s do\u202fDespacho n\u00ba 14202-D\/2016, posteriormente atualizado pelo Despacho n.\u00ba 5615\/2020, de 20 de maio.<\/p>\n<p>Com base na experi\u00eancia consolidada em mat\u00e9ria de gest\u00e3o de\u202fres\u00edduos em Portugal e outros pa\u00edses, a Novo Verde amplia a oferta de servi\u00e7os neste setor, promovendo a integra\u00e7\u00e3o e envolvimento dos diferentes intervenientes, num sistema simples e transparente.\u202fA Novo Verde foi pioneira na introdu\u00e7\u00e3o do fator concorr\u00eancia no mercado nacional de gest\u00e3o de res\u00edduos de embalagens, com vista \u00e0 implementa\u00e7\u00e3o de alternativas e m\u00e9todos de trabalho eficazes para todos os agentes que fazem parte do sistema integrado, nomeadamente: embaladores\/importadores, fabricantes de embalagens e materiais de embalagem, distribuidores, operadores, sistemas de gest\u00e3o de res\u00edduos urbanos e consumidores.<\/p>\n<p>Os objetivos nacionais de valoriza\u00e7\u00e3o e reciclagem de res\u00edduos de embalagens correspondem ao previsto no Decreto-Lei n.\u00ba 152-D\/2017, na sua reda\u00e7\u00e3o atual. A Novo Verde assume o compromisso de cumprir os objetivos de gest\u00e3o dos res\u00edduos de embalagens decorrentes de embalagens colocadas no territ\u00f3rio nacional, tendo como referencial a propor\u00e7\u00e3o equivalente ao peso das embalagens que lhe s\u00e3o declaradas. Mais informa\u00e7\u00e3o no <a href=\"https:\/\/www.novoverde.pt\/\">site<\/a> da Novo Verde e nas redes sociais: <a href=\"https:\/\/www.facebook.com\/Novo-Verde-1125033141034664\/\">Facebook<\/a>, <a href=\"https:\/\/www.instagram.com\/novo_verde\/?hl=pt\">Instagram<\/a> e <a href=\"https:\/\/www.linkedin.com\/company\/novo-verde\/\">LinkedIn<\/a>.<\/p>\n<p><strong>Sobre a ERP<\/strong><\/p>\n<p>A ERP Portugal pertence a uma plataforma pan-Europeia,\u202fEuropean Recycling Platform (ERP), fundada em dezembro de 2002. Esta plataforma tem uma quota de mercado entre 12% e 36% e j\u00e1 recolheu mais de 4 milh\u00f5es de toneladas de REEE (Res\u00edduos de Equipamentos El\u00e9tricos e Eletr\u00f3nicos) na Europa. A 27 de abril de 2006, atrav\u00e9s de um despacho conjunto emitido pelo Minist\u00e9rio da Economia e Inova\u00e7\u00e3o e pelo Minist\u00e9rio do Ambiente e Ordenamento do Territ\u00f3rio, obteve a licen\u00e7a para exercer a atividade de Gest\u00e3o de REEE, em Portugal.<\/p>\n<p>A licen\u00e7a para fazer a gest\u00e3o de Res\u00edduos de Pilhas e Acumuladores (RP&amp;A) foi atribu\u00edda a 3 de mar\u00e7o de 2010 pelo Minist\u00e9rio do Ambiente e do Ordenamento do Territ\u00f3rio. A ERP assume como miss\u00e3o assegurar a implementa\u00e7\u00e3o mais rent\u00e1vel de um Sistema de Gest\u00e3o de REEE e RP&amp;A, para o benef\u00edcio dos seus aderentes e empresas, dando lugar a oportunidades de neg\u00f3cio e vantagens competitivas. A ERP j\u00e1 est\u00e1 a operar nos seguintes pa\u00edses: Alemanha, \u00c1ustria, Dinamarca, Eslov\u00e1quia, Espanha, Finl\u00e2ndia, Fran\u00e7a, Holanda, Irlanda, It\u00e1lia, Noruega, Pol\u00f3nia, Portugal, Reino Unido, Su\u00e9cia e Israel.<\/p>\n<p>Mais informa\u00e7\u00e3o em <a href=\"https:\/\/erp-recycling.org\/pt-pt\/\">https:\/\/erp-recycling.org\/pt-pt\/<\/a> ou\u202f<a href=\"http:\/\/www.facebook.com\/erp.portugal\">http:\/\/www.facebook.com\/erp.portugal<\/a><\/p>\n","protected":false},"excerpt":{"rendered":"<p>A Parceria entre ERP Portugal e Novo Verde \u00e9 o mais abrangente programa de educa\u00e7\u00e3o ambiental a n\u00edvel nacional. As inscri\u00e7\u00f5es para os desafios propostos pela entidade gestora de res\u00edduos de equipamentos el\u00e9tricos e eletr\u00f3nicos (REEE) e de res\u00edduos de baterias (RPA), ERP Portugal \u2013 atrav\u00e9s da Gera\u00e7\u00e3o Depositr\u00e3o \u2013 e pela entidade gestora de [&hellip;]<\/p>\n","protected":false},"author":2,"featured_media":33905,"comment_status":"open","ping_status":"open","sticky":false,"template":"","format":"standard","meta":{"footnotes":""},"categories":[9],"tags":[],"class_list":["post-33902","post","type-post","status-publish","format-standard","has-post-thumbnail","hentry","category-ambiente"],"_links":{"self":[{"href":"https:\/\/tintafresca.net\/index.php\/wp-json\/wp\/v2\/posts\/33902","targetHints":{"allow":["GET"]}}],"collection":[{"href":"https:\/\/tintafresca.net\/index.php\/wp-json\/wp\/v2\/posts"}],"about":[{"href":"https:\/\/tintafresca.net\/index.php\/wp-json\/wp\/v2\/types\/post"}],"author":[{"embeddable":true,"href":"https:\/\/tintafresca.net\/index.php\/wp-json\/wp\/v2\/users\/2"}],"replies":[{"embeddable":true,"href":"https:\/\/tintafresca.net\/index.php\/wp-json\/wp\/v2\/comments?post=33902"}],"version-history":[{"count":2,"href":"https:\/\/tintafresca.net\/index.php\/wp-json\/wp\/v2\/posts\/33902\/revisions"}],"predecessor-version":[{"id":33906,"href":"https:\/\/tintafresca.net\/index.php\/wp-json\/wp\/v2\/posts\/33902\/revisions\/33906"}],"wp:featuredmedia":[{"embeddable":true,"href":"https:\/\/tintafresca.net\/index.php\/wp-json\/wp\/v2\/media\/33905"}],"wp:attachment":[{"href":"https:\/\/tintafresca.net\/index.php\/wp-json\/wp\/v2\/media?parent=33902"}],"wp:term":[{"taxonomy":"category","embeddable":true,"href":"https:\/\/tintafresca.net\/index.php\/wp-json\/wp\/v2\/categories?post=33902"},{"taxonomy":"post_tag","embeddable":true,"href":"https:\/\/tintafresca.net\/index.php\/wp-json\/wp\/v2\/tags?post=33902"}],"curies":[{"name":"wp","href":"https:\/\/api.w.org\/{rel}","templated":true}]}}