{"id":33921,"date":"2024-02-29T11:34:26","date_gmt":"2024-02-29T11:34:26","guid":{"rendered":"https:\/\/tintafresca.net\/?p=33921"},"modified":"2024-02-29T11:36:11","modified_gmt":"2024-02-29T11:36:11","slug":"turismo-do-centro-apresentou-novos-suportes-de-comunicacao-e-promocao-na-btl","status":"publish","type":"post","link":"https:\/\/tintafresca.net\/index.php\/2024\/02\/29\/turismo-do-centro-apresentou-novos-suportes-de-comunicacao-e-promocao-na-btl\/","title":{"rendered":"Turismo do Centro apresentou novos suportes de comunica\u00e7\u00e3o e promo\u00e7\u00e3o na BTL"},"content":{"rendered":"<div id=\"attachment_33923\" style=\"width: 510px\" class=\"wp-caption alignleft\"><img loading=\"lazy\" decoding=\"async\" aria-describedby=\"caption-attachment-33923\" class=\"wp-image-33923 size-full\" src=\"https:\/\/tintafresca.net\/wp-content\/uploads\/2024\/02\/TCP_BTL10.jpg\" alt=\"\" width=\"500\" height=\"281\" srcset=\"https:\/\/tintafresca.net\/wp-content\/uploads\/2024\/02\/TCP_BTL10.jpg 500w, https:\/\/tintafresca.net\/wp-content\/uploads\/2024\/02\/TCP_BTL10-300x169.jpg 300w\" sizes=\"auto, (max-width: 500px) 100vw, 500px\" \/><p id=\"caption-attachment-33923\" class=\"wp-caption-text\">Presidente Marcelo Rebelo de Sousa brindou \u00e0 BTL 2024<\/p><\/div>\n<p>A Turismo Centro de Portugal (TCP) apresentou esta quarta-feira, dia 28 de fevereiro, na BTL \u2013 Bolsa de Turismo de Lisboa os seus novos suportes de comunica\u00e7\u00e3o e promo\u00e7\u00e3o, que d\u00e3o a conhecer aos visitantes a oferta tur\u00edstica da regi\u00e3o.<\/p>\n<p>Uma das propostas, que foram dadas a conhecer por S\u00edlvia Ribau, chefe do N\u00facleo de Estrutura\u00e7\u00e3o, Planeamento e Promo\u00e7\u00e3o Tur\u00edstica da TCP, s\u00e3o oito guias de oferta tur\u00edstica, um por Comunidade Intermunicipal (CIM) do Centro de Portugal. Muito completos na informa\u00e7\u00e3o, os oito guias d\u00e3o a conhecer aos turistas o que fazer, o que visitar e o que experimentar nos diversos territ\u00f3rios da Regi\u00e3o de Aveiro, Regi\u00e3o de Coimbra, Regi\u00e3o de Leiria, Viseu D\u00e3o Laf\u00f5es, Beiras e Serra da Estrela, Beira Baixa, M\u00e9dio Tejo e Oeste.<\/p>\n<p>Outro dos novos suportes \u00e9 o Roteiro do Turismo Industrial, que foi precisamente lan\u00e7ado nesta BTL. Este roteiro \u00e9 um guia para descobrir os 49 aderentes \u00e0 Rede Portuguesa de Turismo Industrial, que tem locais emblem\u00e1ticos nesta regi\u00e3o.<\/p>\n<p>Um guia com \u201cShort Breaks\u201d, para estadias no Centro de Portugal, foi outro suporte apresentado. Esta publica\u00e7\u00e3o contempla promo\u00e7\u00f5es de 147 alojamentos, entre hot\u00e9is, unidades de turismo de habita\u00e7\u00e3o, agroturismos, casas de campo e parques de campismo.<\/p>\n<p>Os novos suportes est\u00e3o desde hoje dispon\u00edveis na rede de postos de turismo da TCP e em <a href=\"https:\/\/turismodocentro.pt\/roteiros\/brochuras-promocionais\">https:\/\/turismodocentro.pt\/roteiros\/brochuras-promocionais<\/a><\/p>\n<p>Presente na apresenta\u00e7\u00e3o, Anabela Freitas, vice-presidente da Turismo Centro de Portugal (por impedimento do presidente Raul Almeida), destacou o grande crescimento da procura tur\u00edstica na regi\u00e3o, que bateu todos os recordes em 2023.<\/p>\n<p>\u201cO Centro de Portugal cresceu mais do que a m\u00e9dia nacional no ano passado e est\u00e1 a criar novos produtos tur\u00edsticos, na gastronomia, no turismo industrial ou nas redes colaborativas. Mas n\u00e3o trabalhamos sozinhos: trabalhamos em conjunto com um vasto leque de parceiros institucionais\u201d, considerou.<\/p>\n<p>Cumpriu-se a tradi\u00e7\u00e3o: Presidente da Rep\u00fablica visitou stand da Turismo do Centro<\/p>\n<p>A tradi\u00e7\u00e3o ainda \u00e9 o que era e o Presidente da Rep\u00fablica fez quest\u00e3o de visitar o stand da Turismo Centro de Portugal, no arranque do primeiro dia da BTL. Marcelo Rebelo de Sousa foi recebido por Anabela Freitas e outros representantes do territ\u00f3rio.<\/p>\n<p>O Presidente da Rep\u00fablica teve oportunidade de conhecer a enorme variedade de produtos tur\u00edsticos da maior regi\u00e3o de turismo do pa\u00eds, trocou dois dedos de conversa com os colaboradores do stand, provou o c\u00e9lebre Leit\u00e3o da Mealhada e, como n\u00e3o poderia deixar de ser, foi muito fotografado.<\/p>\n<p>Tamb\u00e9m de manh\u00e3, o stand foi visitado pelo Secret\u00e1rio de Estado do Turismo, Nuno Fazenda, que foi acompanhado pelo presidente do Turismo de Portugal, Carlos Abade.<\/p>\n<p><strong>\u00a0M\u00e9dio Tejo, Coimbra e Beira Baixa em destaque no primeiro dia<\/strong><\/p>\n<p>Antes, a come\u00e7ar o dia, a Escola de Hotelaria e Turismo de Coimbra e a Escola de Hotelaria de F\u00e1tima ofereceram ch\u00e1s, caf\u00e9s e sabores regionais e o Munic\u00edpio da Mealhada proporcionou a degusta\u00e7\u00e3o dos produtos 4 Maravilhas da Mealhada: \u00c1gua, P\u00e3o, Vinho e Leit\u00e3o.<\/p>\n<p>A tarde come\u00e7ou com a CIM Regi\u00e3o de Coimbra a apresentar a Festa do Queijo Serra da Estrela de Oliveira do Hospital. O grande protagonista deste momento foi o cantor Toy, que animou os presentes gra\u00e7as ao seu apurado sentido de humor.<\/p>\n<p>Seguiu-se um espa\u00e7o dedicado \u00e0 CIM M\u00e9dio Tejo. Depois de Manuel Jorge Valamatos, presidente da CIM, dar as boas-vindas aos presentes, foram apresentados alguns destaques tur\u00edsticos da regi\u00e3o.<\/p>\n<p>Um a um, foram revelados os Projetos Rota dos Templ\u00e1rios e Caminhos de F\u00e1tima; a visita imersiva ao Castelo de Almourol; o Centro de Interpreta\u00e7\u00e3o da Semana Santa e do Patrim\u00f3nio Religioso, no Sardoal; o projeto AO.RI &#8211; Artes e Of\u00edcios do Ribatejo Interior (Abrantes, Const\u00e2ncia e Sardoal); o Projeto Ouro L\u00edquido (Alcanena e Torres Novas); a Praia Fluvial da Bairrada \/ Bairradinha (Ferreira do Z\u00eazere); o Roteiro de Ver\u00e3o em Ma\u00e7\u00e3o; o Evento \u201cLa Vuelta\u201d em Our\u00e9m; o Wellness Weekend 2024, em Tomar; e a iniciativa \u201cTurismo Torres Novas Parte ao Encontro\u201d. Este momento culminou com uma mostra gastron\u00f3mica de produtos do M\u00e9dio Tejo.<\/p>\n<p>O espa\u00e7o seguinte teve como protagonista o Munic\u00edpio de Coimbra. O presidente da autarquia, Jos\u00e9 Manuel Silva, apresentou os motivos que levaram a cidade a ser o Destino Nacional Convidado BTL\u201924.<\/p>\n<p>O primeiro dia de BTL no stand da TCP terminou com um momento destinado \u00e0 Beira Baixa. Jo\u00e3o Lobo, presidente da CIM, introduziu as mais-valias tur\u00edsticas deste territ\u00f3rio. De seguida, foram apresentados os projetos \u201cBem Vindos \u00e0 Beira Baixa\u201d e \u201cBeira Baixa \u2013 diferentes vers\u00f5es de um mesmo territ\u00f3rio\u201d, assim como o v\u00eddeo \u201cBeira Baixa \u00e9 para celebrar!!!\u201d \u2013 e uma mostra gastron\u00f3mica da regi\u00e3o.<\/p>\n<p>O stand da Turismo Centro de Portugal est\u00e1 \u00e0 sua espera no Pavilh\u00e3o 1 da BTL, na FIL \u2013 Feira Internacional de Lisboa, at\u00e9 ao pr\u00f3ximo domingo. Pode consultar o programa em www.turismodocentro.pt.<\/p>\n<p><strong>Sobre a Turismo Centro de Portugal<\/strong><\/p>\n<p>A Turismo Centro de Portugal \u00e9 a entidade que estrutura e promove o turismo na Regi\u00e3o Centro do pa\u00eds. Esta \u00e9 a maior e mais diversificada \u00e1rea tur\u00edstica nacional, abrangendo 100 munic\u00edpios, e tem registado um intenso crescimento da procura interna e externa. \u00c9 a regi\u00e3o a escolher para quem pretende experi\u00eancias diversificadas, pois concilia locais Patrim\u00f3nio da Humanidade com a melhor costa de surf da Europa, termas e spas id\u00edlicos, locais de culto de import\u00e2ncia mundial e as mais belas aldeias.<\/p>\n<p><strong>Fonte: TCP e AdC<\/strong><\/p>\n","protected":false},"excerpt":{"rendered":"<p>A Turismo Centro de Portugal (TCP) apresentou esta quarta-feira, dia 28 de fevereiro, na BTL \u2013 Bolsa de Turismo de Lisboa os seus novos suportes de comunica\u00e7\u00e3o e promo\u00e7\u00e3o, que d\u00e3o a conhecer aos visitantes a oferta tur\u00edstica da regi\u00e3o. Uma das propostas, que foram dadas a conhecer por S\u00edlvia Ribau, chefe do N\u00facleo de [&hellip;]<\/p>\n","protected":false},"author":2,"featured_media":33924,"comment_status":"open","ping_status":"open","sticky":false,"template":"","format":"standard","meta":{"footnotes":""},"categories":[7],"tags":[],"class_list":["post-33921","post","type-post","status-publish","format-standard","has-post-thumbnail","hentry","category-economia"],"_links":{"self":[{"href":"https:\/\/tintafresca.net\/index.php\/wp-json\/wp\/v2\/posts\/33921","targetHints":{"allow":["GET"]}}],"collection":[{"href":"https:\/\/tintafresca.net\/index.php\/wp-json\/wp\/v2\/posts"}],"about":[{"href":"https:\/\/tintafresca.net\/index.php\/wp-json\/wp\/v2\/types\/post"}],"author":[{"embeddable":true,"href":"https:\/\/tintafresca.net\/index.php\/wp-json\/wp\/v2\/users\/2"}],"replies":[{"embeddable":true,"href":"https:\/\/tintafresca.net\/index.php\/wp-json\/wp\/v2\/comments?post=33921"}],"version-history":[{"count":3,"href":"https:\/\/tintafresca.net\/index.php\/wp-json\/wp\/v2\/posts\/33921\/revisions"}],"predecessor-version":[{"id":33926,"href":"https:\/\/tintafresca.net\/index.php\/wp-json\/wp\/v2\/posts\/33921\/revisions\/33926"}],"wp:featuredmedia":[{"embeddable":true,"href":"https:\/\/tintafresca.net\/index.php\/wp-json\/wp\/v2\/media\/33924"}],"wp:attachment":[{"href":"https:\/\/tintafresca.net\/index.php\/wp-json\/wp\/v2\/media?parent=33921"}],"wp:term":[{"taxonomy":"category","embeddable":true,"href":"https:\/\/tintafresca.net\/index.php\/wp-json\/wp\/v2\/categories?post=33921"},{"taxonomy":"post_tag","embeddable":true,"href":"https:\/\/tintafresca.net\/index.php\/wp-json\/wp\/v2\/tags?post=33921"}],"curies":[{"name":"wp","href":"https:\/\/api.w.org\/{rel}","templated":true}]}}