{"id":34269,"date":"2024-03-21T19:26:15","date_gmt":"2024-03-21T19:26:15","guid":{"rendered":"https:\/\/tintafresca.net\/?p=34269"},"modified":"2024-03-22T19:48:04","modified_gmt":"2024-03-22T19:48:04","slug":"camara-de-alcobaca-apresenta-na-benedita-proposta-de-regulamento-da-aleb","status":"publish","type":"post","link":"https:\/\/tintafresca.net\/index.php\/2024\/03\/21\/camara-de-alcobaca-apresenta-na-benedita-proposta-de-regulamento-da-aleb\/","title":{"rendered":"C\u00e2mara de Alcoba\u00e7a apresenta na Benedita proposta de regulamento da ALEB"},"content":{"rendered":"<div id=\"attachment_34274\" style=\"width: 490px\" class=\"wp-caption alignleft\"><img loading=\"lazy\" decoding=\"async\" aria-describedby=\"caption-attachment-34274\" class=\"wp-image-34274 size-full\" src=\"https:\/\/tintafresca.net\/wp-content\/uploads\/2024\/03\/Alcobaca_reuniao_Benedita-1.jpeg\" alt=\"\" width=\"480\" height=\"360\" srcset=\"https:\/\/tintafresca.net\/wp-content\/uploads\/2024\/03\/Alcobaca_reuniao_Benedita-1.jpeg 480w, https:\/\/tintafresca.net\/wp-content\/uploads\/2024\/03\/Alcobaca_reuniao_Benedita-1-300x225.jpeg 300w\" sizes=\"auto, (max-width: 480px) 100vw, 480px\" \/><p id=\"caption-attachment-34274\" class=\"wp-caption-text\">Reuni\u00e3o camar\u00e1ria na Benedita<\/p><\/div>\n<p>A C\u00e2mara Municipal de Alcoba\u00e7a promoveu, na noite desta quarta-feira, dia 20 de mar\u00e7o, na sede da Junta de Freguesia da Benedita, uma reuni\u00e3o de C\u00e2mara extraordin\u00e1ria e descentralizada para apresenta\u00e7\u00e3o e discuss\u00e3o do regulamento da \u00c1rea de Localiza\u00e7\u00e3o Empresarial da Benedita.<\/p>\n<p>Para o efeito, foram convocados os membros do Executivo da Junta e da Assembleia de Freguesia para integr\u00e1-los na discuss\u00e3o sobre principais pressupostos e caracter\u00edsticas do regulamento.<\/p>\n<p>\u201cA ALEB ser\u00e1 uma infraestrutura de refer\u00eancia para toda a regi\u00e3o e para todo pa\u00eds. Por\u00e9m, a sua g\u00e9nese reside numa longa reivindica\u00e7\u00e3o, com mais de 30 anos, dos empres\u00e1rios da Benedita. Este regulamento procurar\u00e1 acima de tudo responder aos seus anseios e \u00e0s suas necessidades. Entre 2019 e 2023, o concelho de Alcoba\u00e7a apresentou o 3\u00ba melhor saldo entre constitui\u00e7\u00e3o e dissolu\u00e7\u00e3o de empresas e a Benedita \u00e9 seguramente a freguesia que mais contribui para esta realidade. A sa\u00fade e a pujan\u00e7a econ\u00f3mica de todo concelho refletem o trabalho que aqui se tem vindo a desenvolver nas \u00faltimas d\u00e9cadas. A ALEB ir\u00e1 honrar todo este legado, promovendo o progresso e o desenvolvimento sustent\u00e1vel\u201d, afirmou o presidente da C\u00e2mara Municipal de Alcoba\u00e7a Herm\u00ednio Rodrigues.<\/p>\n<p><strong>Sobre a ALEB<\/strong><\/p>\n<p>Localizada na Quinta da Serra (junto ao IC2, na Benedita), a ALEB conta com uma \u00e1rea de 53,7 hectares dividida em 73 parcelas que se destinam \u00e0 instala\u00e7\u00e3o de ind\u00fastria, log\u00edstica, armazenagem, com\u00e9rcio e servi\u00e7os.<\/p>\n<p>Trata-se de uma infraestrutura com dimens\u00e3o e impacto regional, mas que dar\u00e1 um novo impulso ao sul do concelho de Alcoba\u00e7a, onde est\u00e3o instaladas v\u00e1rias empresas de renome nacional e internacional, que d\u00e3o cartas em diversos setores como a cutelaria, o cal\u00e7ado, a marroquinaria, a extra\u00e7\u00e3o da pedra, entre muitos outros.<\/p>\n<p>A ordena\u00e7\u00e3o do tecido industrial da freguesia \u00e9, pois, um desejo de d\u00e9cadas por parte dos empres\u00e1rios que agora ser\u00e1 consolidada naquela que \u00e9 a maior obra de sempre da C\u00e2mara Municipal de Alcoba\u00e7a: 7.5 milh\u00f5es de euros de investimento.<\/p>\n<p>Ao longo dos \u00faltimos anos, o projeto foi superando dif\u00edceis etapas e procedimentos burocr\u00e1ticos, obtendo pareceres favor\u00e1veis de todos os organismos respons\u00e1veis pelo licenciamento ambiental e gest\u00e3o territorial, nomeadamente a CCDR-LVT, as Infraestruturas de Portugal, o Instituto de Conserva\u00e7\u00e3o da Natureza e das Florestas e a Ag\u00eancia Portuguesa do Ambiente.<\/p>\n<p>A inaugura\u00e7\u00e3o da ALEB ser\u00e1 anunciada brevemente.<\/p>\n<p><strong>\u00a0 \u00a0 \u00a0Fonte: GAP|CMA<\/strong><\/p>\n","protected":false},"excerpt":{"rendered":"<p>A C\u00e2mara Municipal de Alcoba\u00e7a promoveu, na noite desta quarta-feira, dia 20 de mar\u00e7o, na sede da Junta de Freguesia da Benedita, uma reuni\u00e3o de C\u00e2mara extraordin\u00e1ria e descentralizada para apresenta\u00e7\u00e3o e discuss\u00e3o do regulamento da \u00c1rea de Localiza\u00e7\u00e3o Empresarial da Benedita. Para o efeito, foram convocados os membros do Executivo da Junta e da [&hellip;]<\/p>\n","protected":false},"author":2,"featured_media":34273,"comment_status":"open","ping_status":"open","sticky":false,"template":"","format":"standard","meta":{"footnotes":""},"categories":[7],"tags":[],"class_list":["post-34269","post","type-post","status-publish","format-standard","has-post-thumbnail","hentry","category-economia"],"_links":{"self":[{"href":"https:\/\/tintafresca.net\/index.php\/wp-json\/wp\/v2\/posts\/34269","targetHints":{"allow":["GET"]}}],"collection":[{"href":"https:\/\/tintafresca.net\/index.php\/wp-json\/wp\/v2\/posts"}],"about":[{"href":"https:\/\/tintafresca.net\/index.php\/wp-json\/wp\/v2\/types\/post"}],"author":[{"embeddable":true,"href":"https:\/\/tintafresca.net\/index.php\/wp-json\/wp\/v2\/users\/2"}],"replies":[{"embeddable":true,"href":"https:\/\/tintafresca.net\/index.php\/wp-json\/wp\/v2\/comments?post=34269"}],"version-history":[{"count":3,"href":"https:\/\/tintafresca.net\/index.php\/wp-json\/wp\/v2\/posts\/34269\/revisions"}],"predecessor-version":[{"id":34275,"href":"https:\/\/tintafresca.net\/index.php\/wp-json\/wp\/v2\/posts\/34269\/revisions\/34275"}],"wp:featuredmedia":[{"embeddable":true,"href":"https:\/\/tintafresca.net\/index.php\/wp-json\/wp\/v2\/media\/34273"}],"wp:attachment":[{"href":"https:\/\/tintafresca.net\/index.php\/wp-json\/wp\/v2\/media?parent=34269"}],"wp:term":[{"taxonomy":"category","embeddable":true,"href":"https:\/\/tintafresca.net\/index.php\/wp-json\/wp\/v2\/categories?post=34269"},{"taxonomy":"post_tag","embeddable":true,"href":"https:\/\/tintafresca.net\/index.php\/wp-json\/wp\/v2\/tags?post=34269"}],"curies":[{"name":"wp","href":"https:\/\/api.w.org\/{rel}","templated":true}]}}