{"id":34281,"date":"2024-03-22T19:33:22","date_gmt":"2024-03-22T19:33:22","guid":{"rendered":"https:\/\/tintafresca.net\/?p=34281"},"modified":"2024-03-23T18:51:43","modified_gmt":"2024-03-23T18:51:43","slug":"urgencia-de-psiquiatria-da-uls-do-oeste-entra-em-funcionamento-na-proxima-segunda-feira","status":"publish","type":"post","link":"https:\/\/tintafresca.net\/index.php\/2024\/03\/22\/urgencia-de-psiquiatria-da-uls-do-oeste-entra-em-funcionamento-na-proxima-segunda-feira\/","title":{"rendered":"Urg\u00eancia de Psiquiatria da Unidade Local de Sa\u00fade do Oeste entra em funcionamento na pr\u00f3xima segunda-feira"},"content":{"rendered":"<div id=\"attachment_34283\" style=\"width: 510px\" class=\"wp-caption alignleft\"><img loading=\"lazy\" decoding=\"async\" aria-describedby=\"caption-attachment-34283\" class=\"wp-image-34283 size-full\" src=\"https:\/\/tintafresca.net\/wp-content\/uploads\/2024\/03\/Caldas_Servico_Urgencia10.jpg\" alt=\"\" width=\"500\" height=\"333\" srcset=\"https:\/\/tintafresca.net\/wp-content\/uploads\/2024\/03\/Caldas_Servico_Urgencia10.jpg 500w, https:\/\/tintafresca.net\/wp-content\/uploads\/2024\/03\/Caldas_Servico_Urgencia10-300x200.jpg 300w\" sizes=\"auto, (max-width: 500px) 100vw, 500px\" \/><p id=\"caption-attachment-34283\" class=\"wp-caption-text\">Servi\u00e7o de Urg\u00eancia do Hospital de Caldas da Rainha<\/p><\/div>\n<p>O Conselho de Administra\u00e7\u00e3o da Unidade Local de Sa\u00fade do Oeste, E.P.E. informa que ir\u00e1 entrar em funcionamento na pr\u00f3xima segunda-feira, 25 de mar\u00e7o de 2024, a Urg\u00eancia de Psiquiatria da Unidade Local de Sa\u00fade do Oeste, ficando sediada no Servi\u00e7o de Urg\u00eancia M\u00e9dico-Cir\u00fargica do Hospital de Caldas da Rainha.<\/p>\n<p>O Servi\u00e7o de Urg\u00eancia de Psiquiatria da ULS do Oeste funcionar\u00e1 todos os dias \u00fateis entre as 08h e as 20h, com a presen\u00e7a f\u00edsica de m\u00e9dico psiquiatra.<\/p>\n<p>No que concerne \u00e0 \u00e1rea de influ\u00eancia, o Servi\u00e7o de Urg\u00eancia de Psiquiatria da ULS do Oeste ir\u00e1 receber utentes dos concelhos de Caldas da Rainha, \u00d3bidos, Bombarral, Peniche e Sobral de Monte Agra\u00e7o. Os utentes provenientes dos concelhos de Lourinh\u00e3, Cadaval e Torres Vedras continuam, transitoriamente, a ser referenciados para outro Hospital.<\/p>\n<p>O Conselho de Administra\u00e7\u00e3o da Unidade Local de Sa\u00fade do Oeste, E.P.E. congratula-se com a entrada em funcionamento da Urg\u00eancia de Psiquiatria, at\u00e9 \u00e0 data inexistente, refor\u00e7ando deste modo a presta\u00e7\u00e3o de cuidados ao n\u00edvel da sa\u00fade mental \u00e0 popula\u00e7\u00e3o da regi\u00e3o Oeste, evitando v\u00e1rias transfer\u00eancias de utentes para as urg\u00eancias dos hospitais centrais, em Lisboa.<\/p>\n<p>Recorde-se que no in\u00edcio do m\u00eas de mar\u00e7o, entrou em funcionamento a Unidade de Internamento de Psiquiatria e Sa\u00fade Mental, localizada no Hospital de Peniche, com lota\u00e7\u00e3o para 15 camas, traduzindo-se em mais um investimento da ULS do Oeste na \u00e1rea da Sa\u00fade Mental.<\/p>\n<p>A Unidade Local de Sa\u00fade do Oeste agrega, desde 01 de janeiro de 2024, numa \u00fanica entidade o Centro Hospitalar do Oeste, o Agrupamento de Centros de Sa\u00fade (ACES) do Oeste Norte e o Agrupamento de Centros de Sa\u00fade do Oeste Sul, integrando os concelhos de Caldas da Rainha, \u00d3bidos, Bombarral, Peniche, Lourinh\u00e3, Cadaval, Torres Vedras, Sobral Monte Agra\u00e7o. A popula\u00e7\u00e3o residente da \u00e1rea geogr\u00e1fica de influ\u00eancia direta da ULS do Oeste \u00e9 de 235.231 residentes, distribu\u00eddos por aproximadamente 1.348 km\u00b2.<\/p>\n<p><strong>\u00a0 \u00a0 \u00a0Fonte: VN|ULS|Oeste<\/strong><\/p>\n","protected":false},"excerpt":{"rendered":"<p>O Conselho de Administra\u00e7\u00e3o da Unidade Local de Sa\u00fade do Oeste, E.P.E. informa que ir\u00e1 entrar em funcionamento na pr\u00f3xima segunda-feira, 25 de mar\u00e7o de 2024, a Urg\u00eancia de Psiquiatria da Unidade Local de Sa\u00fade do Oeste, ficando sediada no Servi\u00e7o de Urg\u00eancia M\u00e9dico-Cir\u00fargica do Hospital de Caldas da Rainha. O Servi\u00e7o de Urg\u00eancia de [&hellip;]<\/p>\n","protected":false},"author":2,"featured_media":34284,"comment_status":"open","ping_status":"open","sticky":false,"template":"","format":"standard","meta":{"footnotes":""},"categories":[6],"tags":[],"class_list":["post-34281","post","type-post","status-publish","format-standard","has-post-thumbnail","hentry","category-saude"],"_links":{"self":[{"href":"https:\/\/tintafresca.net\/index.php\/wp-json\/wp\/v2\/posts\/34281","targetHints":{"allow":["GET"]}}],"collection":[{"href":"https:\/\/tintafresca.net\/index.php\/wp-json\/wp\/v2\/posts"}],"about":[{"href":"https:\/\/tintafresca.net\/index.php\/wp-json\/wp\/v2\/types\/post"}],"author":[{"embeddable":true,"href":"https:\/\/tintafresca.net\/index.php\/wp-json\/wp\/v2\/users\/2"}],"replies":[{"embeddable":true,"href":"https:\/\/tintafresca.net\/index.php\/wp-json\/wp\/v2\/comments?post=34281"}],"version-history":[{"count":3,"href":"https:\/\/tintafresca.net\/index.php\/wp-json\/wp\/v2\/posts\/34281\/revisions"}],"predecessor-version":[{"id":34302,"href":"https:\/\/tintafresca.net\/index.php\/wp-json\/wp\/v2\/posts\/34281\/revisions\/34302"}],"wp:featuredmedia":[{"embeddable":true,"href":"https:\/\/tintafresca.net\/index.php\/wp-json\/wp\/v2\/media\/34284"}],"wp:attachment":[{"href":"https:\/\/tintafresca.net\/index.php\/wp-json\/wp\/v2\/media?parent=34281"}],"wp:term":[{"taxonomy":"category","embeddable":true,"href":"https:\/\/tintafresca.net\/index.php\/wp-json\/wp\/v2\/categories?post=34281"},{"taxonomy":"post_tag","embeddable":true,"href":"https:\/\/tintafresca.net\/index.php\/wp-json\/wp\/v2\/tags?post=34281"}],"curies":[{"name":"wp","href":"https:\/\/api.w.org\/{rel}","templated":true}]}}