{"id":3440,"date":"2021-04-22T20:25:44","date_gmt":"2021-04-22T20:25:44","guid":{"rendered":"https:\/\/tintafresca.net\/?p=3440"},"modified":"2021-04-22T20:38:08","modified_gmt":"2021-04-22T20:38:08","slug":"camara-da-batalha-recusa-receber-apenas-200-vacinas-diarias-e-reclama-maior-celeridade-no-plano-de-vacinacao","status":"publish","type":"post","link":"https:\/\/tintafresca.net\/index.php\/2021\/04\/22\/camara-da-batalha-recusa-receber-apenas-200-vacinas-diarias-e-reclama-maior-celeridade-no-plano-de-vacinacao\/","title":{"rendered":"Batalha recusa receber apenas 200 vacinas\/dia e reclama maior celeridade no plano de vacina\u00e7\u00e3o"},"content":{"rendered":"<div id=\"attachment_3442\" style=\"width: 510px\" class=\"wp-caption alignleft\"><img loading=\"lazy\" decoding=\"async\" aria-describedby=\"caption-attachment-3442\" class=\"wp-image-3442 size-full\" src=\"https:\/\/tintafresca.net\/wp-content\/uploads\/2021\/04\/Batalha_Exposalao_vacinas10.jpg\" alt=\"\" width=\"500\" height=\"666\" \/><p id=\"caption-attachment-3442\" class=\"wp-caption-text\">Centro de Vacina\u00e7\u00e3o Covid (CVC) da Batalha est\u00e1 instalado no Parque de Exposi\u00e7\u00f5es ExpoSal\u00e3o<\/p><\/div>\n<p>O presidente da\u00a0C\u00e2mara da Batalha reclama uma maior celeridade no plano de vacina\u00e7\u00e3o e garante disponibilizar recursos humanos para o efeito. Em comunica\u00e7\u00e3o dirigida \u00e0 Diretora-geral da Sa\u00fade, Dra. Gra\u00e7a Freitas, e ao Coordenador da Task Force para o Plano de Vacina\u00e7\u00e3o contra a COVID-19 em Portugal Vice-Almirante Henrique Gouveia e Melo, Paulo Batista Santos reclama uma maior utiliza\u00e7\u00e3o do Centro de Vacina\u00e7\u00e3o da Batalha, no \u00e2mbito da designada Fase 2 (a partir de abril de 2021), para al\u00e9m das 200 vacinas di\u00e1rias.<\/p>\n<p>O Centro de Vacina\u00e7\u00e3o Covid (CVC) da Batalha est\u00e1 instalado no Parque de Exposi\u00e7\u00f5es ExpoSal\u00e3o disp\u00f5e de uma capacidade de vacina\u00e7\u00e3o de 500 vacinas di\u00e1rias, com capacidade de expans\u00e3o, estando previsto na planifica\u00e7\u00e3o do ACES do Pinhal Litoral apenas administrar 200 vacinas por dia em todos com concelhos da regi\u00e3o, com exce\u00e7\u00e3o dos CVC de Leiria e Pombal, mesmo na fase em que estejam dispon\u00edveis mais vacinas da Covid-19, decis\u00e3o justificada por aus\u00eancia de recursos humanos de enfermagem e motivo de f\u00e9rias do pessoal de apoio.<\/p>\n<p>Para o autarca Paulo Batista Santos, \u201cesta decis\u00e3o \u00e9 incompreens\u00edvel, num tempo de emerg\u00eancia nacional e que se pretende atingir o objetivo de vacinar 100 mil pessoas diariamente, j\u00e1 nas pr\u00f3ximas duas semanas e para utilizar todas as vacinas que o pa\u00eds vai receber\u201d. \u201cTodos os recursos instalados devem ser mobilizados, caso contr\u00e1rio, por quest\u00f5es corporativas, estamos \u00e0 prolongar no tempo os efeitos da pandemia\u201d, refere.<\/p>\n<p>Note-se que desde o in\u00edcio do Plano de Vacina\u00e7\u00e3o, dezembro de 2020, no concelho da Batalha foram apenas administradas 2700 vacinas, incluindo os profissionais de sa\u00fade, educa\u00e7\u00e3o e dos lares, das quais apenas cerca de 560 pessoas receberam a segunda dose da vacina contra a Covid-19, o que representa menos de 16,9% da popula\u00e7\u00e3o vacinada com uma dose e cerca de 4% de pessoas com duas doses, valores abaixo do valor m\u00e9dio nacional de 20,4% e 7%, respetivamente (fonte DGS &#8211; 21.04.2021).<\/p>\n<p>\u201cEste atraso superior a 3% de pessoas vacinadas nos concelhos da regi\u00e3o de Leiria \u00e9 incompreens\u00edvel e deve ser rapidamente recuperado, para tanto os munic\u00edpios est\u00e3o dispon\u00edveis para ajudar ainda mais e, no caso da Batalha, para al\u00e9m do Centro de Vacina\u00e7\u00e3o Covid-19 de elevada capacidade e com excelentes condi\u00e7\u00f5es, estamos dispon\u00edveis para refor\u00e7ar o apoio ao n\u00edvel de recursos humanos\u201d, informa o autarca e vice-presidente da CIM de Leiria aos respons\u00e1veis nacionais do Plano de Vacina\u00e7\u00e3o.<\/p>\n","protected":false},"excerpt":{"rendered":"<p>O presidente da\u00a0C\u00e2mara da Batalha reclama uma maior celeridade no plano de vacina\u00e7\u00e3o e garante disponibilizar recursos humanos para o efeito. Em comunica\u00e7\u00e3o dirigida \u00e0 Diretora-geral da Sa\u00fade, Dra. Gra\u00e7a Freitas, e ao Coordenador da Task Force para o Plano de Vacina\u00e7\u00e3o contra a COVID-19 em Portugal Vice-Almirante Henrique Gouveia e Melo, Paulo Batista Santos [&hellip;]<\/p>\n","protected":false},"author":2,"featured_media":3446,"comment_status":"open","ping_status":"open","sticky":false,"template":"","format":"standard","meta":{"footnotes":""},"categories":[6],"tags":[],"class_list":["post-3440","post","type-post","status-publish","format-standard","has-post-thumbnail","hentry","category-saude"],"_links":{"self":[{"href":"https:\/\/tintafresca.net\/index.php\/wp-json\/wp\/v2\/posts\/3440","targetHints":{"allow":["GET"]}}],"collection":[{"href":"https:\/\/tintafresca.net\/index.php\/wp-json\/wp\/v2\/posts"}],"about":[{"href":"https:\/\/tintafresca.net\/index.php\/wp-json\/wp\/v2\/types\/post"}],"author":[{"embeddable":true,"href":"https:\/\/tintafresca.net\/index.php\/wp-json\/wp\/v2\/users\/2"}],"replies":[{"embeddable":true,"href":"https:\/\/tintafresca.net\/index.php\/wp-json\/wp\/v2\/comments?post=3440"}],"version-history":[{"count":5,"href":"https:\/\/tintafresca.net\/index.php\/wp-json\/wp\/v2\/posts\/3440\/revisions"}],"predecessor-version":[{"id":3448,"href":"https:\/\/tintafresca.net\/index.php\/wp-json\/wp\/v2\/posts\/3440\/revisions\/3448"}],"wp:featuredmedia":[{"embeddable":true,"href":"https:\/\/tintafresca.net\/index.php\/wp-json\/wp\/v2\/media\/3446"}],"wp:attachment":[{"href":"https:\/\/tintafresca.net\/index.php\/wp-json\/wp\/v2\/media?parent=3440"}],"wp:term":[{"taxonomy":"category","embeddable":true,"href":"https:\/\/tintafresca.net\/index.php\/wp-json\/wp\/v2\/categories?post=3440"},{"taxonomy":"post_tag","embeddable":true,"href":"https:\/\/tintafresca.net\/index.php\/wp-json\/wp\/v2\/tags?post=3440"}],"curies":[{"name":"wp","href":"https:\/\/api.w.org\/{rel}","templated":true}]}}