{"id":34522,"date":"2024-04-04T14:30:52","date_gmt":"2024-04-04T14:30:52","guid":{"rendered":"https:\/\/tintafresca.net\/?p=34522"},"modified":"2024-04-04T14:34:21","modified_gmt":"2024-04-04T14:34:21","slug":"uls-da-leziria-com-16-vagas-para-fixar-medicos","status":"publish","type":"post","link":"https:\/\/tintafresca.net\/index.php\/2024\/04\/04\/uls-da-leziria-com-16-vagas-para-fixar-medicos\/","title":{"rendered":"ULS da Lez\u00edria tem 16 vagas para fixar m\u00e9dicos"},"content":{"rendered":"<div id=\"attachment_15518\" style=\"width: 510px\" class=\"wp-caption alignleft\"><img loading=\"lazy\" decoding=\"async\" aria-describedby=\"caption-attachment-15518\" class=\"wp-image-15518 size-full\" src=\"https:\/\/tintafresca.net\/wp-content\/uploads\/2022\/04\/Santarem_Hospital30.jpg\" alt=\"\" width=\"500\" height=\"375\" \/><p id=\"caption-attachment-15518\" class=\"wp-caption-text\">Hospital Distrital de Santar\u00e9m<\/p><\/div>\n<p>O Governo abriu 16 vagas carenciadas para contrata\u00e7\u00e3o de m\u00e9dicos pela Unidade Local de Sa\u00fade da Lez\u00edria, nas especialidades de anestesiologia, cardiologia, dermatovenereologia, gastrenterologia, ginecologia\/obstetr\u00edcia, medicina interna, ortopedia, psiquiatria, radiologia, urologia, medicina geral e familiar e sa\u00fade p\u00fablica.<\/p>\n<p>Segundo um despacho publicado esta quinta-feira, 28 de mar\u00e7o, em Di\u00e1rio da Rep\u00fablica, a atribui\u00e7\u00e3o de vagas carenciadas visa &#8220;reduzir as assimetrias que existem nas diferentes regi\u00f5es, como as zonas perif\u00e9ricas e as zonas de maior press\u00e3o demogr\u00e1fica, que demonstram uma maior dificuldade na atra\u00e7\u00e3o de novos profissionais&#8221;.<\/p>\n<p>O mesmo documento acrescenta que &#8220;esta medida espec\u00edfica, que permite dar incentivos a quem se fixar em zonas carenciadas, contribui para a garantia do direito constitucionalmente consagrado de prote\u00e7\u00e3o \u00e0 sa\u00fade, independentemente da condi\u00e7\u00e3o social, econ\u00f3mica e local de resid\u00eancia de cada cidad\u00e3o&#8221;.<\/p>\n<p>Os m\u00e9dicos interessados em refor\u00e7ar o quadro da ULS da Lez\u00edria dever\u00e3o efetuar a sua candidatura atrav\u00e9s do emailrecrutamento@ulsleziria.min-saude.pt.<\/p>\n<p><strong>\u00a0 \u00a0 \u00a0Fonte: GCI|ULS|Lez\u00edria<\/strong><\/p>\n<p>&nbsp;<\/p>\n<p>&nbsp;<\/p>\n","protected":false},"excerpt":{"rendered":"<p>O Governo abriu 16 vagas carenciadas para contrata\u00e7\u00e3o de m\u00e9dicos pela Unidade Local de Sa\u00fade da Lez\u00edria, nas especialidades de anestesiologia, cardiologia, dermatovenereologia, gastrenterologia, ginecologia\/obstetr\u00edcia, medicina interna, ortopedia, psiquiatria, radiologia, urologia, medicina geral e familiar e sa\u00fade p\u00fablica. Segundo um despacho publicado esta quinta-feira, 28 de mar\u00e7o, em Di\u00e1rio da Rep\u00fablica, a atribui\u00e7\u00e3o de vagas [&hellip;]<\/p>\n","protected":false},"author":2,"featured_media":17685,"comment_status":"open","ping_status":"open","sticky":false,"template":"","format":"standard","meta":{"footnotes":""},"categories":[6],"tags":[],"class_list":["post-34522","post","type-post","status-publish","format-standard","has-post-thumbnail","hentry","category-saude"],"_links":{"self":[{"href":"https:\/\/tintafresca.net\/index.php\/wp-json\/wp\/v2\/posts\/34522","targetHints":{"allow":["GET"]}}],"collection":[{"href":"https:\/\/tintafresca.net\/index.php\/wp-json\/wp\/v2\/posts"}],"about":[{"href":"https:\/\/tintafresca.net\/index.php\/wp-json\/wp\/v2\/types\/post"}],"author":[{"embeddable":true,"href":"https:\/\/tintafresca.net\/index.php\/wp-json\/wp\/v2\/users\/2"}],"replies":[{"embeddable":true,"href":"https:\/\/tintafresca.net\/index.php\/wp-json\/wp\/v2\/comments?post=34522"}],"version-history":[{"count":2,"href":"https:\/\/tintafresca.net\/index.php\/wp-json\/wp\/v2\/posts\/34522\/revisions"}],"predecessor-version":[{"id":34524,"href":"https:\/\/tintafresca.net\/index.php\/wp-json\/wp\/v2\/posts\/34522\/revisions\/34524"}],"wp:featuredmedia":[{"embeddable":true,"href":"https:\/\/tintafresca.net\/index.php\/wp-json\/wp\/v2\/media\/17685"}],"wp:attachment":[{"href":"https:\/\/tintafresca.net\/index.php\/wp-json\/wp\/v2\/media?parent=34522"}],"wp:term":[{"taxonomy":"category","embeddable":true,"href":"https:\/\/tintafresca.net\/index.php\/wp-json\/wp\/v2\/categories?post=34522"},{"taxonomy":"post_tag","embeddable":true,"href":"https:\/\/tintafresca.net\/index.php\/wp-json\/wp\/v2\/tags?post=34522"}],"curies":[{"name":"wp","href":"https:\/\/api.w.org\/{rel}","templated":true}]}}