{"id":34586,"date":"2024-04-08T00:05:31","date_gmt":"2024-04-08T00:05:31","guid":{"rendered":"https:\/\/tintafresca.net\/?p=34586"},"modified":"2024-04-08T00:16:11","modified_gmt":"2024-04-08T00:16:11","slug":"usf-planalto-comemora-14-anos-a-promover-o-bem-estar-da-populacao","status":"publish","type":"post","link":"https:\/\/tintafresca.net\/index.php\/2024\/04\/08\/usf-planalto-comemora-14-anos-a-promover-o-bem-estar-da-populacao\/","title":{"rendered":"USF Planalto comemora 14 anos a promover o bem-estar da popula\u00e7\u00e3o"},"content":{"rendered":"<div id=\"attachment_34588\" style=\"width: 510px\" class=\"wp-caption alignleft\"><img loading=\"lazy\" decoding=\"async\" aria-describedby=\"caption-attachment-34588\" class=\"wp-image-34588 size-full\" src=\"https:\/\/tintafresca.net\/wp-content\/uploads\/2024\/04\/Santarem_USF_Planalto10.png\" alt=\"\" width=\"500\" height=\"353\" srcset=\"https:\/\/tintafresca.net\/wp-content\/uploads\/2024\/04\/Santarem_USF_Planalto10.png 500w, https:\/\/tintafresca.net\/wp-content\/uploads\/2024\/04\/Santarem_USF_Planalto10-300x212.png 300w\" sizes=\"auto, (max-width: 500px) 100vw, 500px\" \/><p id=\"caption-attachment-34588\" class=\"wp-caption-text\">Cartaz<\/p><\/div>\n<p>A Unidade de Sa\u00fade Familiar (USF) Planalto, localizada em Santar\u00e9m, celebrou, no dia 5 de abril, o seu 14.\u00ba ano de vida. Em dia de anivers\u00e1rio, Laurinda Leit\u00e3o, coordenadora da unidade, agora integrada na Unidade Local de Sa\u00fade da Lez\u00edria, recorda que a mesma \u201cadotou desde o in\u00edcio da sua atividade, a \u00b4miss\u00e3o\u2019 de promover o bem-estar da popula\u00e7\u00e3o, prestando o atendimento \u00e0 sua popula\u00e7\u00e3o inscrita, garantindo-lhe o seu acesso a cuidados de sa\u00fade personalizados, eficientes e de qualidade, contribuindo para a satisfa\u00e7\u00e3o dos seus utentes e profissionais.\u201d<\/p>\n<p>Segundo a respons\u00e1vel, o objetivo \u00e9 que continue a ser \u201cuma unidade de refer\u00eancia, que premeia o trabalho dos seus elementos, contando desde sempre com o reconhecimento dos utentes pela qualidade dos servi\u00e7os prestados\u201d.<\/p>\n<p>\u201cNa verdade, sempre que se comemora um anivers\u00e1rio, comemora-se a repeti\u00e7\u00e3o de um dia ou de uma data, que anualmente assinala um feito relacionado com algo ou algu\u00e9m, que nos diz. Nem sempre s\u00e3o datas felizes, nem sempre s\u00e3o feitos positivos, mas s\u00e3o, e sempre ser\u00e3o, o resultado da soma dos dias de homens e mulheres, que de um jeito ou de outro, emprestaram o seu tempo e preencheram o espa\u00e7o que mediou entre datas passadas e as presentes, de modo a transform\u00e1-las em datas memor\u00e1veis e felizes\u201d, destaca.<\/p>\n<p>Atualmente com cerca de 10.800 utentes inscritos, e uma equipa de 17 elementos efetivos, a unidade acolhe em m\u00e9dia todos os anos, 8 a 10 profissionais de sa\u00fade em regime de internato e\/ou de est\u00e1gio. M\u00e9dicos, alunos de enfermagem, assistentes t\u00e9cnicos e estudantes de secretariado em sa\u00fade, escolhem frequentemente a USF Planalto para iniciarem as suas experi\u00eancias profissionais e com elas, certificarem as suas voca\u00e7\u00f5es. \u201cRecebidos desde logo como pares, s\u00e3o integrados em pleno nas val\u00eancias e atividades da unidade; tantas vezes deslocados das suas pr\u00f3prias fam\u00edlias, os nossos \u2018internos\u2019 acabam acolhidos no seio de uma equipa familiar, que para al\u00e9m de procurar honrar o seu prop\u00f3sito profissional em cada dia, valoriza antes de tudo, a humaniza\u00e7\u00e3o e a proximidade\u201d, conta Laurinda Leit\u00e3o.<\/p>\n<p>Nestes anos, foram diversos os desafios, dificuldades, mudan\u00e7as, pandemias, evolu\u00e7\u00f5es e vit\u00f3rias que, menciona, \u201cvalorizaram e deram maior sentido a cada palavra escolhida para o lema da unidade, aquando da sua constitui\u00e7\u00e3o \u201cunidos para melhorar a vossa sa\u00fade \u201c.<\/p>\n<p>De acordo com a coordenadora da USF Planalto, no decurso da sua caminhada, os bons resultados alcan\u00e7ados e demonstrados nos registos oficiais de avalia\u00e7\u00e3o do \u00edndice de desempenho, t\u00eam sido um dos fatores motivacionais para a manuten\u00e7\u00e3o e a melhoria dos objetivos e metas. Neste contexto, a equipa procurou alcan\u00e7ar um novo padr\u00e3o de qualidade e reconhecimento, estando atualmente em processo de avalia\u00e7\u00e3o para a obten\u00e7\u00e3o da Acredita\u00e7\u00e3o da Qualidade.<\/p>\n<p>\u201cO modelo de uma USF \u00e9, hoje em dia, um modelo de local de acolhimento, de atendimento, de vigil\u00e2ncia, de proximidade, de acompanhamento, de monitoriza\u00e7\u00e3o, de resolu\u00e7\u00e3o e de encaminhamento, que conhece e trata, orgulhosamente o utente, pelo seu nome pr\u00f3prio\u201d, real\u00e7a.<\/p>\n<p>Em dia de anivers\u00e1rio, a USF Planalto recorda as diversas atividades que desenvolve, organizadas por uma \u201ccomiss\u00e3o de festas\u201d, eleita anualmente com o objetivo de incrementar e manter o equilibro emocional e o esp\u00edrito familiar dentro e fora \u201cdestas 4 paredes\u201d. Em 2023, Laurinda Leit\u00e3o destaca, entre outras atividades, a comemora\u00e7\u00e3o do Dia Internacional da Mulher, a ca\u00e7a aos ovos de p\u00e1scoa e brindes, o 13.\u00ba anivers\u00e1rio com brinde comemorativo, a organiza\u00e7\u00e3o de um passeio pedestre, o yoga ao ar livre, a celebra\u00e7\u00e3o do dia da liberdade, o concurso de quadras de santos populares, as castanhas de S\u00e3o Martinho, e o jantar de Natal.<\/p>\n<p><strong>\u00a0 \u00a0 \u00a0Fonte: ULS|Lez\u00edria<\/strong><\/p>\n","protected":false},"excerpt":{"rendered":"<p>A Unidade de Sa\u00fade Familiar (USF) Planalto, localizada em Santar\u00e9m, celebrou, no dia 5 de abril, o seu 14.\u00ba ano de vida. Em dia de anivers\u00e1rio, Laurinda Leit\u00e3o, coordenadora da unidade, agora integrada na Unidade Local de Sa\u00fade da Lez\u00edria, recorda que a mesma \u201cadotou desde o in\u00edcio da sua atividade, a \u00b4miss\u00e3o\u2019 de promover [&hellip;]<\/p>\n","protected":false},"author":2,"featured_media":34589,"comment_status":"open","ping_status":"open","sticky":false,"template":"","format":"standard","meta":{"footnotes":""},"categories":[6],"tags":[],"class_list":["post-34586","post","type-post","status-publish","format-standard","has-post-thumbnail","hentry","category-saude"],"_links":{"self":[{"href":"https:\/\/tintafresca.net\/index.php\/wp-json\/wp\/v2\/posts\/34586","targetHints":{"allow":["GET"]}}],"collection":[{"href":"https:\/\/tintafresca.net\/index.php\/wp-json\/wp\/v2\/posts"}],"about":[{"href":"https:\/\/tintafresca.net\/index.php\/wp-json\/wp\/v2\/types\/post"}],"author":[{"embeddable":true,"href":"https:\/\/tintafresca.net\/index.php\/wp-json\/wp\/v2\/users\/2"}],"replies":[{"embeddable":true,"href":"https:\/\/tintafresca.net\/index.php\/wp-json\/wp\/v2\/comments?post=34586"}],"version-history":[{"count":4,"href":"https:\/\/tintafresca.net\/index.php\/wp-json\/wp\/v2\/posts\/34586\/revisions"}],"predecessor-version":[{"id":34592,"href":"https:\/\/tintafresca.net\/index.php\/wp-json\/wp\/v2\/posts\/34586\/revisions\/34592"}],"wp:featuredmedia":[{"embeddable":true,"href":"https:\/\/tintafresca.net\/index.php\/wp-json\/wp\/v2\/media\/34589"}],"wp:attachment":[{"href":"https:\/\/tintafresca.net\/index.php\/wp-json\/wp\/v2\/media?parent=34586"}],"wp:term":[{"taxonomy":"category","embeddable":true,"href":"https:\/\/tintafresca.net\/index.php\/wp-json\/wp\/v2\/categories?post=34586"},{"taxonomy":"post_tag","embeddable":true,"href":"https:\/\/tintafresca.net\/index.php\/wp-json\/wp\/v2\/tags?post=34586"}],"curies":[{"name":"wp","href":"https:\/\/api.w.org\/{rel}","templated":true}]}}