{"id":34705,"date":"2024-04-16T21:08:38","date_gmt":"2024-04-16T21:08:38","guid":{"rendered":"https:\/\/tintafresca.net\/?p=34705"},"modified":"2024-04-16T21:15:28","modified_gmt":"2024-04-16T21:15:28","slug":"26-dos-utentes-da-uls-da-regiao-de-leiria-estao-sem-medico-de-familia","status":"publish","type":"post","link":"https:\/\/tintafresca.net\/index.php\/2024\/04\/16\/26-dos-utentes-da-uls-da-regiao-de-leiria-estao-sem-medico-de-familia\/","title":{"rendered":"26% dos utentes da ULS da Regi\u00e3o de Leiria est\u00e3o sem m\u00e9dico de fam\u00edlia"},"content":{"rendered":"<div id=\"attachment_34707\" style=\"width: 410px\" class=\"wp-caption alignleft\"><img loading=\"lazy\" decoding=\"async\" aria-describedby=\"caption-attachment-34707\" class=\"wp-image-34707 size-full\" src=\"https:\/\/tintafresca.net\/wp-content\/uploads\/2024\/04\/Leiria_USL_Reuniao-do-CA-com-JF_20.jpg\" alt=\"\" width=\"400\" height=\"532\" srcset=\"https:\/\/tintafresca.net\/wp-content\/uploads\/2024\/04\/Leiria_USL_Reuniao-do-CA-com-JF_20.jpg 400w, https:\/\/tintafresca.net\/wp-content\/uploads\/2024\/04\/Leiria_USL_Reuniao-do-CA-com-JF_20-226x300.jpg 226w\" sizes=\"auto, (max-width: 400px) 100vw, 400px\" \/><p id=\"caption-attachment-34707\" class=\"wp-caption-text\">Interven\u00e7\u00e3o de Denise Velho<\/p><\/div>\n<p>O Conselho de Administra\u00e7\u00e3o (CA) da Unidade Local de Sa\u00fade da Regi\u00e3o de Leiria (ULSRL) convocou os presidentes das Juntas e Uni\u00f5es de Freguesia dos oito concelhos da sua \u00e1rea de influ\u00eancia para uma reuni\u00e3o que decorreu no dia 11 de abril, no audit\u00f3rio do Hospital de Santo Andr\u00e9 (HSA), em Leiria. A iniciativa teve como objetivo conhecer pessoalmente os representantes locais e encetar uma rela\u00e7\u00e3o de maior proximidade, di\u00e1logo e colabora\u00e7\u00e3o.<\/p>\n<p>O presidente do Conselho de Administra\u00e7\u00e3o da ULSRL, Lic\u00ednio de Carvalho, deu as boas-vindas e come\u00e7ou por se apresentar, fazendo um breve ponto de situa\u00e7\u00e3o na \u00e1rea da Sa\u00fade relativamente aos oito concelhos que integram a ULS. Destacou as principais dificuldades nos Cuidados de Sa\u00fade Prim\u00e1rios, nomeadamente a conhecida falta de m\u00e9dicos.<\/p>\n<p>\u00abSabemos que esta n\u00e3o \u00e9 a situa\u00e7\u00e3o ideal: num universo de 403 mil utentes, temos 103 mil sem m\u00e9dico de fam\u00edlia, o que representa 26% de utentes sem m\u00e9dico de fam\u00edlia, uma percentagem muito significativa. Estamos a trabalhar para reduzir este valor, com novas contrata\u00e7\u00f5es junto de m\u00e9dicos aposentados e prestadores, e com a implementa\u00e7\u00e3o do programa Bata Branca, j\u00e1 a decorrer em Leiria e em Our\u00e9m\u00bb, revelou<\/p>\n<p>Denise Velho, diretora cl\u00ednica para a \u00e1rea de cuidados de sa\u00fade prim\u00e1rios da ULSRL, salientou a import\u00e2ncia da ULS integrar nove USF que transitaram para o modelo B, que significa, por si s\u00f3, cuidados de sa\u00fade mais exigentes, com maior qualidade e gest\u00e3o.<\/p>\n<div id=\"attachment_34708\" style=\"width: 510px\" class=\"wp-caption alignleft\"><img loading=\"lazy\" decoding=\"async\" aria-describedby=\"caption-attachment-34708\" class=\"wp-image-34708 size-full\" src=\"https:\/\/tintafresca.net\/wp-content\/uploads\/2024\/04\/Leiria_USL_Reuniao-do-CA-com-JF_30.jpg\" alt=\"\" width=\"500\" height=\"375\" srcset=\"https:\/\/tintafresca.net\/wp-content\/uploads\/2024\/04\/Leiria_USL_Reuniao-do-CA-com-JF_30.jpg 500w, https:\/\/tintafresca.net\/wp-content\/uploads\/2024\/04\/Leiria_USL_Reuniao-do-CA-com-JF_30-300x225.jpg 300w\" sizes=\"auto, (max-width: 500px) 100vw, 500px\" \/><p id=\"caption-attachment-34708\" class=\"wp-caption-text\">Presidentes de Junta de Freguesia presentes<\/p><\/div>\n<p>\u00ab\u00c9 preciso agora motivar as equipas de profissionais das dez Unidades de Cuidados de Sa\u00fade Personalizados (UCSP) que temos a avan\u00e7ar para uma candidatura para USF-B. Estamos tamb\u00e9m a analisar a reorganiza\u00e7\u00e3o de alguns polos de Sa\u00fade para melhorar os cuidados prestados \u00e0s popula\u00e7\u00f5es, tornando-os geograficamente mais razo\u00e1veis na resposta e no acesso\u00bb, adiantou.<\/p>\n<p>Seguiu-se um momento dedicado \u00e0 interven\u00e7\u00e3o livre dos presidentes e representantes das juntas e uni\u00f5es de freguesia, que demonstraram de forma consensual a sua satisfa\u00e7\u00e3o pelo convite para a reuni\u00e3o com o CA, revelando que foi in\u00e9dito e muito positivo abrir um canal de comunica\u00e7\u00e3o mais pr\u00f3ximo e ativo. Os autarcas locais (marcaram presen\u00e7a 60) revelaram algumas situa\u00e7\u00f5es a melhorar e ficou em aberto agendar uma nova reuni\u00e3o daqui a seis meses.<\/p>\n<p>\u00abSer\u00e3o excelentes parceiros na nossa miss\u00e3o, porque sabemos que tamb\u00e9m desempenham naturalmente o papel de \u201cprovedores\u201d dos nossos utentes, em especial na \u00e1rea dos cuidados de sa\u00fade prim\u00e1rios\u00bb, rematou Lic\u00ednio de Carvalho.<\/p>\n<p><strong>Fonte: Midlandcom<\/strong><\/p>\n","protected":false},"excerpt":{"rendered":"<p>O Conselho de Administra\u00e7\u00e3o (CA) da Unidade Local de Sa\u00fade da Regi\u00e3o de Leiria (ULSRL) convocou os presidentes das Juntas e Uni\u00f5es de Freguesia dos oito concelhos da sua \u00e1rea de influ\u00eancia para uma reuni\u00e3o que decorreu no dia 11 de abril, no audit\u00f3rio do Hospital de Santo Andr\u00e9 (HSA), em Leiria. A iniciativa teve [&hellip;]<\/p>\n","protected":false},"author":2,"featured_media":34709,"comment_status":"open","ping_status":"open","sticky":false,"template":"","format":"standard","meta":{"footnotes":""},"categories":[6],"tags":[],"class_list":["post-34705","post","type-post","status-publish","format-standard","has-post-thumbnail","hentry","category-saude"],"_links":{"self":[{"href":"https:\/\/tintafresca.net\/index.php\/wp-json\/wp\/v2\/posts\/34705","targetHints":{"allow":["GET"]}}],"collection":[{"href":"https:\/\/tintafresca.net\/index.php\/wp-json\/wp\/v2\/posts"}],"about":[{"href":"https:\/\/tintafresca.net\/index.php\/wp-json\/wp\/v2\/types\/post"}],"author":[{"embeddable":true,"href":"https:\/\/tintafresca.net\/index.php\/wp-json\/wp\/v2\/users\/2"}],"replies":[{"embeddable":true,"href":"https:\/\/tintafresca.net\/index.php\/wp-json\/wp\/v2\/comments?post=34705"}],"version-history":[{"count":2,"href":"https:\/\/tintafresca.net\/index.php\/wp-json\/wp\/v2\/posts\/34705\/revisions"}],"predecessor-version":[{"id":34710,"href":"https:\/\/tintafresca.net\/index.php\/wp-json\/wp\/v2\/posts\/34705\/revisions\/34710"}],"wp:featuredmedia":[{"embeddable":true,"href":"https:\/\/tintafresca.net\/index.php\/wp-json\/wp\/v2\/media\/34709"}],"wp:attachment":[{"href":"https:\/\/tintafresca.net\/index.php\/wp-json\/wp\/v2\/media?parent=34705"}],"wp:term":[{"taxonomy":"category","embeddable":true,"href":"https:\/\/tintafresca.net\/index.php\/wp-json\/wp\/v2\/categories?post=34705"},{"taxonomy":"post_tag","embeddable":true,"href":"https:\/\/tintafresca.net\/index.php\/wp-json\/wp\/v2\/tags?post=34705"}],"curies":[{"name":"wp","href":"https:\/\/api.w.org\/{rel}","templated":true}]}}