{"id":3475,"date":"2021-04-23T18:00:58","date_gmt":"2021-04-23T18:00:58","guid":{"rendered":"https:\/\/tintafresca.net\/?p=3475"},"modified":"2021-04-23T18:05:09","modified_gmt":"2021-04-23T18:05:09","slug":"espaco-de-lazer-do-hospital-de-santo-andre-homenageia-colaboradores-no-combate-a-pandemia","status":"publish","type":"post","link":"https:\/\/tintafresca.net\/index.php\/2021\/04\/23\/espaco-de-lazer-do-hospital-de-santo-andre-homenageia-colaboradores-no-combate-a-pandemia\/","title":{"rendered":"Espa\u00e7o de lazer do Hospital de Santo Andr\u00e9 homenageia colaboradores no combate \u00e0 pandemia de COVID-19"},"content":{"rendered":"<div id=\"attachment_3477\" style=\"width: 510px\" class=\"wp-caption alignleft\"><img loading=\"lazy\" decoding=\"async\" aria-describedby=\"caption-attachment-3477\" class=\"wp-image-3477 size-full\" src=\"https:\/\/tintafresca.net\/wp-content\/uploads\/2021\/04\/CHL_Estatua10.jpg\" alt=\"\" width=\"500\" height=\"333\" \/><p id=\"caption-attachment-3477\" class=\"wp-caption-text\">Ant\u00f3nio Lacerda Sales, na Dia do Hospital de Santo Andr\u00e9, junto ao espa\u00e7o de lazer de homenagens aos profissionais de sa\u00fade<\/p><\/div>\n<p>\u00abS\u00e3o 26 anos de vida, de hist\u00f3ria, de sangue, suor e l\u00e1grimas, de desafios, de dificuldades\u2026 26 anos a ser Servi\u00e7o Nacional de Sa\u00fade, um compromisso e uma responsabilidade que assumimos. Esta \u00e9 uma institui\u00e7\u00e3o com hist\u00f3ria e saber que tem crescido ao longo dos \u00faltimos anos: em \u00e1rea geogr\u00e1fica de influ\u00eancia, abrange hoje mais de 400 mil habitantes, que cresceu em recursos humanos, em cuidados de sa\u00fade prestados e continua a crescer\u00bb salientou esta quinta-feira, dia 22 de abril, o secret\u00e1rio de Estado Adjunto e da Sa\u00fade, Ant\u00f3nio Lacerda Sales, na cerim\u00f3nia do Dia do Hospital de Santo Andr\u00e9 (HSA), unidade do Centro Hospitalar de Leiria (CHL).<\/p>\n<p>A visita teve in\u00edcio \u00e0s 10h00, com a inaugura\u00e7\u00e3o formal da amplia\u00e7\u00e3o da Unidade de Ambulat\u00f3rio de Gastrenterologia pelo secret\u00e1rio de Estado Adjunto e da Sa\u00fade. Helena Vasconcelos, diretora deste Servi\u00e7o, explicou no que consistiu o projeto de expans\u00e3o, que teve um investimento de cerca de 310 mil euros.<\/p>\n<p>\u00abEstas obras permitiram-nos ter mais um gabinete de consultas, duas salas de t\u00e9cnicas, o alargamento do recobro para oito camas e da sala de espera, que tem agora 26 lugares sentados. Em 2019 fizemos 17 mil atos endosc\u00f3picos, 10 mil consultas e 600 doentes internados. Temos uma equipa muito jovem, que tem vontade de fazer muitas coisas novas, e \u00e9 nosso plano para este servi\u00e7o diferenciar, crescer, manter a atividade e o servi\u00e7o. Queremos agradecer \u00e0 Companhia Av\u00edcola do Centro o donativo, e a postura sempre humilde e colaborativa.\u00bb<\/p>\n<p>O Grupo CAC \u2013 Companhia Av\u00edcola do Centro fez um donativo de 120 mil euros, para a empreitada e aquisi\u00e7\u00e3o de equipamento de disse\u00e7\u00e3o endosc\u00f3pica da submucosa. Manuel Sobreiro, presidente do Conselho de Administra\u00e7\u00e3o do Grupo CAC, deixou algumas palavras sobre o apoio dado pela empresa. \u00abO equipamento da Unidade de Gastrenterologia que inauguramos foi o primeiro que realiz\u00e1mos na \u00e1rea da sa\u00fade e tamb\u00e9m de montante mais elevado. Contem connosco nestas parcerias, que est\u00e3o dentro do nosso ADN, e estaremos dispostos a abra\u00e7\u00e1-las sempre que seja poss\u00edvel\u00bb.<\/p>\n<p>A comitiva prosseguiu para a Unidade de Ambulat\u00f3rio de Pneumologia, para a inaugura\u00e7\u00e3o da recente amplia\u00e7\u00e3o da Unidade pelo secret\u00e1rio de Estado Adjunto e da Sa\u00fade. Salvato Feij\u00f3, diretor deste Servi\u00e7o, descreveu brevemente as altera\u00e7\u00f5es de expans\u00e3o: o aumento do n\u00famero de gabinetes m\u00e9dicos de dois para seis, os postos de hospital de dia de oito para 16, e os lugares sentados na sala de espera aumentaram de 16 para 40. O investimento foi de cerca de 223 mil euros, e contou com o donativo de 150 mil euros do Grupo Lusiaves, entidade a quem Salvato Feij\u00f3 agradeceu.<\/p>\n<p>\u00ab\u00c9 uma honra estar aqui a inaugurar uma obra t\u00e3o necess\u00e1ria, que veio no momento certo para ajudar a salvar a vida de muitos utentes\u00bb, afirmou o comendador Avelino Gaspar, presidente do Conselho de Administra\u00e7\u00e3o do Grupo Lusiaves. \u00abSempre ouvi dizer que quem ganha s\u00f3 para si, ganha muito pouco, e por isso est\u00e1 no ADN do Grupo Lusiaves distribuir pelas comunidades onde est\u00e1 inserido parte dos seus rendimentos, que adv\u00eam da venda dos seus produtos.\u00bb<\/p>\n<p>A visita terminou no novo espa\u00e7o de lazer junto \u00e0 entrada principal do HSA, constru\u00eddo em homenagem aos colaboradores do CHL pelo trabalho realizado no contexto da pandemia por Covid-19. O arquiteto Humberto Dias explicou o conceito do projeto da sua autoria. \u00abA ideia partiu de dois conceitos: a colmeia, como uma rede de rela\u00e7\u00f5es e complementaridades que \u00e9 an\u00e1loga \u00e0 forma como os colaboradores do CHL tamb\u00e9m operam; e a oliveira, como s\u00edmbolo de resili\u00eancia (\u00e9 uma \u00e1rvore aut\u00f3ctone) e que demonstra bem este car\u00e1cter de resili\u00eancia que est\u00e1 inscrito no ADN destes colaboradores. Foi esta a instala\u00e7\u00e3o que procur\u00e1mos fazer, simb\u00f3lica, mas tamb\u00e9m proporcionando um espa\u00e7o que perdurasse no tempo e que lhes \u00e9 dedicado, e justamente dedicado\u00bb.<\/p>\n<p>A cerim\u00f3nia de celebra\u00e7\u00e3o do Dia do Hospital de Santo Andr\u00e9 iniciou-se com as palavras do presidente do Conselho de Administra\u00e7\u00e3o do CHL, Lic\u00ednio de Carvalho. \u00abAs inaugura\u00e7\u00f5es da Unidade de Ambulat\u00f3rio de Gastrenterologia e da Unidade de Ambulat\u00f3rio de Pneumologia hoje sinalizadas s\u00e3o a prova de que \u00e9 sempre poss\u00edvel fazer mais e melhor, e, para isso, todos estamos convocados, neste desiderato de fazer maior o CHL, proporcionando mais espa\u00e7os, mais servi\u00e7os, mais respostas, que viabilizem a melhoria do acesso dos nossos cidad\u00e3os aos servi\u00e7os do centro hospitalar.\u00bb<\/p>\n<p>Lic\u00ednio de Carvalho agradeceu a disponibilidade e o apoio dos grupos empresariais Companhia Av\u00edcola do Centro e Lusiaves nas respetivas amplia\u00e7\u00f5es das Unidades de Ambulat\u00f3rio de Gastrenterologia e de Pneumologia. \u00abS\u00f3 nos pode deixar satisfeitos por tais a\u00e7\u00f5es indicarem que o CHL e os seus profissionais t\u00eam o reconhecimento da comunidade e podem contar com a mesma para a promo\u00e7\u00e3o das estruturas da nossa institui\u00e7\u00e3o.\u00bb<\/p>\n<p>\u00abQueremos acreditar que o ano 2020 foi o ano de viragem em que a pandemia s\u00f3 sublinhou a import\u00e2ncia estrat\u00e9gica do CHL para esta vasta regi\u00e3o que abrange de forma direta a popula\u00e7\u00e3o residente em oito concelhos\u2026\u00bb, continuou o presidente do CA do CHL. \u00abEsperamos por isso que o ano de 2020 tenha sido o ano do come\u00e7o de uma s\u00e9rie de per\u00edodos anuais de investimento, de crescimento, de diferencia\u00e7\u00e3o a bem da popula\u00e7\u00e3o que nos cumpre servir.\u00bb Lic\u00ednio de Carvalho, dirigindo-se a Ant\u00f3nio Sales, mostrou a total disponibilidade para cumprir o compromisso do CHL, esperando continuar a ter uma linha aberta para que se possa promover o apoio adequado no SNS por parte do Governo.<\/p>\n<p>\u00abTermino com grande esperan\u00e7a no futuro do CHL, pois conhe\u00e7o os seus profissionais e sou testemunha direta do seu potencial. Este espa\u00e7o onde nos encontramos n\u00e3o \u00e9 mais de que um registo para mem\u00f3ria futura do seu esfor\u00e7o e dedica\u00e7\u00e3o, empreendido incondicionalmente durante a pandemia, representando uma singela homenagem que o conselho de administra\u00e7\u00e3o decidiu recentemente\u00bb, rematou Lic\u00ednio de Carvalho.<\/p>\n<p>Gon\u00e7alo Lopes, presidente da C\u00e2mara Municipal de Leiria, deixou algumas palavras de reconhecimento p\u00fablico \u00e0s duas empresas que apoiaram o CHL. \u00abQuando assistimos a atos de responsabilidade social empresarial numa \u00e1rea t\u00e3o importante como a sa\u00fade, sinto-me orgulhoso e extremamente feliz.\u00bb<\/p>\n<p>O autarca deixou um testemunho sobre o que foi o trabalho do CHL e o reconhecimento de um conjunto de servi\u00e7os. \u00abCom tanta dificuldade, [a institui\u00e7\u00e3o] fez um trabalho muito merit\u00f3rio e a nossa regi\u00e3o est\u00e1 mesmo de parab\u00e9ns, e esses parab\u00e9ns n\u00e3o \u00e9 s\u00f3 de uma entidade, mas de uma equipa. Todos a contribuir para o esp\u00edrito de miss\u00e3o para o sucesso, para alcan\u00e7armos resultados para a regi\u00e3o. Empenh\u00e1mo-nos todos para encontrar solu\u00e7\u00f5es e as solu\u00e7\u00f5es eram encontradas sempre em antecipa\u00e7\u00e3o.\u00bb<\/p>\n<p>A terminar a cerim\u00f3nia, o secret\u00e1rio de Estado Adjunto e da Sa\u00fade falou sobre o regresso \u00e0 \u201csua\u201d casa [CHL], e destacou que \u00abdepois de um ano t\u00e3o dif\u00edcil como aquele que vivemos e de um arranque de ano t\u00e3o exigente, um dos mais exigentes para o Servi\u00e7o Nacional de Sa\u00fade, este \u00e9 um b\u00e1lsamo de energia e de esperan\u00e7a para o futuro, onde sei que estamos mais fortes e mais unidos\u00bb. Ant\u00f3nio Sales sublinhou ainda que \u00abmesmo durante os tempos desafiantes que temos vivido, este centro hospitalar procurou manter, sempre que poss\u00edvel, a atividade programada poss\u00edvel, nomeadamente em contexto de ambulat\u00f3rio, que permitiu uma redu\u00e7\u00e3o da lista de espera para consulta.\u00bb<\/p>\n<p>Sobre a obra de homenagem dos colaboradores do CHL, Ant\u00f3nio Sales destacou que o memorial \u00abgrava as iniciais de todos aqueles que estiveram na linha da frente no combate \u00e0 pandemia, mas n\u00e3o s\u00f3; da import\u00e2ncia daqueles que estando em atividades de suporte na retaguarda, permitiram que outros pudessem estar nessa linha da frente do combate \u00e0 pandemia. Ser\u00e1 um memorial que nos une e que nos permitir\u00e1 recordar um momento dif\u00edcil, mas tamb\u00e9m um per\u00edodo que nos dever\u00e1 deixar orgulhosos. Um per\u00edodo onde tivemos que dar respostas, onde fizemos da crise um momento de supera\u00e7\u00e3o e de resili\u00eancia, da dor, a solidariedade, da dist\u00e2ncia fizemos muitas vezes a uni\u00e3o, e das dificuldades fizemos oportunidades para nos transformarmos. Para as gera\u00e7\u00f5es futuras, para que nunca esque\u00e7am as li\u00e7\u00f5es que foram estes tempos, que relembrem estes dias dif\u00edceis como uma p\u00e1gina virada\u00bb.<\/p>\n<p><strong>\u00a0 \u00a0 Fonte: Midlandcom<\/strong><\/p>\n","protected":false},"excerpt":{"rendered":"<p>\u00abS\u00e3o 26 anos de vida, de hist\u00f3ria, de sangue, suor e l\u00e1grimas, de desafios, de dificuldades\u2026 26 anos a ser Servi\u00e7o Nacional de Sa\u00fade, um compromisso e uma responsabilidade que assumimos. Esta \u00e9 uma institui\u00e7\u00e3o com hist\u00f3ria e saber que tem crescido ao longo dos \u00faltimos anos: em \u00e1rea geogr\u00e1fica de influ\u00eancia, abrange hoje mais [&hellip;]<\/p>\n","protected":false},"author":2,"featured_media":3478,"comment_status":"open","ping_status":"open","sticky":false,"template":"","format":"standard","meta":{"footnotes":""},"categories":[6],"tags":[],"class_list":["post-3475","post","type-post","status-publish","format-standard","has-post-thumbnail","hentry","category-saude"],"_links":{"self":[{"href":"https:\/\/tintafresca.net\/index.php\/wp-json\/wp\/v2\/posts\/3475","targetHints":{"allow":["GET"]}}],"collection":[{"href":"https:\/\/tintafresca.net\/index.php\/wp-json\/wp\/v2\/posts"}],"about":[{"href":"https:\/\/tintafresca.net\/index.php\/wp-json\/wp\/v2\/types\/post"}],"author":[{"embeddable":true,"href":"https:\/\/tintafresca.net\/index.php\/wp-json\/wp\/v2\/users\/2"}],"replies":[{"embeddable":true,"href":"https:\/\/tintafresca.net\/index.php\/wp-json\/wp\/v2\/comments?post=3475"}],"version-history":[{"count":5,"href":"https:\/\/tintafresca.net\/index.php\/wp-json\/wp\/v2\/posts\/3475\/revisions"}],"predecessor-version":[{"id":3482,"href":"https:\/\/tintafresca.net\/index.php\/wp-json\/wp\/v2\/posts\/3475\/revisions\/3482"}],"wp:featuredmedia":[{"embeddable":true,"href":"https:\/\/tintafresca.net\/index.php\/wp-json\/wp\/v2\/media\/3478"}],"wp:attachment":[{"href":"https:\/\/tintafresca.net\/index.php\/wp-json\/wp\/v2\/media?parent=3475"}],"wp:term":[{"taxonomy":"category","embeddable":true,"href":"https:\/\/tintafresca.net\/index.php\/wp-json\/wp\/v2\/categories?post=3475"},{"taxonomy":"post_tag","embeddable":true,"href":"https:\/\/tintafresca.net\/index.php\/wp-json\/wp\/v2\/tags?post=3475"}],"curies":[{"name":"wp","href":"https:\/\/api.w.org\/{rel}","templated":true}]}}