{"id":34791,"date":"2024-04-22T10:54:56","date_gmt":"2024-04-22T10:54:56","guid":{"rendered":"https:\/\/tintafresca.net\/?p=34791"},"modified":"2024-04-23T16:05:51","modified_gmt":"2024-04-23T16:05:51","slug":"associacao-de-municipios-portugueses-do-vinho-inaugura-sede-nacional-em-santarem","status":"publish","type":"post","link":"https:\/\/tintafresca.net\/index.php\/2024\/04\/22\/associacao-de-municipios-portugueses-do-vinho-inaugura-sede-nacional-em-santarem\/","title":{"rendered":"Associa\u00e7\u00e3o de Munic\u00edpios Portugueses do Vinho inaugura sede nacional em Santar\u00e9m"},"content":{"rendered":"<div id=\"attachment_34793\" style=\"width: 510px\" class=\"wp-caption alignleft\"><img loading=\"lazy\" decoding=\"async\" aria-describedby=\"caption-attachment-34793\" class=\"wp-image-34793 size-full\" src=\"https:\/\/tintafresca.net\/wp-content\/uploads\/2024\/04\/Santarem_casa-campino19.png\" alt=\"\" width=\"500\" height=\"398\" srcset=\"https:\/\/tintafresca.net\/wp-content\/uploads\/2024\/04\/Santarem_casa-campino19.png 500w, https:\/\/tintafresca.net\/wp-content\/uploads\/2024\/04\/Santarem_casa-campino19-300x239.png 300w\" sizes=\"auto, (max-width: 500px) 100vw, 500px\" \/><p id=\"caption-attachment-34793\" class=\"wp-caption-text\">Casa do Campino<\/p><\/div>\n<p>A Associa\u00e7\u00e3o de Munic\u00edpios Portugueses do Vinho (AMPV) vai comemorar no dia 30 de abril o seu 17\u00ba anivers\u00e1rio, na Casa do Campino, em Santar\u00e9m.<\/p>\n<p>Quatro importantes momentos v\u00e3o marcar as comemora\u00e7\u00f5es deste ano: a inaugura\u00e7\u00e3o da Sede Nacional, a entrega dos Pr\u00e9mios Prest\u00edgio, a elei\u00e7\u00e3o da Cidade do Vinho 2025 e a entrega de placas de ades\u00e3o a 25 novos munic\u00edpios associados.<\/p>\n<p>A nova Sede Nacional fica situada na Casa do Campino, em Santar\u00e9m, num espa\u00e7o cedido pela C\u00e2mara Municipal de Santar\u00e9m, e que \u00e9 constitu\u00eddo por um gabinete, sala de reuni\u00f5es e \u00e1trio. A inaugura\u00e7\u00e3o da nova sede est\u00e1 marcada para as 19h00.<\/p>\n<p>Neste dia, \u00e0s 16h00, realiza-se tamb\u00e9m a reuni\u00e3o extraordin\u00e1ria da Assembleia Intermunicipal da AMPV para elei\u00e7\u00e3o da Cidade do Vinho 2025 e admiss\u00e3o de mais 20 novos munic\u00edpios associados. No percurso da associa\u00e7\u00e3o, n\u00e3o h\u00e1 registo da ades\u00e3o de um n\u00famero t\u00e3o significativo de munic\u00edpios no curto espa\u00e7o de tempo de um trimestre, o que leva o presidente da AMPV, Lu\u00eds Encarna\u00e7\u00e3o, a afirmar que &#8220;a AMPV est\u00e1 no caminho certo. Temos neste momento cerca de 140 munic\u00edpios associados e somos a segunda maior associa\u00e7\u00e3o de munic\u00edpios de Portugal, a seguir \u00e0 pr\u00f3pria Associa\u00e7\u00e3o Nacional de Munic\u00edpios Portugueses. Estamos confiantes de que brevemente conseguiremos atingir o nosso objetivo de termos nesta nossa rede de trabalho 50% do total dos munic\u00edpios portugueses&#8221;.<\/p>\n<p>O secret\u00e1rio-geral, Jos\u00e9 Arruda, faz um balan\u00e7o muito positivo do percurso da AMPV, revelando que &#8220;\u00e9 com enorme satisfa\u00e7\u00e3o que vemos a associa\u00e7\u00e3o chegar a esta data com uma vida t\u00e3o ativa e din\u00e2mica. O vinho, o enoturismo e a gastronomia s\u00e3o \u00e1reas estrat\u00e9gicas para o nosso pa\u00eds, por isso, temos agregado os munic\u00edpios para, em conjunto, desenvolvermos projetos e a\u00e7\u00f5es que valorizem e promovam todo o potencial end\u00f3geno dos territ\u00f3rios&#8221;, frisou, destacando como principais projetos da associa\u00e7\u00e3o a elei\u00e7\u00e3o da Embaixadora dos Territ\u00f3rios Vinhateiros de Portugal (anteriormente designada de Rainha das Vindimas de Portugal), o Concurso enol\u00f3gico Cidades do Vinho, o Festival Nacional da Can\u00e7\u00e3o Rural, a atribui\u00e7\u00e3o do t\u00edtulo Cidade do Vinho ou a Rede das Freguesias Vinhateiras, Oliv\u00edcolas e Corticeiras.<\/p>\n<p><strong>PR\u00c9MIOS PREST\u00cdGIO DA AMPV<\/strong><\/p>\n<p>Os Pr\u00e9mios Prest\u00edgio AMPV ser\u00e3o entregues nessa noite do dia 30 de abril, no decorrer do jantar comemorativo do 17\u00ba anivers\u00e1rio. As entidades e personalidades distinguidas este ano s\u00e3o: Leonor Freitas (Pr\u00e9mio Personalidade do Ano), CNOIV &#8211; Comiss\u00e3o Nacional da Organiza\u00e7\u00e3o Internacional da Vinha e do Vinho, no \u00e2mbito dos 100 anos da OIV (Pr\u00e9mio Entidade do Ano), Museu do Pico (Pr\u00e9mio Museu do Vinho), e Ess\u00eancia do Vinho (Pr\u00e9mio Enoturismo).<\/p>\n<p>A atribui\u00e7\u00e3o dos Pr\u00e9mios Prest\u00edgio surgiu logo na comemora\u00e7\u00e3o do 1\u00ba anivers\u00e1rio da AMPV, e desde essa altura, todos os anos a AMPV distingue entidades e personalidades num gesto de reconhecimento e valoriza\u00e7\u00e3o do trabalho desenvolvido nas \u00e1reas do vinho, do enoturismo e do mundo rural.<\/p>\n<p><strong>Leonor Freitas<\/strong><\/p>\n<p>Leonor Freitas \u00e9 propriet\u00e1ria da empresa Casa Ermelinda Freitas. \u00c9 licenciada em Servi\u00e7o Social e durante 20 anos trabalhou para o Minist\u00e9rio da Sa\u00fade, em Set\u00fabal. No final da d\u00e9cada de 90, a morte do pai levou-a a abandonar o emprego e a assumir a lideran\u00e7a da empresa vin\u00edcola da fam\u00edlia, fundada pela sua av\u00f3 Leonilde Assun\u00e7\u00e3o em 1920 em Fern\u00e3o P\u00f3, no concelho de Palmela.<\/p>\n<p>Uma das suas primeiras decis\u00f5es foi adquirir mais terras para dar resposta \u00e0s necessidades do mercado e neste momento a herdade ocupa uma \u00e1rea de mais de 500 hectares, produzindo milhares de litros de vinho.<\/p>\n<p>Em 2009, Leonor Freitas recebeu a comenda da Ordem do M\u00e9rito Agr\u00edcola do Estado Portugu\u00eas, entregue pelo ent\u00e3o Presidente da Rep\u00fablica Cavaco Silva.<\/p>\n<p><strong>Comiss\u00e3o Nacional da OIV<\/strong><\/p>\n<p>No \u00e2mbito das comemora\u00e7\u00f5es do centen\u00e1rio da Organiza\u00e7\u00e3o Internacional da Vinha e do Vinho (OIV), durante o ano de 2024 esta Organiza\u00e7\u00e3o Internacional lan\u00e7ou a Rede Internacional de Cidades da Vinha e do Vinho. Esta iniciativa visa fomentar a colabora\u00e7\u00e3o e coopera\u00e7\u00e3o entre<\/p>\n<p>cidades\/localidades de todo o mundo que tenham uma liga\u00e7\u00e3o significativa \u00e0 viticultura, \u00e0 produ\u00e7\u00e3o de vinho, e que fa\u00e7am ou queiram fazer parte da hist\u00f3ria da OIV.<\/p>\n<p>A CNOIV tem como objetivo a promo\u00e7\u00e3o de f\u00f3runs de discuss\u00e3o e an\u00e1lise de assuntos relevantes para todos os intervenientes da fileira vitivin\u00edcola, nos seus diferentes segmentos econ\u00f3micos. Tem contribu\u00eddo para a cria\u00e7\u00e3o e partilha de conhecimento t\u00e9cnico-cient\u00edfico, constituindo um ve\u00edculo eficaz na transmiss\u00e3o dos interesses nacionais perante as inst\u00e2ncias internacionais.<\/p>\n<p><strong>Museu do Pico<\/strong><\/p>\n<p>Enquadrado na categoria de Museu Regional, o Museu do Pico re\u00fane as extens\u00f5es do Museu dos Baleeiros, na vila das Lajes, do Museu da Ind\u00fastria Baleeira, na vila de S\u00e3o Roque, e do Museu do Vinho, na vila da Madalena.<\/p>\n<p>Os tr\u00eas polos\/n\u00facleos museol\u00f3gicos assumem-se como instrumentos capazes de propiciar a valoriza\u00e7\u00e3o do patrim\u00f3nio cultural da ilha do Pico e de colaborar na constru\u00e7\u00e3o da sua identidade, fazendo o levantamento, a preserva\u00e7\u00e3o, o estudo e a divulga\u00e7\u00e3o das suas mem\u00f3rias coletivas, associadas aos hist\u00f3ricos ciclos regionais da balea\u00e7\u00e3o e da vitivinicultura.<\/p>\n<p><strong>Ess\u00eancia do Vinho<\/strong><\/p>\n<p>A Ess\u00eancia do Vinho celebra em 2024 vinte anos do maior evento de vinhos do pa\u00eds. A comemora\u00e7\u00e3o tamb\u00e9m \u00e9 marcada pela segunda edi\u00e7\u00e3o da iniciativa Wine &amp; Travel Week, inaugurada em 2023.<\/p>\n<p>Os eventos promovidos pela Ess\u00eancia do Vinho proporcionam a prova dos melhores vinhos do pa\u00eds e a troca de ideias com empres\u00e1rios de enoturismo. Re\u00fanem centenas de produtores, jornalistas especializados e profissionais nacionais e internacionais.<\/p>\n<p>O Wine &amp; Travel Week \u00e9 um momento de destaque e afirma\u00e7\u00e3o internacional da oferta portuguesa de enoturismo e dos ativos tur\u00edsticos das regi\u00f5es, permitindo alcan\u00e7ar os mercados e segmentos que mais procuram estas experi\u00eancias.<\/p>\n<p><strong>\u00a0 \u00a0 Fonte: ANMV<\/strong><\/p>\n","protected":false},"excerpt":{"rendered":"<p>A Associa\u00e7\u00e3o de Munic\u00edpios Portugueses do Vinho (AMPV) vai comemorar no dia 30 de abril o seu 17\u00ba anivers\u00e1rio, na Casa do Campino, em Santar\u00e9m. Quatro importantes momentos v\u00e3o marcar as comemora\u00e7\u00f5es deste ano: a inaugura\u00e7\u00e3o da Sede Nacional, a entrega dos Pr\u00e9mios Prest\u00edgio, a elei\u00e7\u00e3o da Cidade do Vinho 2025 e a entrega de [&hellip;]<\/p>\n","protected":false},"author":2,"featured_media":34795,"comment_status":"open","ping_status":"open","sticky":false,"template":"","format":"standard","meta":{"footnotes":""},"categories":[10],"tags":[],"class_list":["post-34791","post","type-post","status-publish","format-standard","has-post-thumbnail","hentry","category-patrimonio"],"_links":{"self":[{"href":"https:\/\/tintafresca.net\/index.php\/wp-json\/wp\/v2\/posts\/34791","targetHints":{"allow":["GET"]}}],"collection":[{"href":"https:\/\/tintafresca.net\/index.php\/wp-json\/wp\/v2\/posts"}],"about":[{"href":"https:\/\/tintafresca.net\/index.php\/wp-json\/wp\/v2\/types\/post"}],"author":[{"embeddable":true,"href":"https:\/\/tintafresca.net\/index.php\/wp-json\/wp\/v2\/users\/2"}],"replies":[{"embeddable":true,"href":"https:\/\/tintafresca.net\/index.php\/wp-json\/wp\/v2\/comments?post=34791"}],"version-history":[{"count":3,"href":"https:\/\/tintafresca.net\/index.php\/wp-json\/wp\/v2\/posts\/34791\/revisions"}],"predecessor-version":[{"id":34796,"href":"https:\/\/tintafresca.net\/index.php\/wp-json\/wp\/v2\/posts\/34791\/revisions\/34796"}],"wp:featuredmedia":[{"embeddable":true,"href":"https:\/\/tintafresca.net\/index.php\/wp-json\/wp\/v2\/media\/34795"}],"wp:attachment":[{"href":"https:\/\/tintafresca.net\/index.php\/wp-json\/wp\/v2\/media?parent=34791"}],"wp:term":[{"taxonomy":"category","embeddable":true,"href":"https:\/\/tintafresca.net\/index.php\/wp-json\/wp\/v2\/categories?post=34791"},{"taxonomy":"post_tag","embeddable":true,"href":"https:\/\/tintafresca.net\/index.php\/wp-json\/wp\/v2\/tags?post=34791"}],"curies":[{"name":"wp","href":"https:\/\/api.w.org\/{rel}","templated":true}]}}