{"id":34879,"date":"2024-04-28T22:43:05","date_gmt":"2024-04-28T22:43:05","guid":{"rendered":"https:\/\/tintafresca.net\/?p=34879"},"modified":"2024-04-28T23:05:17","modified_gmt":"2024-04-28T23:05:17","slug":"maca-de-alcobaca-e-camara-municipal-apresentam-o-projeto-agua-do-oeste-para-otimizar-o-uso-da-agua-de-rega","status":"publish","type":"post","link":"https:\/\/tintafresca.net\/index.php\/2024\/04\/28\/maca-de-alcobaca-e-camara-municipal-apresentam-o-projeto-agua-do-oeste-para-otimizar-o-uso-da-agua-de-rega\/","title":{"rendered":"Ma\u00e7\u00e3 de Alcoba\u00e7a e C\u00e2mara Municipal apresentam o Projeto \u00c1gua do Oeste para otimizar o uso da \u00e1gua de rega"},"content":{"rendered":"<div id=\"attachment_34881\" style=\"width: 490px\" class=\"wp-caption alignleft\"><img loading=\"lazy\" decoding=\"async\" aria-describedby=\"caption-attachment-34881\" class=\"wp-image-34881 size-full\" src=\"https:\/\/tintafresca.net\/wp-content\/uploads\/2024\/04\/Alcobaca_Maca_Workshop.jpeg\" alt=\"\" width=\"480\" height=\"319\" srcset=\"https:\/\/tintafresca.net\/wp-content\/uploads\/2024\/04\/Alcobaca_Maca_Workshop.jpeg 480w, https:\/\/tintafresca.net\/wp-content\/uploads\/2024\/04\/Alcobaca_Maca_Workshop-300x199.jpeg 300w\" sizes=\"auto, (max-width: 480px) 100vw, 480px\" \/><p id=\"caption-attachment-34881\" class=\"wp-caption-text\">Workshop de Apresenta\u00e7\u00e3o do Projeto \u00c1gua do Oeste<\/p><\/div>\n<p>No dia 23 de abril, a Associa\u00e7\u00e3o dos Produtores de Ma\u00e7\u00e3 de Alcoba\u00e7a (APMA) em parceria com a C\u00e2mara Municipal de Alcoba\u00e7a, realizou o Workshop de Apresenta\u00e7\u00e3o do Projeto \u00c1gua do Oeste.<\/p>\n<p>A sess\u00e3o, decorrida no Cine-Teatro de Alcoba\u00e7a Jo\u00e3o D&#8217;Oliva Monteiro, destinou-se a autarcas locais e organiza\u00e7\u00f5es de produtores e serviu de lan\u00e7amento de um projeto regional destinado \u00e0 otimiza\u00e7\u00e3o da gest\u00e3o dos escassos recursos h\u00eddricos, absolutamente necess\u00e1rios para a estabilidade e crescimento do setor agr\u00edcola.<\/p>\n<p>\u201cEste projeto passar\u00e1 pela cria\u00e7\u00e3o de um Plano H\u00eddrico Municipal, um diagn\u00f3stico exaustivo das necessidades e disponibilidades de \u00e1gua do concelho de Alcoba\u00e7a. Com esta ferramenta pretende-se a localiza\u00e7\u00e3o de uma rede m\u00faltipla de a\u00e7udes e represas em todas as ribeiras e rios do nosso territ\u00f3rio. Cada munic\u00edpio do Oeste ligado \u00e0 produ\u00e7\u00e3o de Ma\u00e7\u00e3 de Alcoba\u00e7a poder\u00e1 constituir o seu Plano H\u00eddrico Municipal, permitindo assim a cria\u00e7\u00e3o de uma rede de gest\u00e3o de \u00e1gua com uma abrang\u00eancia territorial muito significativa\u201d, explicou o presidente da C\u00e2mara Municipal de Alcoba\u00e7a, Herm\u00ednio Rodrigues.<\/p>\n<p>O autarca acrescentou ainda que o \u201cAlcoba\u00e7a pretende ser pioneiro no Oeste na materializa\u00e7\u00e3o de uma iniciativa desta natureza, tornando-se no impulsionador do Projeto \u00c1gua no Oeste, cujo impacto refletir-se-\u00e1, por exemplo, no aumento da quantidade de \u00e1gua dispon\u00edvel e armazenada ou na redu\u00e7\u00e3o dos impactos negativos das enxurradas das zonas ribeirinhas, entre v\u00e1rios outros aspetos.\u201d<\/p>\n","protected":false},"excerpt":{"rendered":"<p>No dia 23 de abril, a Associa\u00e7\u00e3o dos Produtores de Ma\u00e7\u00e3 de Alcoba\u00e7a (APMA) em parceria com a C\u00e2mara Municipal de Alcoba\u00e7a, realizou o Workshop de Apresenta\u00e7\u00e3o do Projeto \u00c1gua do Oeste. A sess\u00e3o, decorrida no Cine-Teatro de Alcoba\u00e7a Jo\u00e3o D&#8217;Oliva Monteiro, destinou-se a autarcas locais e organiza\u00e7\u00f5es de produtores e serviu de lan\u00e7amento de [&hellip;]<\/p>\n","protected":false},"author":2,"featured_media":25735,"comment_status":"open","ping_status":"open","sticky":false,"template":"","format":"standard","meta":{"footnotes":""},"categories":[9,7],"tags":[],"class_list":["post-34879","post","type-post","status-publish","format-standard","has-post-thumbnail","hentry","category-ambiente","category-economia"],"_links":{"self":[{"href":"https:\/\/tintafresca.net\/index.php\/wp-json\/wp\/v2\/posts\/34879","targetHints":{"allow":["GET"]}}],"collection":[{"href":"https:\/\/tintafresca.net\/index.php\/wp-json\/wp\/v2\/posts"}],"about":[{"href":"https:\/\/tintafresca.net\/index.php\/wp-json\/wp\/v2\/types\/post"}],"author":[{"embeddable":true,"href":"https:\/\/tintafresca.net\/index.php\/wp-json\/wp\/v2\/users\/2"}],"replies":[{"embeddable":true,"href":"https:\/\/tintafresca.net\/index.php\/wp-json\/wp\/v2\/comments?post=34879"}],"version-history":[{"count":2,"href":"https:\/\/tintafresca.net\/index.php\/wp-json\/wp\/v2\/posts\/34879\/revisions"}],"predecessor-version":[{"id":34882,"href":"https:\/\/tintafresca.net\/index.php\/wp-json\/wp\/v2\/posts\/34879\/revisions\/34882"}],"wp:featuredmedia":[{"embeddable":true,"href":"https:\/\/tintafresca.net\/index.php\/wp-json\/wp\/v2\/media\/25735"}],"wp:attachment":[{"href":"https:\/\/tintafresca.net\/index.php\/wp-json\/wp\/v2\/media?parent=34879"}],"wp:term":[{"taxonomy":"category","embeddable":true,"href":"https:\/\/tintafresca.net\/index.php\/wp-json\/wp\/v2\/categories?post=34879"},{"taxonomy":"post_tag","embeddable":true,"href":"https:\/\/tintafresca.net\/index.php\/wp-json\/wp\/v2\/tags?post=34879"}],"curies":[{"name":"wp","href":"https:\/\/api.w.org\/{rel}","templated":true}]}}