{"id":3491,"date":"2021-04-24T15:29:43","date_gmt":"2021-04-24T15:29:43","guid":{"rendered":"https:\/\/tintafresca.net\/?p=3491"},"modified":"2021-04-24T15:35:15","modified_gmt":"2021-04-24T15:35:15","slug":"ministra-da-cultura-inaugura-mural-em-peniche-frente-ao-museu-nacional-liberdade-e-resistencia","status":"publish","type":"post","link":"https:\/\/tintafresca.net\/index.php\/2021\/04\/24\/ministra-da-cultura-inaugura-mural-em-peniche-frente-ao-museu-nacional-liberdade-e-resistencia\/","title":{"rendered":"Ministra da Cultura inaugura domingo Mural em Peniche em frente ao Museu Nacional Liberdade e Resist\u00eancia"},"content":{"rendered":"<div id=\"attachment_3493\" style=\"width: 510px\" class=\"wp-caption alignleft\"><img loading=\"lazy\" decoding=\"async\" aria-describedby=\"caption-attachment-3493\" class=\"wp-image-3493 size-full\" src=\"https:\/\/tintafresca.net\/wp-content\/uploads\/2021\/04\/Peniche_Mural_25_de_Abril10.jpg\" alt=\"\" width=\"500\" height=\"92\" \/><p id=\"caption-attachment-3493\" class=\"wp-caption-text\">Nos 46 anos, 46 Escolas por Abril<\/p><\/div>\n<p>Este domingo, a ministra da Cultura inaugura o Mural \u201cO 25 de Abril nas escolas\u201d, na presen\u00e7a das entidades promotoras e de escolas participante.<\/p>\n<p>Este mural foi projetado para assinalar os 46 anos do Dia da Liberdade, s\u00f3 que a situa\u00e7\u00e3o epidemiol\u00f3gica que ent\u00e3o se vivia n\u00e3o o permitiu. Sem desistirem da iniciativa, as organiza\u00e7\u00f5es e entidades envolvidas decidiram adiar um ano a inaugura\u00e7\u00e3o, registando no pr\u00f3prio mural o motivo desse adiamento. Assim, o ato inaugural ter\u00e1 lugar no dia 25 de abril de 2021, pelas 12h30, integrando-se nas comemora\u00e7\u00f5es do Dia da Liberdade, promovidas pelo Munic\u00edpio de Peniche.<\/p>\n<p>Esta \u00e9 uma iniciativa que se tornou poss\u00edvel pelas muitas parcerias que se estabeleceram: FENPROF, Munic\u00edpio de Peniche, Faculdade de Belas Artes da Universidade de Lisboa, Centro de Forma\u00e7\u00e3o Profissional para a ind\u00fastria Cer\u00e2mica (CENCAL), Uni\u00e3o dos Resistentes Antifascistas Portugueses (URAP), Associa\u00e7\u00e3o 25 de Abril (A25A) e, contributo fundamental, as 46 escolas e agrupamentos de escolas que participaram, criando, desenhando, pintando e cozendo os 46 pain\u00e9is em azulejo com 60 cent\u00edmetros de lado. O mural (imagem <a href=\"http:\/\/info.fenprof.org\/lt.php?tid=cUkADgdUVFUBAR0EAwAMGVULDlRJCVABAE9bUFoHBlNfAgNUV1VNBQcIUQUHWloZUQBRC0kEUlNXT1sFVw1PXQhXBQcFVQQEUV4HGgsHDABQDw8ASQkBCFdPVwoAAU8HDFEFGgZRAQJQAARTUABcDQ\">aqui<\/a>) ficar\u00e1 em frente ao Museu Nacional Liberdade e Resist\u00eancia, no Forte de Peniche. A obra, que ficar\u00e1 permanentemente exposta no local, contou com parecer favor\u00e1vel da Dire\u00e7\u00e3o-Geral do Patrim\u00f3nio Cultural (DGPC).<\/p>\n<p>Esta \u00e9 uma iniciativa de elevado simbolismo, que confirma que o 25 de Abril continua vivo nos mais jovens, o que \u00e9 absolutamente essencial para que os seus valores de Liberdade e Democracia se projetem no futuro.<\/p>\n<p><strong>\u00a0Fonte: FENPROF<\/strong><\/p>\n","protected":false},"excerpt":{"rendered":"<p>Este domingo, a ministra da Cultura inaugura o Mural \u201cO 25 de Abril nas escolas\u201d, na presen\u00e7a das entidades promotoras e de escolas participante. Este mural foi projetado para assinalar os 46 anos do Dia da Liberdade, s\u00f3 que a situa\u00e7\u00e3o epidemiol\u00f3gica que ent\u00e3o se vivia n\u00e3o o permitiu. Sem desistirem da iniciativa, as organiza\u00e7\u00f5es [&hellip;]<\/p>\n","protected":false},"author":2,"featured_media":3494,"comment_status":"open","ping_status":"open","sticky":false,"template":"","format":"standard","meta":{"footnotes":""},"categories":[5],"tags":[],"class_list":["post-3491","post","type-post","status-publish","format-standard","has-post-thumbnail","hentry","category-artes"],"_links":{"self":[{"href":"https:\/\/tintafresca.net\/index.php\/wp-json\/wp\/v2\/posts\/3491","targetHints":{"allow":["GET"]}}],"collection":[{"href":"https:\/\/tintafresca.net\/index.php\/wp-json\/wp\/v2\/posts"}],"about":[{"href":"https:\/\/tintafresca.net\/index.php\/wp-json\/wp\/v2\/types\/post"}],"author":[{"embeddable":true,"href":"https:\/\/tintafresca.net\/index.php\/wp-json\/wp\/v2\/users\/2"}],"replies":[{"embeddable":true,"href":"https:\/\/tintafresca.net\/index.php\/wp-json\/wp\/v2\/comments?post=3491"}],"version-history":[{"count":5,"href":"https:\/\/tintafresca.net\/index.php\/wp-json\/wp\/v2\/posts\/3491\/revisions"}],"predecessor-version":[{"id":3498,"href":"https:\/\/tintafresca.net\/index.php\/wp-json\/wp\/v2\/posts\/3491\/revisions\/3498"}],"wp:featuredmedia":[{"embeddable":true,"href":"https:\/\/tintafresca.net\/index.php\/wp-json\/wp\/v2\/media\/3494"}],"wp:attachment":[{"href":"https:\/\/tintafresca.net\/index.php\/wp-json\/wp\/v2\/media?parent=3491"}],"wp:term":[{"taxonomy":"category","embeddable":true,"href":"https:\/\/tintafresca.net\/index.php\/wp-json\/wp\/v2\/categories?post=3491"},{"taxonomy":"post_tag","embeddable":true,"href":"https:\/\/tintafresca.net\/index.php\/wp-json\/wp\/v2\/tags?post=3491"}],"curies":[{"name":"wp","href":"https:\/\/api.w.org\/{rel}","templated":true}]}}