{"id":34980,"date":"2024-05-05T22:28:45","date_gmt":"2024-05-05T22:28:45","guid":{"rendered":"https:\/\/tintafresca.net\/?p=34980"},"modified":"2024-05-05T22:36:05","modified_gmt":"2024-05-05T22:36:05","slug":"museu-das-maquinas-falantes-inaugurado-em-alcobaca-mostra-um-seculo-da-evolucao-da-radio","status":"publish","type":"post","link":"https:\/\/tintafresca.net\/index.php\/2024\/05\/05\/museu-das-maquinas-falantes-inaugurado-em-alcobaca-mostra-um-seculo-da-evolucao-da-radio\/","title":{"rendered":"Museu das M\u00e1quinas Falantes inaugurado em Alcoba\u00e7a mostra um s\u00e9culo da evolu\u00e7\u00e3o da r\u00e1dio"},"content":{"rendered":"<div id=\"attachment_34982\" style=\"width: 510px\" class=\"wp-caption alignleft\"><img loading=\"lazy\" decoding=\"async\" aria-describedby=\"caption-attachment-34982\" class=\"wp-image-34982\" src=\"https:\/\/tintafresca.net\/wp-content\/uploads\/2024\/05\/Alcobaca_Museu_Maquinas_Falantes3.jpg\" alt=\"\" width=\"500\" height=\"375\" srcset=\"https:\/\/tintafresca.net\/wp-content\/uploads\/2024\/05\/Alcobaca_Museu_Maquinas_Falantes3.jpg 809w, https:\/\/tintafresca.net\/wp-content\/uploads\/2024\/05\/Alcobaca_Museu_Maquinas_Falantes3-300x225.jpg 300w, https:\/\/tintafresca.net\/wp-content\/uploads\/2024\/05\/Alcobaca_Museu_Maquinas_Falantes3-768x576.jpg 768w\" sizes=\"auto, (max-width: 500px) 100vw, 500px\" \/><p id=\"caption-attachment-34982\" class=\"wp-caption-text\">Interven\u00e7\u00e3o de Herm\u00ednio Rodrigues<\/p><\/div>\n<p>O Museu das M\u00e1quinas Falantes de Alcoba\u00e7a foi inaugurado na tarde do dia 25 de Abril, com a presen\u00e7a do secret\u00e1rio de Estado do Planeamento e Desenvolvimento Regional, H\u00e9lder Reis, natural da Maiorga, e da vice-presidente da Turismo do Centro, Anabela Freitas. Este novo museu representa um refor\u00e7o importante da excelente rede museol\u00f3gica municipal e da sua proje\u00e7\u00e3o nacional.<\/p>\n<p>O Museu das M\u00e1quinas Falantes tem como aspira\u00e7\u00e3o marcar o panorama dos museus da tecnologia do som, das telecomunica\u00e7\u00f5es e da r\u00e1dio difus\u00e3o.<\/p>\n<p>Com esta nova infraestrutura museol\u00f3gica, o Munic\u00edpio de Alcoba\u00e7a cumpre o objetivo de dar a conhecer um patrim\u00f3nio \u00fanico que nasceu do empreendimento em\u00e9rito do seu colecionador-fundador: Jos\u00e9 Madeira Neves (1933-2003). De referir que o Museu conta ainda com doa\u00e7\u00f5es das duas r\u00e1dios locais do concelho de Alcoba\u00e7a, a R\u00e1dio Cister e a Benedita FM.<\/p>\n<p>&#8220;Estou certo que este Museu ser\u00e1 uma refer\u00eancia a n\u00edvel nacional, pois estamos a proteger um legado que preserva uma hist\u00f3ria de mais de um s\u00e9culo de inova\u00e7\u00e3o tecnol\u00f3gica na \u00e1rea do som e da telecomunica\u00e7\u00e3o. Tendo em conta a import\u00e2ncia fulcral que a r\u00e1dio teve no desencadear da Revolu\u00e7\u00e3o do 25 de Abril, n\u00e3o haver\u00e1 melhor momento para inaugurar o Museu das M\u00e1quinas Falantes do que este dia. A partir deste momento este Museu, este legado e esta hist\u00f3ria s\u00e3o vossos. S\u00e3o de todos n\u00f3s&#8221;, afirmou Herm\u00ednio Rodrigues.<\/p>\n<div id=\"attachment_34985\" style=\"width: 510px\" class=\"wp-caption alignleft\"><img loading=\"lazy\" decoding=\"async\" aria-describedby=\"caption-attachment-34985\" class=\"wp-image-34985\" src=\"https:\/\/tintafresca.net\/wp-content\/uploads\/2024\/05\/Alcobaca_Museu_Maquinas_Falantes.jpg\" alt=\"\" width=\"500\" height=\"375\" srcset=\"https:\/\/tintafresca.net\/wp-content\/uploads\/2024\/05\/Alcobaca_Museu_Maquinas_Falantes.jpg 809w, https:\/\/tintafresca.net\/wp-content\/uploads\/2024\/05\/Alcobaca_Museu_Maquinas_Falantes-300x225.jpg 300w, https:\/\/tintafresca.net\/wp-content\/uploads\/2024\/05\/Alcobaca_Museu_Maquinas_Falantes-768x576.jpg 768w\" sizes=\"auto, (max-width: 500px) 100vw, 500px\" \/><p id=\"caption-attachment-34985\" class=\"wp-caption-text\">Alberto Guerreiro apresentou a rica cole\u00e7\u00e3o de Jos\u00e9 Madeira Neves<\/p><\/div>\n<p>A vice-presidente da Turismo do Centro, Anabela Freitas, felicitou Alcoba\u00e7a pelos &#8220;excelentes resultados obtidos em 2023 em mat\u00e9ria de dormidas no concelho que superaram os n\u00fameros de 2019, considerado o melhor ano de sempre do turismo em Portugal. Estes n\u00fameros ter\u00e3o seguramente continuidade este ano, pois apenas nos primeiros dois meses, os n\u00fameros j\u00e1 superam o per\u00edodo hom\u00f3logo de 2019.&#8221;<\/p>\n<p>Para o secret\u00e1rio de Estado do Planeamento e Desenvolvimento Regional, &#8220;a express\u00e3o m\u00e1xima dos valores do 25 de abril \u00e9 o poder local. Os autarcas s\u00e3o a face vis\u00edvel da nossa democracia e s\u00e3o eles que t\u00eam a miss\u00e3o de desenvolver os territ\u00f3rios, gerindo recursos, que s\u00e3o escassos, mas que podem ser maximizados com vontade e ambi\u00e7\u00e3o. Este museu reflete precisamente a vis\u00e3o que o poder local e os seus respons\u00e1veis t\u00eam para a dinamiza\u00e7\u00e3o tur\u00edstica da cidade de Alcoba\u00e7a.&#8221;<\/p>\n<p>O investimento total ascende a cerca de 500 mil euros, incluindo a compra do edif\u00edcio situado no centro hist\u00f3rico da cidade. As entradas no Museu das M\u00e1quinas Falantes s\u00e3o gratuitas, pelo menos numa primeira fase.<\/p>\n<p><strong>Comemora\u00e7\u00f5es do 25 de Abril terminaram com a sess\u00e3o solene da Assembleia Municipal e o espet\u00e1culo de marionetas &#8220;L\u00famen &#8211; Uma Hist\u00f3ria de Amor&#8221;<\/strong><\/p>\n<div id=\"attachment_34983\" style=\"width: 510px\" class=\"wp-caption alignleft\"><img loading=\"lazy\" decoding=\"async\" aria-describedby=\"caption-attachment-34983\" class=\"wp-image-34983\" src=\"https:\/\/tintafresca.net\/wp-content\/uploads\/2024\/05\/Alcobaca_Museu_Maquinas_Falantes2.jpg\" alt=\"\" width=\"500\" height=\"375\" srcset=\"https:\/\/tintafresca.net\/wp-content\/uploads\/2024\/05\/Alcobaca_Museu_Maquinas_Falantes2.jpg 809w, https:\/\/tintafresca.net\/wp-content\/uploads\/2024\/05\/Alcobaca_Museu_Maquinas_Falantes2-300x225.jpg 300w, https:\/\/tintafresca.net\/wp-content\/uploads\/2024\/05\/Alcobaca_Museu_Maquinas_Falantes2-768x576.jpg 768w\" sizes=\"auto, (max-width: 500px) 100vw, 500px\" \/><p id=\"caption-attachment-34983\" class=\"wp-caption-text\">Exterior do Museu das M\u00e1quinas Falantes<\/p><\/div>\n<p>As cerim\u00f3nias oficiais terminaram no Cine-Teatro de Alcoba\u00e7a Jo\u00e3o D&#8217;Oliva Monteiro com a sess\u00e3o solene da Assembleia Municipal seguida de sess\u00e3o de esclarecimento com o ex-ministro da justi\u00e7a, Laborinho L\u00facio, e 4 jovens deputados do projeto Parlamento Jovem, que representam os Agrupamentos de Escolas de Cister, S\u00e3o Martinho do Porto, Externato Cooperativo da Benedita e EPADRC.<\/p>\n<p>Para a noite estava guardado o grandioso espet\u00e1culo de marionetas gigantes e iluminadas &#8220;L\u00famen &#8211; Uma Hist\u00f3ria de Amor&#8221; (pela multipremiada companhia alcobacense S.A. Marionetas) que encheu a pra\u00e7a 25 de Abril, em frente ao Mosteiro de Alcoba\u00e7a, com cerca de 10 mil espetadores. Um momento alto que contou com a participa\u00e7\u00e3o de v\u00e1rios volunt\u00e1rios, da vocalista da banda alcobacenses The Gift, S\u00f3nia Tavares, da Sociedade Filarm\u00f3nica Vestiariense &#8220;Monsenhor Jos\u00e9 Cacella&#8221;, entre outros colaboradores.<\/p>\n<p>&#8220;Foi uma demonstra\u00e7\u00e3o de total uni\u00e3o das nossas gentes e do seu respeito pelos valores de abril. Uma palavra de profundo agradecimento a todas as escolas, pais, alunos, professores, auxiliares e diretores escolares, a todos os colaboradores do munic\u00edpio e a toda a popula\u00e7\u00e3o pelo seu total empenho e envolvimento nestas comemora\u00e7\u00f5es dos 50 anos do 25 de Abril que certamente honraram todos que deram a vida para que hoje possamos viver em liberdade. Uma palavra tamb\u00e9m de agradecimento \u00e0 S.A. Marionetas por nos terem contemplado com mais um momento verdadeiramente m\u00e1gico no Rossio que ficar\u00e1 na mem\u00f3ria de todos n\u00f3s&#8221;, sublinha Herm\u00ednio Rodrigues.<\/p>\n<p><strong>\u00a0 \u00a0 Fonte: GCRP|CMA<\/strong><\/p>\n<p>&nbsp;<\/p>\n","protected":false},"excerpt":{"rendered":"<p>O Museu das M\u00e1quinas Falantes de Alcoba\u00e7a foi inaugurado na tarde do dia 25 de Abril, com a presen\u00e7a do secret\u00e1rio de Estado do Planeamento e Desenvolvimento Regional, H\u00e9lder Reis, natural da Maiorga, e da vice-presidente da Turismo do Centro, Anabela Freitas. Este novo museu representa um refor\u00e7o importante da excelente rede museol\u00f3gica municipal e [&hellip;]<\/p>\n","protected":false},"author":2,"featured_media":34986,"comment_status":"open","ping_status":"open","sticky":false,"template":"","format":"standard","meta":{"footnotes":""},"categories":[10],"tags":[],"class_list":["post-34980","post","type-post","status-publish","format-standard","has-post-thumbnail","hentry","category-patrimonio"],"_links":{"self":[{"href":"https:\/\/tintafresca.net\/index.php\/wp-json\/wp\/v2\/posts\/34980","targetHints":{"allow":["GET"]}}],"collection":[{"href":"https:\/\/tintafresca.net\/index.php\/wp-json\/wp\/v2\/posts"}],"about":[{"href":"https:\/\/tintafresca.net\/index.php\/wp-json\/wp\/v2\/types\/post"}],"author":[{"embeddable":true,"href":"https:\/\/tintafresca.net\/index.php\/wp-json\/wp\/v2\/users\/2"}],"replies":[{"embeddable":true,"href":"https:\/\/tintafresca.net\/index.php\/wp-json\/wp\/v2\/comments?post=34980"}],"version-history":[{"count":5,"href":"https:\/\/tintafresca.net\/index.php\/wp-json\/wp\/v2\/posts\/34980\/revisions"}],"predecessor-version":[{"id":34990,"href":"https:\/\/tintafresca.net\/index.php\/wp-json\/wp\/v2\/posts\/34980\/revisions\/34990"}],"wp:featuredmedia":[{"embeddable":true,"href":"https:\/\/tintafresca.net\/index.php\/wp-json\/wp\/v2\/media\/34986"}],"wp:attachment":[{"href":"https:\/\/tintafresca.net\/index.php\/wp-json\/wp\/v2\/media?parent=34980"}],"wp:term":[{"taxonomy":"category","embeddable":true,"href":"https:\/\/tintafresca.net\/index.php\/wp-json\/wp\/v2\/categories?post=34980"},{"taxonomy":"post_tag","embeddable":true,"href":"https:\/\/tintafresca.net\/index.php\/wp-json\/wp\/v2\/tags?post=34980"}],"curies":[{"name":"wp","href":"https:\/\/api.w.org\/{rel}","templated":true}]}}