{"id":3505,"date":"2021-04-24T21:27:51","date_gmt":"2021-04-24T21:27:51","guid":{"rendered":"https:\/\/tintafresca.net\/?p=3505"},"modified":"2021-04-24T21:27:51","modified_gmt":"2021-04-24T21:27:51","slug":"inauguracao-da-reabilitacao-do-almonda-parque-e-o-ponto-alto-do-47o-aniversario-do-25-de-abril-em-torres-novas","status":"publish","type":"post","link":"https:\/\/tintafresca.net\/index.php\/2021\/04\/24\/inauguracao-da-reabilitacao-do-almonda-parque-e-o-ponto-alto-do-47o-aniversario-do-25-de-abril-em-torres-novas\/","title":{"rendered":"Inaugura\u00e7\u00e3o da reabilita\u00e7\u00e3o do Almonda Parque \u00e9 o ponto alto do 47\u00ba anivers\u00e1rio do 25 de Abril em Torres Novas"},"content":{"rendered":"<div id=\"attachment_3506\" style=\"width: 510px\" class=\"wp-caption alignleft\"><img loading=\"lazy\" decoding=\"async\" aria-describedby=\"caption-attachment-3506\" class=\"wp-image-3506\" src=\"https:\/\/tintafresca.net\/wp-content\/uploads\/2021\/04\/TN_Almonda-Parque-696x392-1.jpg\" alt=\"\" width=\"500\" height=\"282\" \/><p id=\"caption-attachment-3506\" class=\"wp-caption-text\">Parque do Almonda<\/p><\/div>\n<p>A inaugura\u00e7\u00e3o da reabilita\u00e7\u00e3o da envolvente do Almonda Parque \u00e9 o ponto alto das comemora\u00e7\u00f5es do 47\u00ba anivers\u00e1rio do 25 de Abril. Destaque tamb\u00e9m para o concerto de Fernando Tordo, no Teatro Virg\u00ednia, \u00e0s 11 horas da manh\u00e3, com entrada gratuita mediante levantamento de bilhete (m\u00e1ximo 2 por pessoa e lota\u00e7\u00e3o limitada) e a a exposi\u00e7\u00e3o virtual \u00abOs Bichos de Abril\u00bb a partir da obra com o mesmo nome da autoria de Carlos Pinh\u00e3o e ilustra\u00e7\u00f5es de Jo\u00e3o Martins.<\/p>\n<p><strong>Programa<\/strong><\/p>\n<p>24 de abril (s\u00e1bado) . 16h00<\/p>\n<p>Webinar \u00abConversas sobre 25 de Abril\u00bb . Canal Youtube do Munic\u00edpio de Torres Novas<\/p>\n<p>25 de abril (domingo)<\/p>\n<p>08h30 | Hastear da bandeira ao som do hino nacional . Pra\u00e7a 5 de Outubro<\/p>\n<p>09h00 | Inaugura\u00e7\u00e3o do Almonda Parque<\/p>\n<p>09h30 | Sess\u00e3o solene . Pra\u00e7a dos Claras . Canal Youtube do Munic\u00edpio de Torres Novas<\/p>\n<p>11h00 | Concerto de Fernando Tordo . Teatro Virg\u00ednia entrada gratuita mediante levantamento de bilhete (m\u00e1ximo 2 por pessoa) . lota\u00e7\u00e3o limitada<\/p>\n<p>23 a 30 de abril | Exposi\u00e7\u00e3o de trabalhos alusivos ao 25 de abril elaborados por alunos das escolas . rotundas do concelho<\/p>\n<p>Exposi\u00e7\u00e3o virtual \u00abOs Bichos de Abril\u00bb a partir da obra com o mesmo nome da autoria de Carlos Pinh\u00e3o e ilustra\u00e7\u00f5es de Jo\u00e3o Martins<\/p>\n<p><a href=\"https:\/\/issuu.com\/municipiodetorresnovas\/docs\/exposicao_bichosabril\">https:\/\/issuu.com\/municipiodetorresnovas\/docs\/exposicao_bichosabril<\/a><\/p>\n<p>Com esta mostra, a partir do livro infantil hom\u00f3nimo, pensado para mi\u00fados, mas tamb\u00e9m para gra\u00fados, com textos do jornalista e escritor Carlos Pinh\u00e3o e ilustra\u00e7\u00f5es de Jo\u00e3o Martins, pretende-se transmitir com alguma ironia, tendo como referente o p\u00f3s-revolu\u00e7\u00e3o 25 de abril e o modo como se exercitavam ou n\u00e3o os valores de abril, estere\u00f3tipos de pessoas, personificadas por ilustra\u00e7\u00f5es de animais. Tratando-se de um livro editado em 1977 para um p\u00fablico infantil, a exposi\u00e7\u00e3o apresenta algumas notas em torno do panorama liter\u00e1rio infantil da d\u00e9cada de 70 e de um conjunto de livros que existem no fundo documental da biblioteca.<\/p>\n<p>Considerando o atual cen\u00e1rio de pandemia, e de forma a dar cumprimento \u00e0s recomenda\u00e7\u00f5es de seguran\u00e7a emanadas pela Dire\u00e7\u00e3o Geral de Sa\u00fade, ser\u00e1 dada primazia \u00e0 transmiss\u00e3o das iniciativas nas plataformas digitais, sendo limitada a participa\u00e7\u00e3o do p\u00fablico, de forma a que os mun\u00edcipes possam acompanhar as comemora\u00e7\u00f5es sem sair de casa. Nesse sentido, os interessados podem seguir atrav\u00e9s do canal do Youtube do Munic\u00edpio o Webinar \u00abConversas sobre 25 de Abril\u00bb e a sess\u00e3o solene com os discursos dos representantes dos partidos com assento na Assembleia Municipal, bem como do presidente desse mesmo \u00f3rg\u00e3o e do presidente da C\u00e2mara Municipal.<\/p>\n<p><strong>\u00a0 \u00a0 Fonte: AF|DTICMA|CMTN<\/strong><\/p>\n","protected":false},"excerpt":{"rendered":"<p>A inaugura\u00e7\u00e3o da reabilita\u00e7\u00e3o da envolvente do Almonda Parque \u00e9 o ponto alto das comemora\u00e7\u00f5es do 47\u00ba anivers\u00e1rio do 25 de Abril. Destaque tamb\u00e9m para o concerto de Fernando Tordo, no Teatro Virg\u00ednia, \u00e0s 11 horas da manh\u00e3, com entrada gratuita mediante levantamento de bilhete (m\u00e1ximo 2 por pessoa e lota\u00e7\u00e3o limitada) e a a [&hellip;]<\/p>\n","protected":false},"author":2,"featured_media":3507,"comment_status":"open","ping_status":"open","sticky":false,"template":"","format":"standard","meta":{"footnotes":""},"categories":[9,8],"tags":[],"class_list":["post-3505","post","type-post","status-publish","format-standard","has-post-thumbnail","hentry","category-ambiente","category-musica"],"_links":{"self":[{"href":"https:\/\/tintafresca.net\/index.php\/wp-json\/wp\/v2\/posts\/3505","targetHints":{"allow":["GET"]}}],"collection":[{"href":"https:\/\/tintafresca.net\/index.php\/wp-json\/wp\/v2\/posts"}],"about":[{"href":"https:\/\/tintafresca.net\/index.php\/wp-json\/wp\/v2\/types\/post"}],"author":[{"embeddable":true,"href":"https:\/\/tintafresca.net\/index.php\/wp-json\/wp\/v2\/users\/2"}],"replies":[{"embeddable":true,"href":"https:\/\/tintafresca.net\/index.php\/wp-json\/wp\/v2\/comments?post=3505"}],"version-history":[{"count":1,"href":"https:\/\/tintafresca.net\/index.php\/wp-json\/wp\/v2\/posts\/3505\/revisions"}],"predecessor-version":[{"id":3508,"href":"https:\/\/tintafresca.net\/index.php\/wp-json\/wp\/v2\/posts\/3505\/revisions\/3508"}],"wp:featuredmedia":[{"embeddable":true,"href":"https:\/\/tintafresca.net\/index.php\/wp-json\/wp\/v2\/media\/3507"}],"wp:attachment":[{"href":"https:\/\/tintafresca.net\/index.php\/wp-json\/wp\/v2\/media?parent=3505"}],"wp:term":[{"taxonomy":"category","embeddable":true,"href":"https:\/\/tintafresca.net\/index.php\/wp-json\/wp\/v2\/categories?post=3505"},{"taxonomy":"post_tag","embeddable":true,"href":"https:\/\/tintafresca.net\/index.php\/wp-json\/wp\/v2\/tags?post=3505"}],"curies":[{"name":"wp","href":"https:\/\/api.w.org\/{rel}","templated":true}]}}