{"id":35103,"date":"2024-05-13T22:40:33","date_gmt":"2024-05-13T22:40:33","guid":{"rendered":"https:\/\/tintafresca.net\/?p=35103"},"modified":"2024-05-13T22:45:13","modified_gmt":"2024-05-13T22:45:13","slug":"municipios-de-alenquer-e-cadaval-organizam-ecofestival-para-valorizar-o-patrimonio-cultural-e-natural-da-serra-de-montejunto","status":"publish","type":"post","link":"https:\/\/tintafresca.net\/index.php\/2024\/05\/13\/municipios-de-alenquer-e-cadaval-organizam-ecofestival-para-valorizar-o-patrimonio-cultural-e-natural-da-serra-de-montejunto\/","title":{"rendered":"Munic\u00edpios de Alenquer e Cadaval organizam ecofestival para valorizar patrim\u00f3nio cultural e natural da Serra de Montejunto"},"content":{"rendered":"<div id=\"attachment_35105\" style=\"width: 510px\" class=\"wp-caption alignleft\"><img loading=\"lazy\" decoding=\"async\" aria-describedby=\"caption-attachment-35105\" class=\"wp-image-35105 size-full\" src=\"https:\/\/tintafresca.net\/wp-content\/uploads\/2024\/05\/Cadaval_montejunto_falcao10.jpg\" alt=\"\" width=\"500\" height=\"333\" srcset=\"https:\/\/tintafresca.net\/wp-content\/uploads\/2024\/05\/Cadaval_montejunto_falcao10.jpg 500w, https:\/\/tintafresca.net\/wp-content\/uploads\/2024\/05\/Cadaval_montejunto_falcao10-300x200.jpg 300w\" sizes=\"auto, (max-width: 500px) 100vw, 500px\" \/><p id=\"caption-attachment-35105\" class=\"wp-caption-text\">Serra de Montejunto<\/p><\/div>\n<p>A Associa\u00e7\u00e3o de Munic\u00edpios de Alenquer e Cadaval (AMAC), em parceria com o grupo Ecomusicologia Ib\u00e9rica, promove a 1.\u00aa edi\u00e7\u00e3o do Ecofestival de Montejunto nos dias 19, 24, 25 e 26 de maio. Trata-se de um evento de ativismo eco art\u00edstico que pretende valorizar o patrim\u00f3nio cultural e natural da Serra de Montejunto atrav\u00e9s de di\u00e1logos entre ecologia e cultura, onde as artes t\u00eam um lugar de destaque.<\/p>\n<p>O programa do evento dividiu-se em conformidade com os quatro elementos cl\u00e1ssicos da natureza: <u>AR<\/u> \u2013 Moinhos de Vento; <u>\u00c1GUA<\/u> \u2013 Mar de N\u00e9voas; <u>TERRA<\/u> \u2013 Bosques e Mouras Encantadas; <u>FOGO<\/u> \u2013 Ventre da Terra. O mesmo foi concebido por uma equipa interdisciplinar que elencou um conjunto de atividades abrangendo as \u00e1reas das ci\u00eancias, humanidades e artes.<\/p>\n<p>Concertos musicais, workshops, caminhadas, visitas guiadas e rodas de conversa s\u00e3o algumas das atividades propostas nesta 1.\u00aa edi\u00e7\u00e3o do Ecofestival de Montejunto. A programa\u00e7\u00e3o totalmente gratuita \u00e9 dirigida a adultos e crian\u00e7as e procura suscitar reflex\u00f5es sobre o valor da rela\u00e7\u00e3o natureza-cultura, assim como promover o sentido de comunidade e bem-estar ecossocial, na expectativa de que possam alimentar uma resposta social, erudita e politicamente proativa em rela\u00e7\u00e3o \u00e0 crise ambiental atual.<\/p>\n<p>O Conselho Diretivo da AMAC lan\u00e7a-lhe o repto para participar nesta 1.\u00aa edi\u00e7\u00e3o do <strong><a href=\"https:\/\/www.cm-cadaval.pt\/1518\/1ecofestivaldemontejunto\">Ecofestival de Montejunt<\/a>o<\/strong>, um evento que proporciona uma simbiose entre a cultura e o meio ambiente em v\u00e1rias vertentes, com a particularidade de decorrer sempre ao ar livre e em zonas integrantes da <a href=\"https:\/\/montejunto.pt\/\">Paisagem Protegida da Serra de Montejunto<\/a>.<\/p>\n<p><strong>Fonte: EC|SCRP|CMC<\/strong><\/p>\n","protected":false},"excerpt":{"rendered":"<p>A Associa\u00e7\u00e3o de Munic\u00edpios de Alenquer e Cadaval (AMAC), em parceria com o grupo Ecomusicologia Ib\u00e9rica, promove a 1.\u00aa edi\u00e7\u00e3o do Ecofestival de Montejunto nos dias 19, 24, 25 e 26 de maio. Trata-se de um evento de ativismo eco art\u00edstico que pretende valorizar o patrim\u00f3nio cultural e natural da Serra de Montejunto atrav\u00e9s de [&hellip;]<\/p>\n","protected":false},"author":2,"featured_media":7454,"comment_status":"open","ping_status":"open","sticky":false,"template":"","format":"standard","meta":{"footnotes":""},"categories":[9],"tags":[],"class_list":["post-35103","post","type-post","status-publish","format-standard","has-post-thumbnail","hentry","category-ambiente"],"_links":{"self":[{"href":"https:\/\/tintafresca.net\/index.php\/wp-json\/wp\/v2\/posts\/35103","targetHints":{"allow":["GET"]}}],"collection":[{"href":"https:\/\/tintafresca.net\/index.php\/wp-json\/wp\/v2\/posts"}],"about":[{"href":"https:\/\/tintafresca.net\/index.php\/wp-json\/wp\/v2\/types\/post"}],"author":[{"embeddable":true,"href":"https:\/\/tintafresca.net\/index.php\/wp-json\/wp\/v2\/users\/2"}],"replies":[{"embeddable":true,"href":"https:\/\/tintafresca.net\/index.php\/wp-json\/wp\/v2\/comments?post=35103"}],"version-history":[{"count":5,"href":"https:\/\/tintafresca.net\/index.php\/wp-json\/wp\/v2\/posts\/35103\/revisions"}],"predecessor-version":[{"id":35109,"href":"https:\/\/tintafresca.net\/index.php\/wp-json\/wp\/v2\/posts\/35103\/revisions\/35109"}],"wp:featuredmedia":[{"embeddable":true,"href":"https:\/\/tintafresca.net\/index.php\/wp-json\/wp\/v2\/media\/7454"}],"wp:attachment":[{"href":"https:\/\/tintafresca.net\/index.php\/wp-json\/wp\/v2\/media?parent=35103"}],"wp:term":[{"taxonomy":"category","embeddable":true,"href":"https:\/\/tintafresca.net\/index.php\/wp-json\/wp\/v2\/categories?post=35103"},{"taxonomy":"post_tag","embeddable":true,"href":"https:\/\/tintafresca.net\/index.php\/wp-json\/wp\/v2\/tags?post=35103"}],"curies":[{"name":"wp","href":"https:\/\/api.w.org\/{rel}","templated":true}]}}