{"id":35110,"date":"2024-05-14T15:55:32","date_gmt":"2024-05-14T15:55:32","guid":{"rendered":"https:\/\/tintafresca.net\/?p=35110"},"modified":"2024-05-14T15:59:16","modified_gmt":"2024-05-14T15:59:16","slug":"fragas-de-s-simao-em-figueiro-dos-vinhos-integra-a-lista-de-praias-ouro-da-quercus-pela-primeira-vez","status":"publish","type":"post","link":"https:\/\/tintafresca.net\/index.php\/2024\/05\/14\/fragas-de-s-simao-em-figueiro-dos-vinhos-integra-a-lista-de-praias-ouro-da-quercus-pela-primeira-vez\/","title":{"rendered":"Fragas de S. Sim\u00e3o (Figueir\u00f3 dos Vinhos) integra lista de Praias Ouro da Quercus pela primeira vez"},"content":{"rendered":"<div id=\"attachment_35112\" style=\"width: 510px\" class=\"wp-caption alignleft\"><img loading=\"lazy\" decoding=\"async\" aria-describedby=\"caption-attachment-35112\" class=\"wp-image-35112 size-full\" src=\"https:\/\/tintafresca.net\/wp-content\/uploads\/2024\/05\/Figueiro_Fragas_Casal_sao_simao10.jpg\" alt=\"\" width=\"500\" height=\"281\" srcset=\"https:\/\/tintafresca.net\/wp-content\/uploads\/2024\/05\/Figueiro_Fragas_Casal_sao_simao10.jpg 500w, https:\/\/tintafresca.net\/wp-content\/uploads\/2024\/05\/Figueiro_Fragas_Casal_sao_simao10-300x169.jpg 300w\" sizes=\"auto, (max-width: 500px) 100vw, 500px\" \/><p id=\"caption-attachment-35112\" class=\"wp-caption-text\">Fragas do Casal de S\u00e3o Sim\u00e3o<\/p><\/div>\n<p>Em v\u00e9speras do arranque da \u00e9poca balnear 2024, a Quercus divulgou, no dia 13 de maio, as 420 Praias classificadas com Qualidade de Ouro, um galard\u00e3o atribu\u00eddo h\u00e1 quase 15 anos e que distingue a qualidade da \u00e1gua balnear das praias portuguesas com base na informa\u00e7\u00e3o p\u00fablica oficial, tendo exclusivamente em considera\u00e7\u00e3o as an\u00e1lises efetuadas nos laborat\u00f3rios das Administra\u00e7\u00f5es Regionais Hidrogr\u00e1ficas. Em 2024, foram distinguidas mais 26 praias do que em 2023. Das 420 praias galardoadas, 349 s\u00e3o costeiras, 61 interiores e 10 de transi\u00e7\u00e3o. Fragas de S. Sim\u00e3o, em Figueir\u00f3 dos Vinhos, integra a lista da Quercus pela primeira vez.<\/p>\n<p>A listagem completa pode ser consultada em <a href=\"https:\/\/praiasouro.quercus.pt\">https:\/\/praiasouro.quercus.pt<\/a><\/p>\n<p>Do total de praias, 349 praias s\u00e3o costeiras (83%), 61 interiores (15%) e 10 de transi\u00e7\u00e3o (2%). As regi\u00f5es Tejo\/Oeste e Norte s\u00e3o as mais galardoadas (103 e 81 praias, respetivamente). O Norte e A\u00e7ores registam a maior subida (+16 e +14 galard\u00f5es praias, respetivamente) e a Regi\u00e3o do Algarve regista descida acentuada (-16 praias).<\/p>\n<p>&nbsp;<\/p>\n<ul>\n<li>H\u00e1 9 zonas balneares estreantes: 1 na Regi\u00e3o Tejo\/Oeste; 3 no Centro; 2 nos A\u00e7ores; 1 na Madeira; 1 no Algarve e 1 no Norte. No Top 5 dos munic\u00edpios mais galardoados est\u00e3o Vila Nova de Gaia (19); Almada (17); Matosinhos (14); Vila do Bispo (13) e Torres Vedras (12)<\/li>\n<\/ul>\n<p>Regi\u00e3o Tejo-Oeste volta a ser a mais galardoada (103); Norte e A\u00e7ores t\u00eam a maior subida (+16 e +14). A Regi\u00e3o Tejo e Oeste \u00e9 novamente a que consegue mais praias galardoadas (103), seguida da Regi\u00e3o Norte (81).<\/p>\n<p>A Regi\u00e3o Norte e a Regi\u00e3o Aut\u00f3noma dos A\u00e7ores apresentam as subidas mais expressivas (com um incremento de 16 e 14 galard\u00f5es, respetivamente), seguindo-se as Regi\u00f5es Centro e Tejo-Oeste (com mais 5 galard\u00f5es cada) e do Alentejo (com mais 3 galard\u00f5es).<\/p>\n<p>Em compara\u00e7\u00e3o com 2023, registou-se uma diminui\u00e7\u00e3o acentuada das praias distinguidas na Regi\u00e3o do Algarve (menos 16 galard\u00f5es) e ligeiro decr\u00e9scimo na Regi\u00e3o Aut\u00f3noma da Madeira (menos 1 praia).<\/p>\n<p>No caso do Algarve, a descida do n\u00famero de galard\u00f5es foi na maior parte dos casos motivada pelo incumprimento do crit\u00e9rio relativo \u00e0s an\u00e1lises realizadas na \u00e9poca balnear 2023. Verificaram-se n\u00edveis de polui\u00e7\u00e3o algo persistentes, n\u00e3o inteiramente esclarecidos, mas para os quais poder\u00e1 ter contribu\u00eddo o impacte da press\u00e3o tur\u00edstica nesta regi\u00e3o.<\/p>\n<p><strong>9 zonas balneares estreantes<\/strong><\/p>\n<p>Este ano, registam-se 9 zonas balneares estreantes, galardoadas pela primeira vez com Qualidade de Ouro, das quais 5 s\u00e3o interiores e 4 costeiras:<\/p>\n<p>Castelo Branco, Horta (R.A. A\u00e7ores) \u2013 costeira<\/p>\n<p>Po\u00e7as da Ribeira Grande, Ribeira Grande (R.A. A\u00e7ores) &#8211; costeira<\/p>\n<p>Cavacos, Olh\u00e3o (Regi\u00e3o do Algarve) \u2013 costeira<\/p>\n<p>Ereira, Montemor-o-Velho (Regi\u00e3o Centro) &#8211; interior<\/p>\n<p>Trabulo, S\u00e1t\u00e3o (Regi\u00e3o Centro) \u2013 interior<\/p>\n<p>Jo\u00e3o do Monte, Tondela (Regi\u00e3o Centro) \u2013 interior<\/p>\n<p>Banda d\u2019Al\u00e9m, Machico (R.A. Madeira) \u2013 costeira<\/p>\n<p>Albufeira de Alfaiates, Sabugal (Regi\u00e3o Norte) &#8211; interior<\/p>\n<p>Fragas de S. Sim\u00e3o, Figueir\u00f3 dos Vinhos (Regi\u00e3o Tejo e Oeste) \u2013 interior<\/p>\n<p><strong>\u00a0 \u00a0 \u00a0 Crit\u00e9rios do galard\u00e3o<\/strong><\/p>\n<p>Para receber a classifica\u00e7\u00e3o de \u201cPraia com Qualidade de Ouro, a \u00e1gua balnear tem de respeitar os seguintes crit\u00e9rios:<\/p>\n<ol>\n<li>Qualidade da \u00e1gua \u201cexcelente\u201d na classifica\u00e7\u00e3o anual das cinco \u00e9pocas balneares anteriores \u00e0 \u00faltima (neste caso, entre 2018 e 2022);<\/li>\n<li>Todas as an\u00e1lises realizadas na \u00faltima \u00e9poca balnear (2023) dever\u00e3o ter apresentado resultados melhores para os seguintes indicadores bacterianos face aos valores definidos para o percentil 95 do anexo I da Diretiva relativa \u00e0s \u00e1guas balneares:<\/li>\n<li>\u00c1guas costeiras e de transi\u00e7\u00e3o: todas as an\u00e1lises dever\u00e3o apresentar valores inferiores a 100ufc\/100ml para os Enterococos intestinais e inferiores a 250ufc\/100ml para a Escherichia coli;<\/li>\n<li>\u00c1guas interiores: todas as an\u00e1lises dever\u00e3o apresentar valores inferiores a 200ufc\/100ml para os Enterococos intestinais e inferiores a 500ufc\/100ml para a Escherichia coli.<\/li>\n<li>Na \u00faltima \u00e9poca balnear (2023), n\u00e3o poder\u00e1 ter ocorrido qualquer tipo de ocorr\u00eancia\/aviso de desaconselhamento da pr\u00e1tica balnear, proibi\u00e7\u00e3o da pr\u00e1tica balnear e\/ou interdi\u00e7\u00e3o tempor\u00e1ria da praia.<\/li>\n<\/ol>\n<p>Novo site com mapa interativo das praias galardoadas<\/p>\n<p>Nesta \u00e9poca balnear, a Quercus lan\u00e7a tamb\u00e9m o site do galard\u00e3o \u201cPraias com Qualidade de Ouro\u201d \u2013 dispon\u00edvel em <a href=\"https:\/\/praiasouro.quercus.pt\">https:\/\/praiasouro.quercus.pt<\/a> \u2013 onde, al\u00e9m de toda a informa\u00e7\u00e3o relevante, \u00e9 poss\u00edvel consultar as praias galardoadas num mapa interativo. O site \u00e9 compat\u00edvel com visualiza\u00e7\u00e3o em dispositivos m\u00f3veis.<\/p>\n<p><strong>Bandeira \u201cPraia Qualidade de Ouro\u201d 2024<\/strong><\/p>\n<p>A Quercus enviar\u00e1 a todos os munic\u00edpios nacionais com uma ou mais praias galardoadas as instru\u00e7\u00f5es para a produ\u00e7\u00e3o da bandeira \u201cPraia com Qualidade de Ouro 2024\u201d.<\/p>\n<p>Todas as instru\u00e7\u00f5es est\u00e3o dispon\u00edveis em: <a href=\"https:\/\/praiasouro.quercus.pt\/bandeira\">https:\/\/praiasouro.quercus.pt\/bandeira<\/a><\/p>\n<p>O projeto \u201cPraias Qualidade de Ouro\u201d conta com o apoio de v\u00e1rias entidades nos munic\u00edpios onde as mesmas asseguram o saneamento de \u00e1guas residuais, um processo determinante do ponto de vista ambiental, com influ\u00eancia direta na qualidade das \u00e1guas balneares: \u00c1guas do Algarve, \u00c1guas do Tejo Atl\u00e2ntico, \u00c1guas do Centro Litoral, \u00c1guas do Vale do Tejo, \u00c1guas de Santo Andr\u00e9, Simarsul e Indaqua.<\/p>\n<p>No \u00e2mbito destas parcerias, a bandeira \u201cPraia Qualidade de Ouro 2024\u201d a hastear nas praias situadas nestas \u00e1reas geogr\u00e1ficas apresentar\u00e1 novamente vers\u00f5es personalizadas.<\/p>\n<p><strong>Fonte: DN|Quercus<\/strong><\/p>\n","protected":false},"excerpt":{"rendered":"<p>Em v\u00e9speras do arranque da \u00e9poca balnear 2024, a Quercus divulgou, no dia 13 de maio, as 420 Praias classificadas com Qualidade de Ouro, um galard\u00e3o atribu\u00eddo h\u00e1 quase 15 anos e que distingue a qualidade da \u00e1gua balnear das praias portuguesas com base na informa\u00e7\u00e3o p\u00fablica oficial, tendo exclusivamente em considera\u00e7\u00e3o as an\u00e1lises efetuadas [&hellip;]<\/p>\n","protected":false},"author":2,"featured_media":35113,"comment_status":"open","ping_status":"open","sticky":false,"template":"","format":"standard","meta":{"footnotes":""},"categories":[9],"tags":[],"class_list":["post-35110","post","type-post","status-publish","format-standard","has-post-thumbnail","hentry","category-ambiente"],"_links":{"self":[{"href":"https:\/\/tintafresca.net\/index.php\/wp-json\/wp\/v2\/posts\/35110","targetHints":{"allow":["GET"]}}],"collection":[{"href":"https:\/\/tintafresca.net\/index.php\/wp-json\/wp\/v2\/posts"}],"about":[{"href":"https:\/\/tintafresca.net\/index.php\/wp-json\/wp\/v2\/types\/post"}],"author":[{"embeddable":true,"href":"https:\/\/tintafresca.net\/index.php\/wp-json\/wp\/v2\/users\/2"}],"replies":[{"embeddable":true,"href":"https:\/\/tintafresca.net\/index.php\/wp-json\/wp\/v2\/comments?post=35110"}],"version-history":[{"count":7,"href":"https:\/\/tintafresca.net\/index.php\/wp-json\/wp\/v2\/posts\/35110\/revisions"}],"predecessor-version":[{"id":35119,"href":"https:\/\/tintafresca.net\/index.php\/wp-json\/wp\/v2\/posts\/35110\/revisions\/35119"}],"wp:featuredmedia":[{"embeddable":true,"href":"https:\/\/tintafresca.net\/index.php\/wp-json\/wp\/v2\/media\/35113"}],"wp:attachment":[{"href":"https:\/\/tintafresca.net\/index.php\/wp-json\/wp\/v2\/media?parent=35110"}],"wp:term":[{"taxonomy":"category","embeddable":true,"href":"https:\/\/tintafresca.net\/index.php\/wp-json\/wp\/v2\/categories?post=35110"},{"taxonomy":"post_tag","embeddable":true,"href":"https:\/\/tintafresca.net\/index.php\/wp-json\/wp\/v2\/tags?post=35110"}],"curies":[{"name":"wp","href":"https:\/\/api.w.org\/{rel}","templated":true}]}}