{"id":35169,"date":"2024-05-17T11:32:27","date_gmt":"2024-05-17T11:32:27","guid":{"rendered":"https:\/\/tintafresca.net\/?p=35169"},"modified":"2024-05-18T21:56:51","modified_gmt":"2024-05-18T21:56:51","slug":"feira-nacional-de-agricultura-feira-do-ribatejo-dedica-de-2024-edicao-a-pecuaria-extensiva","status":"publish","type":"post","link":"https:\/\/tintafresca.net\/index.php\/2024\/05\/17\/feira-nacional-de-agricultura-feira-do-ribatejo-dedica-de-2024-edicao-a-pecuaria-extensiva\/","title":{"rendered":"Feira Nacional de Agricultura \/ Feira do Ribatejo dedica edi\u00e7\u00e3o de 2024 \u00e0 Pecu\u00e1ria Extensiva"},"content":{"rendered":"<div id=\"attachment_35173\" style=\"width: 422px\" class=\"wp-caption alignleft\"><img loading=\"lazy\" decoding=\"async\" aria-describedby=\"caption-attachment-35173\" class=\"wp-image-35173 size-full\" src=\"https:\/\/tintafresca.net\/wp-content\/uploads\/2024\/05\/Santarem_FNA.png\" alt=\"\" width=\"412\" height=\"575\" srcset=\"https:\/\/tintafresca.net\/wp-content\/uploads\/2024\/05\/Santarem_FNA.png 412w, https:\/\/tintafresca.net\/wp-content\/uploads\/2024\/05\/Santarem_FNA-215x300.png 215w\" sizes=\"auto, (max-width: 412px) 100vw, 412px\" \/><p id=\"caption-attachment-35173\" class=\"wp-caption-text\">Cartaz<\/p><\/div>\n<p>A FNA 24 \u2013 Feira Nacional de Agricultura \/ Feira do Ribatejo, vai decorrer este ano entre os dias 8 e 16 de junho, no Centro Nacional de Exposi\u00e7\u00f5es, em Santar\u00e9m, como habitual. O tema escolhido para este ano \u00e9 a \u201cPecu\u00e1ria Extensiva\u201d, tendo como intuito dar relevo a uma atividade que ocupa uma \u00e1rea de 64% da superf\u00edcie agr\u00edcola \u00fatil em territ\u00f3rio nacional e que representa in\u00fameras vantagens como o apoio ao sistema agroflorestal ou o incremento qualitativo dos produtos provenientes e derivados dos animais de pasto. Neste \u00e2mbito ser\u00e1 tamb\u00e9m inevit\u00e1vel a promo\u00e7\u00e3o das ra\u00e7as aut\u00f3ctones e a preserva\u00e7\u00e3o deste nosso patrim\u00f3nio.<\/p>\n<p>Vista como uma tend\u00eancia sustent\u00e1vel e de largo impacto no setor agr\u00edcola portugu\u00eas, a pecu\u00e1ria extensiva, uma das primeiras atividades desenvolvidas pelo homem chega ao s\u00e9culo XXI com cartas para dar, novas solu\u00e7\u00f5es para um melhor pastoreio e a adapta\u00e7\u00e3o \u00e0s altera\u00e7\u00f5es clim\u00e1ticas ser\u00e3o ent\u00e3o o mote para o debate aberto sobre estas e outras grandes quest\u00f5es do mundo rural na atualidade.<\/p>\n<p><strong>60\u00aa Feira Nacional de Agricultura \/ 70\u00aa Feira do Ribatejo \/ 30\u00ba anivers\u00e1rio CNEMA.\u00a0Conhecer o passado \u00e9 aprender para o amanh\u00e3<\/strong><\/p>\n<p>Na edi\u00e7\u00e3o de 2024 ser\u00e3o celebrados os 70 anos da Feira do Ribatejo, o 60\u00ba anivers\u00e1rio da Feira Nacional de Agricultura e os 30 anos de atividade do CNEMA &#8211; s\u00e3o datas marcantes e que, por isso, v\u00e3o estar em grande destaque. \u201cTemos orgulho no nosso percurso hist\u00f3rico mas mais orgulho ainda em termos chegado at\u00e9 aqui. Sempre numa trajet\u00f3ria ascendente e com uma postura, n\u00e3o do que envelhece, mas do que e se adapta, se renova e melhora a cada passo da sua exist\u00eancia\u201d, refere a organiza\u00e7\u00e3o, a cargo da Confedera\u00e7\u00e3o dos Agricultores de Portugal.<\/p>\n<p>\u201cCrescemos e torn\u00e1mo-nos mais fortes. Mais presentes na vida dos portugueses mas tamb\u00e9m mais atentos a al\u00e9m-fronteiras. Acreditamos na excel\u00eancia dos nossos profissionais e dos nossos produtos mas queremos estar a par do que acontece pelo mundo, aprender com ele e partilhar o valor do que criamos e temos para dar. Foi preciso chegar aqui para saber que acompanh\u00e1mos os tempos e que queremos continuar a melhorar. Continuar a aumentar a nossa oferta, continuar a divulgar e apostar na inova\u00e7\u00e3o e desenvolvimento do setor\u201d, conclui a CAP.<\/p>\n<p><strong>\u00a0 \u00a0 \u00a0Entrada FNA 24 \u2013 uma viagem no tempo<\/strong><\/p>\n<p>Na entrada principal do CNEMA, antes da entrada da FNA, os visitantes v\u00e3o poder regressar ao in\u00edcio e conhecer toda a Hist\u00f3ria da Feira Nacional de Agricultura \/ Feira do Ribatejo. Uma exposi\u00e7\u00e3o retrospetiva dar\u00e1 a conhecer todo o percurso deste evento atrav\u00e9s de fotografias de \u00e9poca, dos cartazes das v\u00e1rias edi\u00e7\u00f5es, de breves anota\u00e7\u00f5es e hist\u00f3rias e ainda da exibi\u00e7\u00e3o de excertos de um document\u00e1rio sobre a hist\u00f3ria e evolu\u00e7\u00e3o da Feira Nacional de Agricultura especialmente concebido no \u00e2mbito das a\u00e7\u00f5es comemorativas dos anivers\u00e1rios referidos.<\/p>\n<p><strong>Claustros \u2013 A import\u00e2ncia das Ra\u00e7as Aut\u00f3ctones e da biodiversidade<\/strong><\/p>\n<p>Nos Claustros, um dos espa\u00e7os mais nobres do CNEMA, v\u00e3o estar presentes Associa\u00e7\u00f5es de Ra\u00e7as Aut\u00f3ctones e empresas ligadas \u00e0 Pecu\u00e1ria que ir\u00e3o dinamizar iniciativas relacionadas com o sector. Paralelamente, aqui tamb\u00e9m estar\u00e1 patente a exposi\u00e7\u00e3o relativa ao Concurso Fotogr\u00e1fico \u201cRa\u00e7as Animais Aut\u00f3ctones de Portugal \u2013 Conservar a Biodiversidade\u201d, organizado pelo Polo de Inova\u00e7\u00e3o da Fonte Boa de Santar\u00e9m do INIAV (EZN-INIAV) e que contou com uma ades\u00e3o em peso de 208\u00a0participantes que apresentaram 583 fotografias.<\/p>\n<p><strong>Espa\u00e7o Crian\u00e7a \u2013 O espa\u00e7o que faltava na FNA<\/strong><\/p>\n<p>O Espa\u00e7o Crian\u00e7a \u00e9 mais uma iniciativa inovadora da edi\u00e7\u00e3o deste ano! Um espa\u00e7o exclusivamente dedicado aos mais novos vai proporcionar uma experi\u00eancia \u00fanica e interativa ao p\u00fablico infantojuvenil que visita a Feira Nacional da Agricultura. Informar e contagiar as novas gera\u00e7\u00f5es com a import\u00e2ncia do setor agropecu\u00e1rio \u00e9 um objetivo, e mesmo uma prioridade, que sempre esteve presente na organiza\u00e7\u00e3o da FNA mas que, atinge este ano um novo patamar.<\/p>\n<p>Num espa\u00e7o reservado, ser\u00e1 constru\u00eddo um ambiente apropriado e acolhedor onde os mais pequenos &#8211; os consumidores, e quem sabe, os agricultores de amanh\u00e3 &#8211; v\u00e3o ter acesso a muito entretenimento e atividades educativas com foco na import\u00e2ncia da agricultura, da alimenta\u00e7\u00e3o e do equil\u00edbrio do meio ambiente.<\/p>\n<p>Ao longo dos 9 dias do evento haver\u00e1 jogos, atividades sensoriais, espet\u00e1culos, workshops, entre outras atividades. O Espa\u00e7o Crian\u00e7a contar\u00e1 com o apoio de v\u00e1rias marcas como o BPI e o Creactivity Bus (Funda\u00e7\u00e3o La Caixa), o Lidl, entre outras.<\/p>\n<p><strong>FNA \u2013 Um evento cada vez mais amigo do ambiente<\/strong><\/p>\n<p>A sustentabilidade \u00e9 uma das preocupa\u00e7\u00f5es mais presentes na Feira Nacional de Agricultura e por isso mesmo a organiza\u00e7\u00e3o prima por dar o exemplo. Este ano a FNA, em parceria com a Repsol \u2013 parceira multienerg\u00e9tica do certame -, contar\u00e1 com carros de servi\u00e7o que ser\u00e3o abastecidos com combust\u00edveis 100% renov\u00e1veis, que possibilitar\u00e1 uma otimiza\u00e7\u00e3o do consumo durante as viagens na Feira e uma redu\u00e7\u00e3o significativa da pegada de carbono \u2013 de at\u00e9 90%. Simultaneamente, para incentivar pr\u00e1ticas sustent\u00e1veis\u00a0no recinto, ser\u00e1 instalada uma esta\u00e7\u00e3o com pain\u00e9is solares da Repsol para carregamento de telefones, proporcionando uma experi\u00eancia mais consciente durante a Feira.<\/p>\n<p>Por outro lado, a FNA, em colabora\u00e7\u00e3o com a Rodovi\u00e1ria do Tejo, colocar\u00e1 \u00e0 disposi\u00e7\u00e3o dos visitantes um servi\u00e7o de autocarros el\u00e9tricos gratuitos.<\/p>\n<p>Em paralelo, v\u00e1rios ecopontos para a reciclagem de Papel, Vidro, Pl\u00e1stico e Embalagens de Metal s\u00e3o espalhados por todo o recinto e mant\u00e9m-se a aposta nos copos recicl\u00e1veis (2,00 \u20ac com retorno).<\/p>\n<p><strong>Conversas de Agricultura \u2013 A falar \u00e9 que nos entendemos<\/strong><\/p>\n<p>Semin\u00e1rios e debates n\u00e3o s\u00e3o uma novidade e na edi\u00e7\u00e3o de 2024 est\u00e3o de volta as Conversas de Agricultura. Os eventos desta agenda, v\u00e3o decorrer nos dias \u00fateis e de entre os quais se destaca o Ciclo de Confer\u00eancias alusivo \u00e0 \u201cPecu\u00e1ria Extensiva de Sequeiro\u201d a acontecer nos dias 11, 12 e 13 de junho. Montado e Produ\u00e7\u00e3o Pecu\u00e1ria Extensiva, Alimenta\u00e7\u00e3o Animal, Evolu\u00e7\u00e3o Tecnol\u00f3gica, entre outros, ser\u00e3o os temas a abordar.<\/p>\n<p>11 Junho<\/p>\n<p>\uf0b7 Pecu\u00e1ria Extensiva de Sequeiro<br \/>\nOrg. CNEMA<br \/>\n\uf0b7 Agrometeorologia \u2013 Produtos e plataformas para o sector agr\u00edcola Org. CAP \/ IPMA<\/p>\n<p>12 Junho<\/p>\n<p>\uf0b7 Gest\u00e3o das Atividades Agr\u00edcolas e Silv\u00edcola \u2013 As Empresas e os Contabilistas como Parceiros Estrat\u00e9gicos<br \/>\nOrg: CAP\/OCC<br \/>\n\uf0b7 1\u00ba Simp\u00f3sio Vitivinicultura do Tejo<br \/>\nOrg: C\u00e2mara Municipal de Santar\u00e9m \u2013 Cidade do Vinho 2024<br \/>\n\uf0b7 Pecu\u00e1ria Extensiva de Sequeiro<br \/>\nOrg. CNEMA<br \/>\n\uf0b7 Recursos Gen\u00e9ticos Animais \u2013 Programas de Conserva\u00e7\u00e3o e Melhoramento Gen\u00e9tico Animal<br \/>\nOrg: EZN<br \/>\n\uf0b7 Como ultrapassar os desafios nas primeiras semanas de vida dos vitelos<br \/>\nOrg: Plurivet<br \/>\n\uf0b7 11\u00aa Confer\u00eancia Nacional dos Jovens Agricultores<br \/>\nOrg: CAP<br \/>\n\uf0b7 Workshop Ra\u00e7as Aut\u00f3ctones<br \/>\nOrg: CAP\/INIAV\/DGAV\/SPREGA<br \/>\n\uf0b7 Mercado Volunt\u00e1rio de Carbono \u2013 Desafios e Oportunidades<br \/>\nOrg: CAP<br \/>\n\uf0b7 Sequestro de Carbono na Produ\u00e7\u00e3o Animal Extensiva<br \/>\nOrg: Plurivet<\/p>\n<p>13 Junho<\/p>\n<p>\uf0b7 Pecu\u00e1ria Extensiva de Sequeiro<br \/>\nOrg: CNEMA<br \/>\n\uf0b7 Agricultura e Desenvolvimento Local<br \/>\nOrg: CAP<br \/>\n\uf0b7 Inova\u00e7\u00e3o em Agricultura no \u00e2mbito do PRR<br \/>\nOrg: CAP<br \/>\n\uf0b7 Semear o Futuro<br \/>\nOrg: CAP \/ Mercadona<\/p>\n<p>14 Junho<\/p>\n<p>\uf0b7 Worklshop Agricultura Regenerativa<br \/>\nOrg: ESAS<br \/>\n\uf0b7 Vias para uma Pecu\u00e1ria Extensiva Sustent\u00e1vel<br \/>\nOrg: CAP<br \/>\n\uf0b7 Confer\u00eancia Ib\u00e9rica<br \/>\nOrg: CAP<br \/>\n\uf0b7 Mesa Redonda: As Indica\u00e7\u00f5es Geogr\u00e1ficas \u2013 Que futuro em Portugal?<br \/>\nOrg: QUALIFICA<\/p>\n<p><strong>Exterior \u2013 Maquinaria em exposi\u00e7\u00e3o<\/strong><\/p>\n<p>\u00c9 uma das mais importantes \u00e1reas do evento onde as principais marcas do mercado se apresentam e se tentam diferenciar atrav\u00e9s da apresenta\u00e7\u00e3o das suas mais recentes novidades em equipamentos e solu\u00e7\u00f5es. Esta \u00e9 uma zona que mais atrai os profissionais de sector, possibilitando contactos e a concretiza\u00e7\u00e3o de neg\u00f3cios.<\/p>\n<p><strong>Nave B \u2013 H\u00e1 vida no setor agr\u00edcola portugu\u00eas!<\/strong><\/p>\n<p>A Nave B \u00e9 dedicada \u00e0s organiza\u00e7\u00f5es do sector e \u00e0 exposi\u00e7\u00e3o de equipamentos e servi\u00e7os para a agricultura, dando a conhecer ao comum visitante as principais empresas e organiza\u00e7\u00f5es de refer\u00eancia nesta \u00e1rea.<\/p>\n<p><strong>Sal\u00e3o Prazer de Provar \u2013 saberes e sabores de norte a sul<\/strong><\/p>\n<p>A Nave A apresenta, como habitualmente, o Sal\u00e3o Prazer de Provar. Aqui estar\u00e1 \u00e0 disposi\u00e7\u00e3o dos consumidores uma variedade muito ampla e apreciada de produtos como os azeites, vinhos, queijos, mel, enchidos, doces, frutas, etc. Aqui se encontram os vencedores e outros premiados dos Concursos Nacionais de produtos regionais.<\/p>\n<p>Realce tamb\u00e9m para a presen\u00e7a de v\u00e1rios Munic\u00edpios como Carrazeda de Ansi\u00e3es, Ferreira do Z\u00eazere, Idanha-a-Nova, Leiria, Miranda do Douro, Mogadouro, Ourique, S\u00e3o Jo\u00e3o da Pesqueira, Vila de Rei, Vila Flor e as C\u00e2maras Municipais da Lez\u00edria do Tejo.<\/p>\n<p><strong>A\u00e7\u00f5es de \u201cCozinha ao Vivo\u201d s\u00e3o uma imagem de marca desta \u00e1rea na FNA.<\/strong><\/p>\n<p>Provas de Aguardentes, Azeites, Vinhos, Mel, harmoniza\u00e7\u00f5es e experi\u00eancias de produtos, com a participa\u00e7\u00e3o de expositores e do IEFP, far\u00e3o as del\u00edcias dos visitantes. Relevo tamb\u00e9m para o espa\u00e7o dedicado ao Programa Portugal Sou Eu, iniciativa que visa a dinamiza\u00e7\u00e3o da produ\u00e7\u00e3o nacional e que conta com empresas de v\u00e1rios sectores.<\/p>\n<p><strong>Nave C \u2013 Artesanato e gastronomia<\/strong><\/p>\n<p>Uma das mais populares atra\u00e7\u00f5es da Feira Nacional de Agricultura \u00e9 a exibi\u00e7\u00e3o de artesanato patente na NAVE C. Utilidades para o lar, mobili\u00e1rio, t\u00eaxteis, acess\u00f3rios de cozinha, ente outros produtos podem tamb\u00e9m ser encontrados neste recinto. Neste espa\u00e7o, os consumidores podem deliciar-se com a melhor gastronomia nacional em mat\u00e9ria de petiscos nos locais apropriados para o efeito. Na zona exterior, Tasquinhas dinamizadas por associa\u00e7\u00f5es e coletividades da regi\u00e3o est\u00e3o tamb\u00e9m \u00e0 disposi\u00e7\u00e3o dos visitantes.<\/p>\n<p><strong>Exterior &#8211; Exibi\u00e7\u00e3o Agro \u2013 Pecu\u00e1ria<\/strong><\/p>\n<p>Uma mostra das diferentes ra\u00e7as aut\u00f3ctones de bovinos, equinos (representando algumas das mais relevantes coudelarias nacionais), galinhas de ra\u00e7as aut\u00f3ctones, caprinos, ovinos e su\u00ednos, \u00e9 igualmente um ponto alto na FNA. Os animais captam a aten\u00e7\u00e3o de mi\u00fados e gra\u00fados e todos aprendem!<\/p>\n<p><strong>Dia do Munic\u00edpio de Santar\u00e9m<\/strong><\/p>\n<p>O dia 14 de junho, sexta-feira, \u00e9 dedicado ao Munic\u00edpio de Santar\u00e9m que vai promover v\u00e1rias iniciativas ao longo do dia na Feira Nacional de Agricultura. O stand do Munic\u00edpio contar\u00e1 com a presen\u00e7a de produtores locais, e v\u00e3o decorrer v\u00e1rias a\u00e7\u00f5es de anima\u00e7\u00e3o como atua\u00e7\u00f5es de grupos e bandas musicais, espet\u00e1culos de acorde\u00e3o, dan\u00e7as com ranchos folcl\u00f3ricos, malabarismos, gin\u00e1stica, etc.<\/p>\n<p>A 8 de junho, s\u00e1bado, o dia \u00e9 dedicado a Rio Maior e no domingo, est\u00e3o em destaque Almeirim e Alpiar\u00e7a. No dia 10, realce para Salvaterra de Magos, a 11 de junho (Dia de Entrada Gratuita) Coruche e Goleg\u00e3, a 12 \u00e9 a vez do Cartaxo, a 13 a Chamusca, a 15 Benavente e a 16 Azambuja.<\/p>\n<p><strong>Fersant \u2013 Feira Empresarial da Regi\u00e3o de Santar\u00e9m<\/strong><\/p>\n<p>Paralelamente \u00e0 FNA 24, o p\u00fablico tamb\u00e9m poder\u00e1 visitar a Fersant \u2013 Feira Empresarial da Regi\u00e3o de Santar\u00e9m, organizada pelo Nersant \u2013 Associa\u00e7\u00e3o Empresarial da Regi\u00e3o de Santar\u00e9m -, iniciativa que visa promover as empresas da regi\u00e3o.<\/p>\n<p><strong>Solidariedade na Feira Nacional de Agricultura<\/strong><\/p>\n<p>A cultura e a tradi\u00e7\u00e3o ribatejana s\u00e3o fundamentais na Feira. Este ano destaca-se o Espet\u00e1culo \u201cCom Tradi\u00e7\u00e3o se Honra o Ribatejo\u201d que decorre no dia 10 de junho e que contar\u00e1 com atua\u00e7\u00f5es de Jos\u00e9 Cid, Ant\u00f3nio Pinto Basto, Rodrigo, Orquestra T\u00edpica Scalabitana, entre outros, a favor de institui\u00e7\u00f5es como \u201cA Farpa\u201d, \u201cCentro Social Paroquial de Santa Marta de Alcanh\u00f5es\u201d, \u201cAssocia\u00e7\u00e3o de Desenvolvimento Social e Comunit\u00e1rio de Santar\u00e9m\u201d, \u201cRede de Emerg\u00eancia Alimentar \u2013 Banco Alimentar Contra a Fome de Santar\u00e9m\u201d e APPACDM de Santar\u00e9m.<\/p>\n<p><strong>A Feira Nacional de Agricultura \u00e9 uma anima\u00e7\u00e3o<\/strong><\/p>\n<p>M\u00fasica popular, ranchos folcl\u00f3ricos, mercados tradicionais, largadas de toiros, desfiles, provas de campinos, condu\u00e7\u00e3o de cabrestos, s\u00e3o outras atra\u00e7\u00f5es do evento.<\/p>\n<p>No campo das Atividades Equestres, o programa \u00e9 variado e decorrem v\u00e1rias provas como:<\/p>\n<p>\uf0b7 Concurso Dressage Nacional \u2013 Ta\u00e7a FNA 24 8 e 9 junho<br \/>\n\uf0b7 Jornada do Campeonato Nacional de Equita\u00e7\u00e3o do Trabalho 8 e 9 junho<br \/>\n\uf0b7 Prova Morfo \u2013 Funcional de Aptid\u00e3o Toureio 8 junho<br \/>\n\uf0b7 13\u00ba Concurso Nacional da \u00c9gua Afilhada da Ra\u00e7a Lusitana 10 junho<br \/>\n\uf0b7 30\u00ba Concurso Nacional Oficial de Coudelarias Portuguesas 10 junho<br \/>\n\uf0b7 3\u00aa Exibi\u00e7\u00e3o Luso-Espanhola de Atrelagem de Tradi\u00e7\u00e3o 15 junho<br \/>\n\uf0b7 Raid H\u00edpico \u2013 15 junho<br \/>\n\uf0b7 Concurso de Traje \u00e0 Portuguesa \u2013 Trof\u00e9u Manuel Sabino Duarte \u201cVECA\u201d<br \/>\n15 junho<br \/>\n\uf0b7 Concurso de Apresenta\u00e7\u00e3o do Cavalo de Sela 15 junho<br \/>\n\uf0b7 Concurso de Saltos Nacional B 15 e 16 junho<\/p>\n<p>A Feira vai voltar a ter um espa\u00e7o pr\u00f3prio e individualizado para a anima\u00e7\u00e3o com Bares, Carross\u00e9is, e palco para os concertos para que estas atividades n\u00e3o colidam com outras iniciativas e permitam um maior conforto aos visitantes.<\/p>\n<p>No dia de abertura, 8 de junho (s\u00e1bado), atuam os \u201cExcesso\u201d, no dia 9 de junho (domingo) s\u00e3o \u201cOs Quatro e Meia\u201d, a 14 de Junho (sexta-feira) as aten\u00e7\u00f5es viram-se para \u201cDiogo Pi\u00e7arra\u201d e \u201cDJ Padre Guilherme\u201d e no dia 15 (s\u00e1bado) \u00e9 a vez de \u201cDavid Antunes e convidados\u201d.<\/p>\n<p>HOR\u00c1RIOS<\/p>\n<p>8 a 15 Junho<br \/>\nNave A: 10h00 \u00e0s 22h30<br \/>\nNave B: 10h00 \u00e0s 22h30<br \/>\nNave C: 10h00 \u00e0s 24h00<br \/>\nZona Exterior \/ Maquinaria Agr\u00edcola: 10h00 \u00e0s 21h00<br \/>\nAtividades L\u00fadicas: 10h00 \u00e0s 03h00<br \/>\n* A entrada no recinto \u00e9 efetuada at\u00e9 \u00e0s 00h30<br \/>\n* Os hor\u00e1rios poder\u00e3o ser alterados por motivos imprevistos<\/p>\n<p>16 junho<br \/>\nTodo o recinto: 10h00 \u00e0s 20h00<br \/>\n* A entrada no recinto \u00e9 efetuada at\u00e9 \u00e0s 19h00<br \/>\n* Os hor\u00e1rios poder\u00e3o ser alterados por motivos imprevistos<\/p>\n<p>ENTRADAS<\/p>\n<p>Bilhete Feira: 8,00 \u20ac (Permite uma \u00fanica entrada)<br \/>\nCadernetas de 10 Bilhetes: 55,00 \u20ac (Cada bilhete permite uma \u00fanica entrada.<br \/>\n\u00c0 venda at\u00e9 7 junho)<br \/>\nLivre-Tr\u00e2nsito: 25,00 \u20ac (O Livre \u2013 Tr\u00e2nsito permite visitar a feira a qualquer hora e v\u00e1rias vezes por dia)<br \/>\nParque de Estacionamento Ar Livre: Gratuito<br \/>\nParque de Estacionamento Coberto: 5,00 \u20ac \/ dia<br \/>\nDia 11 de junho: Entrada Gratuita<br \/>\nTodos os Dias: Entrada gratuita para crian\u00e7as at\u00e9 aos 11 anos (inclusive)<br \/>\nPontos de Venda Cadernetas e Livre-Tr\u00e2nsito<br \/>\nCNEMA \u2013 Rece\u00e7\u00e3o: 09h00 \u2013 12h30 \/ 14h00 \u2013 17h30<br \/>\nPosto de Turismo de Santar\u00e9m<br \/>\nQuiosque Avenida (Em frente ao Hospital Distrital de Santar\u00e9m)<br \/>\nSacatrecos (Continente)<br \/>\nUni\u00e3o de Freguesias da Cidade de Santar\u00e9m<br \/>\nUni\u00e3o de Freguesias de Romeira e V\u00e1rzea<br \/>\nCom Tradi\u00e7\u00e3o se Honra o Ribatejo \u2013 Espet\u00e1culo Solid\u00e1rio: 10 junho<\/p>\n<p>Bilhete: 10,00 \u20ac (O Bilhete permite o acesso \u00e0 Feira Nacional de Agricultura)<br \/>\nA adquirir nas seguintes institui\u00e7\u00f5es:<br \/>\nA Farpa<br \/>\nCentro Social Paroquial Santa Marta de Alcanh\u00f5es<br \/>\nADSCS \u2013 Associa\u00e7\u00e3o para o Desenvolvimento Social e Comunit\u00e1rio de Santar\u00e9m<br \/>\nRede de Emerg\u00eancia Alimentar \u2013 Banco Alimentar Contra a Fome de Santar\u00e9m<br \/>\nAPPACDM Santar\u00e9m<\/p>\n<p><strong>\u00a0 \u00a0 Fonte: CNEMA<\/strong><\/p>\n","protected":false},"excerpt":{"rendered":"<p>A FNA 24 \u2013 Feira Nacional de Agricultura \/ Feira do Ribatejo, vai decorrer este ano entre os dias 8 e 16 de junho, no Centro Nacional de Exposi\u00e7\u00f5es, em Santar\u00e9m, como habitual. O tema escolhido para este ano \u00e9 a \u201cPecu\u00e1ria Extensiva\u201d, tendo como intuito dar relevo a uma atividade que ocupa uma \u00e1rea [&hellip;]<\/p>\n","protected":false},"author":2,"featured_media":35174,"comment_status":"open","ping_status":"open","sticky":false,"template":"","format":"standard","meta":{"footnotes":""},"categories":[7],"tags":[],"class_list":["post-35169","post","type-post","status-publish","format-standard","has-post-thumbnail","hentry","category-economia"],"_links":{"self":[{"href":"https:\/\/tintafresca.net\/index.php\/wp-json\/wp\/v2\/posts\/35169","targetHints":{"allow":["GET"]}}],"collection":[{"href":"https:\/\/tintafresca.net\/index.php\/wp-json\/wp\/v2\/posts"}],"about":[{"href":"https:\/\/tintafresca.net\/index.php\/wp-json\/wp\/v2\/types\/post"}],"author":[{"embeddable":true,"href":"https:\/\/tintafresca.net\/index.php\/wp-json\/wp\/v2\/users\/2"}],"replies":[{"embeddable":true,"href":"https:\/\/tintafresca.net\/index.php\/wp-json\/wp\/v2\/comments?post=35169"}],"version-history":[{"count":5,"href":"https:\/\/tintafresca.net\/index.php\/wp-json\/wp\/v2\/posts\/35169\/revisions"}],"predecessor-version":[{"id":35176,"href":"https:\/\/tintafresca.net\/index.php\/wp-json\/wp\/v2\/posts\/35169\/revisions\/35176"}],"wp:featuredmedia":[{"embeddable":true,"href":"https:\/\/tintafresca.net\/index.php\/wp-json\/wp\/v2\/media\/35174"}],"wp:attachment":[{"href":"https:\/\/tintafresca.net\/index.php\/wp-json\/wp\/v2\/media?parent=35169"}],"wp:term":[{"taxonomy":"category","embeddable":true,"href":"https:\/\/tintafresca.net\/index.php\/wp-json\/wp\/v2\/categories?post=35169"},{"taxonomy":"post_tag","embeddable":true,"href":"https:\/\/tintafresca.net\/index.php\/wp-json\/wp\/v2\/tags?post=35169"}],"curies":[{"name":"wp","href":"https:\/\/api.w.org\/{rel}","templated":true}]}}