{"id":35188,"date":"2024-05-18T21:41:12","date_gmt":"2024-05-18T21:41:12","guid":{"rendered":"https:\/\/tintafresca.net\/?p=35188"},"modified":"2024-05-18T21:49:59","modified_gmt":"2024-05-18T21:49:59","slug":"parlamento-aprova-resolucoes-do-pan-be-e-pcp-para-construcao-do-novo-hospital-do-oeste","status":"publish","type":"post","link":"https:\/\/tintafresca.net\/index.php\/2024\/05\/18\/parlamento-aprova-resolucoes-do-pan-be-e-pcp-para-construcao-do-novo-hospital-do-oeste\/","title":{"rendered":"Parlamento aprova resolu\u00e7\u00f5es do PAN, BE e PCP para constru\u00e7\u00e3o do novo Hospital do Oeste"},"content":{"rendered":"<div id=\"attachment_7399\" style=\"width: 510px\" class=\"wp-caption alignleft\"><img loading=\"lazy\" decoding=\"async\" aria-describedby=\"caption-attachment-7399\" class=\"wp-image-7399 size-full\" src=\"https:\/\/tintafresca.net\/wp-content\/uploads\/2021\/08\/Hospital_Caldas_da_Rainha10.jpg\" alt=\"\" width=\"500\" height=\"333\" \/><p id=\"caption-attachment-7399\" class=\"wp-caption-text\">Hospital de Caldas da Rainha<\/p><\/div>\n<p>Na sequ\u00eancia do compromisso eleitoral do PS de fazer avan\u00e7ar a\u00a0constru\u00e7\u00e3o do novo Hospital do Oeste no concelho do Bombarral, o Grupo Parlamentar do PS votou, no dia 17 de maio, na Assembleia da Rep\u00fablica, a favor dos Projetos de Resolu\u00e7\u00e3o do PAN, BE e PCP.<\/p>\n<p>No que respeita ao\u00a0Projeto de Resolu\u00e7\u00e3o n.\u00ba 95\/XVI\/1\u00aa (IL),embora\u00a0acompanhando na globalidade o entendimento quanto \u00e0 necessidade imperiosa de constru\u00e7\u00e3o do novo Hospital do Oeste no Bombarral, o GPPS n\u00e3o pode acompanhar o ponto n.\u00ba 3 do disposto, tendo-se abstido em conformidade.<\/p>\n<p>Em declara\u00e7\u00e3o de voto, os deputados Andr\u00e9 Rijo, eleito por Lisboa,\u00a0Eurico Brilhante Dias, Ana Sofia Antunes e Walter Chicharro, eleitos por Leiria, e Jo\u00e3o Paulo Correia, coordenador do PS na Comiss\u00e3o de Sa\u00fade,\u00a0recordam que \u201ca edifica\u00e7\u00e3o de uma nova unidade hospitalar na Regi\u00e3o do Oeste \u00e9 uma antiga ambi\u00e7\u00e3o das popula\u00e7\u00f5es do sul do distrito de Leiria e do norte do distrito de Lisboa\u201d.<\/p>\n<p>Lembra-se ainda que \u201cdurante anos foi imposs\u00edvel avan\u00e7ar com uma nova infraestrutura que possa oferecer melhores condi\u00e7\u00f5es de desenvolvimento profissional aos recursos humanos deste setor\u201d, uma ambi\u00e7\u00e3o com mais de 20 anos que \u201cfoi desbloqueada por uma interven\u00e7\u00e3o un\u00e2nime dos autarcas da CIM Oeste, aquando do lan\u00e7amento de um estudo t\u00e9cnico-cient\u00edfico \u2013 adjudicado e desenvolvido pela IMS \u2013 Information Management School, da Universidade Nova de Lisboa\u201d.<\/p>\n<p>No texto da declara\u00e7\u00e3o de voto explica-se que \u201ceste estudo foi entregue ao XXIII Governo Constitucional que, no quadro das suas compet\u00eancias, designou um Grupo de Trabalho, liderado pela Dr\u00aa. Ana Jorge, para dar adequada sequ\u00eancia ao processo de sele\u00e7\u00e3o da localiza\u00e7\u00e3o e posteriormente, j\u00e1 em junho de 2023, o ent\u00e3o Ministro da Sa\u00fade anunciou a decis\u00e3o de constru\u00e7\u00e3o do novo Hospital do Oeste no concelho do Bombarral, seguindo as conclus\u00f5es dos estudos acima referenciados\u201d.<\/p>\n<p>\u201cFazer avan\u00e7ar esta infraestrutura \u00e9 um compromisso eleitoral do PS, o que n\u00e3o \u00e9 incompat\u00edvel, bem pelo contr\u00e1rio, com a valoriza\u00e7\u00e3o dos Hospitais das Caldas da Rainha, de Peniche e de Torres Vedras, quer no curto-prazo, quer na futura integra\u00e7\u00e3o destas unidades num quadro mais amplo da ULS Oeste, ent\u00e3o j\u00e1 dotada de um novo hospital\u201d, sustentam os deputados socialistas na declara\u00e7\u00e3o de voto.<\/p>\n","protected":false},"excerpt":{"rendered":"<p>Na sequ\u00eancia do compromisso eleitoral do PS de fazer avan\u00e7ar a\u00a0constru\u00e7\u00e3o do novo Hospital do Oeste no concelho do Bombarral, o Grupo Parlamentar do PS votou, no dia 17 de maio, na Assembleia da Rep\u00fablica, a favor dos Projetos de Resolu\u00e7\u00e3o do PAN, BE e PCP. No que respeita ao\u00a0Projeto de Resolu\u00e7\u00e3o n.\u00ba 95\/XVI\/1\u00aa (IL),embora\u00a0acompanhando [&hellip;]<\/p>\n","protected":false},"author":2,"featured_media":7400,"comment_status":"open","ping_status":"open","sticky":false,"template":"","format":"standard","meta":{"footnotes":""},"categories":[6],"tags":[],"class_list":["post-35188","post","type-post","status-publish","format-standard","has-post-thumbnail","hentry","category-saude"],"_links":{"self":[{"href":"https:\/\/tintafresca.net\/index.php\/wp-json\/wp\/v2\/posts\/35188","targetHints":{"allow":["GET"]}}],"collection":[{"href":"https:\/\/tintafresca.net\/index.php\/wp-json\/wp\/v2\/posts"}],"about":[{"href":"https:\/\/tintafresca.net\/index.php\/wp-json\/wp\/v2\/types\/post"}],"author":[{"embeddable":true,"href":"https:\/\/tintafresca.net\/index.php\/wp-json\/wp\/v2\/users\/2"}],"replies":[{"embeddable":true,"href":"https:\/\/tintafresca.net\/index.php\/wp-json\/wp\/v2\/comments?post=35188"}],"version-history":[{"count":2,"href":"https:\/\/tintafresca.net\/index.php\/wp-json\/wp\/v2\/posts\/35188\/revisions"}],"predecessor-version":[{"id":35190,"href":"https:\/\/tintafresca.net\/index.php\/wp-json\/wp\/v2\/posts\/35188\/revisions\/35190"}],"wp:featuredmedia":[{"embeddable":true,"href":"https:\/\/tintafresca.net\/index.php\/wp-json\/wp\/v2\/media\/7400"}],"wp:attachment":[{"href":"https:\/\/tintafresca.net\/index.php\/wp-json\/wp\/v2\/media?parent=35188"}],"wp:term":[{"taxonomy":"category","embeddable":true,"href":"https:\/\/tintafresca.net\/index.php\/wp-json\/wp\/v2\/categories?post=35188"},{"taxonomy":"post_tag","embeddable":true,"href":"https:\/\/tintafresca.net\/index.php\/wp-json\/wp\/v2\/tags?post=35188"}],"curies":[{"name":"wp","href":"https:\/\/api.w.org\/{rel}","templated":true}]}}