{"id":35191,"date":"2024-05-19T00:45:03","date_gmt":"2024-05-19T00:45:03","guid":{"rendered":"https:\/\/tintafresca.net\/?p=35191"},"modified":"2024-05-19T00:57:53","modified_gmt":"2024-05-19T00:57:53","slug":"corporalmente-e-o-novo-projeto-terapeutico-da-uls-da-regiao-de-leiria","status":"publish","type":"post","link":"https:\/\/tintafresca.net\/index.php\/2024\/05\/19\/corporalmente-e-o-novo-projeto-terapeutico-da-uls-da-regiao-de-leiria\/","title":{"rendered":"Corporalmente \u00e9 o novo projeto terap\u00eautico da ULS da Regi\u00e3o de Leiria"},"content":{"rendered":"<div id=\"attachment_35193\" style=\"width: 510px\" class=\"wp-caption alignleft\"><img loading=\"lazy\" decoding=\"async\" aria-describedby=\"caption-attachment-35193\" class=\"wp-image-35193 size-full\" src=\"https:\/\/tintafresca.net\/wp-content\/uploads\/2024\/05\/Leiria_Hospital_CORPORALMENTE_10.jpg\" alt=\"\" width=\"500\" height=\"365\" srcset=\"https:\/\/tintafresca.net\/wp-content\/uploads\/2024\/05\/Leiria_Hospital_CORPORALMENTE_10.jpg 500w, https:\/\/tintafresca.net\/wp-content\/uploads\/2024\/05\/Leiria_Hospital_CORPORALMENTE_10-300x219.jpg 300w\" sizes=\"auto, (max-width: 500px) 100vw, 500px\" \/><p id=\"caption-attachment-35193\" class=\"wp-caption-text\">Sess\u00e3o de &#8220;Corporalmente&#8221;<\/p><\/div>\n<p>A Unidade Local de Sa\u00fade da Regi\u00e3o de Leiria (ULSRL) tem um novo projeto terap\u00eautico denominado Corporal<em>m<\/em>ente, dinamizado por Joana Pardal, assistente social, e por Ana L\u00facia Sim\u00f5es, terapeuta ocupacional, que integram a Equipa Comunit\u00e1ria de Sa\u00fade Mental para a Inf\u00e2ncia e Adolesc\u00eancia do Servi\u00e7o de Psiquiatria da Inf\u00e2ncia e Adolesc\u00eancia. Criado em mar\u00e7o, este projeto pretende intervir junto de adolescentes entre os 13 e os 18 anos, referenciados atrav\u00e9s de consulta m\u00e9dica de Pedopsiquiatria, com diagn\u00f3stico de perturba\u00e7\u00e3o de ansiedade generalizada e desregula\u00e7\u00e3o do humor e emo\u00e7\u00f5es, bem como perturba\u00e7\u00f5es do comportamento alimentar, que tenham impacto significativo na rela\u00e7\u00e3o com o outro e altera\u00e7\u00f5es na sua autoperce\u00e7\u00e3o\/autoestima, afetando as atividades de vida di\u00e1ria.<\/p>\n<p>\u00abH\u00e1 estudos que apontam que, na aus\u00eancia de sa\u00fade mental, existe um desinvestimento do adolescente nas suas atividades de rotina di\u00e1ria, sobretudo nas atividades de autocuidado ou em rotinas pouco eficazes e comprometedoras do bom desempenho e equil\u00edbrio ocupacional e social\u00bb, aponta Ana L\u00facia Sim\u00f5es.<\/p>\n<p>As principais finalidades do projeto s\u00e3o fomentar o sentimento de autoefic\u00e1cia, autoestima, autoconhecimento; promover rotinas de autocuidado, que se traduzam em bem-estar, com atividades de movimento, express\u00e3o corporal e t\u00e9cnicas projetivas; melhorar a aceita\u00e7\u00e3o da imagem corporal, quer atrav\u00e9s da exterioriza\u00e7\u00e3o de emo\u00e7\u00f5es, quer na rela\u00e7\u00e3o corpo-mente-respira\u00e7\u00e3o; potenciar a participa\u00e7\u00e3o social atrav\u00e9s do envolvimento de rela\u00e7\u00f5es mais adequadas com os pares; promover as compet\u00eancias de comunica\u00e7\u00e3o e intera\u00e7\u00e3o; e providenciar um maior envolvimento ocupacional\/social pela promo\u00e7\u00e3o de novas experi\u00eancias de lazer, adequadas \u00e0 etapa de desenvolvimento.<\/p>\n<p>As sess\u00f5es, com o limite m\u00e1ximo de oito elementos por grupo de jovens, decorrem com uma metodologia ativa, nomeadamente din\u00e2micas grupais, visionamento de v\u00eddeos, discuss\u00e3o em pequeno e grande grupo, \u201cchuva\u201d de ideias, auto monitoriza\u00e7\u00e3o, entre outras. Uma das a\u00e7\u00f5es, \u201cMaquilhagem Terap\u00eautica\u201d, realizou-se em parceria com a enfermeira S\u00f3nia Pereira e T\u00e2nia Ferreira. Esta sess\u00e3o n\u00e3o se centra por si s\u00f3 no embelezamento, mas na express\u00e3o do autocuidado e na rela\u00e7\u00e3o psicossocial e emocional de cada adolescente.<\/p>\n<p>\u00abA evid\u00eancia cient\u00edfica mostra-nos que as metodologias que envolvem grupos terap\u00eauticos, com din\u00e2micas sociais, num espa\u00e7o protegido e seguro permitem ao adolescente ultrapassar obst\u00e1culos impostos pela pr\u00f3pria doen\u00e7a. Estas din\u00e2micas ganham uma real dimens\u00e3o na adolesc\u00eancia, uma vez que \u00e9 uma faixa et\u00e1ria de forte cariz social entre pares\u00bb, explica Joana Pardal.<\/p>\n<p>O projeto Corporal<em>m<\/em>ente\u00a0tem a dura\u00e7\u00e3o de dez sess\u00f5es, com lugar no Hospital de Santo Andr\u00e9, em Leiria, existindo a expetativa de alargar posteriormente o projeto terap\u00eautico a outras unidades de sa\u00fade da ULSRL, nas quais a equipa comunit\u00e1ria desenvolve a sua atividade assistencial.<\/p>\n<p>Segundo a m\u00e9dica pedopsiquiatra e diretora do Servi\u00e7o de Pedopsiquiatria, Gra\u00e7a Milheiro, \u00abo projeto Corporal<em>m<\/em>ente\u00a0constitui mais uma resposta do nosso servi\u00e7o que vai dotar os nossos jovens de ferramentas importantes para melhorarem o investimento neles pr\u00f3prios, aumentar a sua autoestima e autoconceito, fatores essenciais para o seu bem-estar emocional. O facto de ser uma interven\u00e7\u00e3o em grupo permite criar uma rede de suporte entre os seus elementos, pois cada um pode dar e receber apoio entre si, ajudando-se mutuamente a lidar com os problemas e experimentar um al\u00edvio ao se aperceber de que n\u00e3o \u00e9 o \u00fanico a passar pelos mesmos problemas e que n\u00e3o est\u00e1 sozinho, reduzindo o sentimento de solid\u00e3o\u00bb.<\/p>\n<p>\u00abA participa\u00e7\u00e3o do Servi\u00e7o Social numa equipa multiprofissional como \u00e9 o projeto \u201cCorporal<em>m<\/em>ente\u201d \u00e9 fundamental, na medida em que promove e contribui para a integra\u00e7\u00e3o do indiv\u00edduo na comunidade e no seu meio social. A interven\u00e7\u00e3o do Servi\u00e7o Social em grupos de maior vulnerabilidade social visa, assim, o combate \u00e0 exclus\u00e3o social, promovendo a inclus\u00e3o e coes\u00e3o social e mantendo a estabilidade social. A interven\u00e7\u00e3o precoce \u00e9 essencial para prevenir patologias mais graves no futuro, e assim reduzir custos futuros para o indiv\u00edduo, fam\u00edlia, sistema de sa\u00fade e at\u00e9 para a economia do pa\u00eds\u00bb, indica Cid\u00e1lia Faria, diretora do Servi\u00e7o Social da ULSRL. \u00abS\u00e3o v\u00e1rios os processos atrav\u00e9s dos quais podemos favorecer a sa\u00fade dos indiv\u00edduos, entre eles mecanismos de controlo e mobiliza\u00e7\u00e3o do stress e o uso do refor\u00e7o positivo dos comportamentos desej\u00e1veis, estrat\u00e9gias dinamizadas e objetivos preconizados pelo grupo terap\u00eautico \u201cCorporal<em>m<\/em>ente\u201d.\u00bb<\/p>\n<p><strong>\u00a0 \u00a0 Fonte: Midlandcom<\/strong><\/p>\n","protected":false},"excerpt":{"rendered":"<p>A Unidade Local de Sa\u00fade da Regi\u00e3o de Leiria (ULSRL) tem um novo projeto terap\u00eautico denominado Corporalmente, dinamizado por Joana Pardal, assistente social, e por Ana L\u00facia Sim\u00f5es, terapeuta ocupacional, que integram a Equipa Comunit\u00e1ria de Sa\u00fade Mental para a Inf\u00e2ncia e Adolesc\u00eancia do Servi\u00e7o de Psiquiatria da Inf\u00e2ncia e Adolesc\u00eancia. Criado em mar\u00e7o, este [&hellip;]<\/p>\n","protected":false},"author":2,"featured_media":35194,"comment_status":"open","ping_status":"open","sticky":false,"template":"","format":"standard","meta":{"footnotes":""},"categories":[6],"tags":[],"class_list":["post-35191","post","type-post","status-publish","format-standard","has-post-thumbnail","hentry","category-saude"],"_links":{"self":[{"href":"https:\/\/tintafresca.net\/index.php\/wp-json\/wp\/v2\/posts\/35191","targetHints":{"allow":["GET"]}}],"collection":[{"href":"https:\/\/tintafresca.net\/index.php\/wp-json\/wp\/v2\/posts"}],"about":[{"href":"https:\/\/tintafresca.net\/index.php\/wp-json\/wp\/v2\/types\/post"}],"author":[{"embeddable":true,"href":"https:\/\/tintafresca.net\/index.php\/wp-json\/wp\/v2\/users\/2"}],"replies":[{"embeddable":true,"href":"https:\/\/tintafresca.net\/index.php\/wp-json\/wp\/v2\/comments?post=35191"}],"version-history":[{"count":2,"href":"https:\/\/tintafresca.net\/index.php\/wp-json\/wp\/v2\/posts\/35191\/revisions"}],"predecessor-version":[{"id":35195,"href":"https:\/\/tintafresca.net\/index.php\/wp-json\/wp\/v2\/posts\/35191\/revisions\/35195"}],"wp:featuredmedia":[{"embeddable":true,"href":"https:\/\/tintafresca.net\/index.php\/wp-json\/wp\/v2\/media\/35194"}],"wp:attachment":[{"href":"https:\/\/tintafresca.net\/index.php\/wp-json\/wp\/v2\/media?parent=35191"}],"wp:term":[{"taxonomy":"category","embeddable":true,"href":"https:\/\/tintafresca.net\/index.php\/wp-json\/wp\/v2\/categories?post=35191"},{"taxonomy":"post_tag","embeddable":true,"href":"https:\/\/tintafresca.net\/index.php\/wp-json\/wp\/v2\/tags?post=35191"}],"curies":[{"name":"wp","href":"https:\/\/api.w.org\/{rel}","templated":true}]}}