{"id":35201,"date":"2024-05-20T00:43:49","date_gmt":"2024-05-20T00:43:49","guid":{"rendered":"https:\/\/tintafresca.net\/?p=35201"},"modified":"2024-05-20T00:48:46","modified_gmt":"2024-05-20T00:48:46","slug":"conferencia-no-museu-do-vidro-debate-trabalho-vidreiro-a-boca-do-forno","status":"publish","type":"post","link":"https:\/\/tintafresca.net\/index.php\/2024\/05\/20\/conferencia-no-museu-do-vidro-debate-trabalho-vidreiro-a-boca-do-forno\/","title":{"rendered":"Confer\u00eancia no Museu do Vidro debate trabalho vidreiro \u00e0 boca do forno"},"content":{"rendered":"<div id=\"attachment_35203\" style=\"width: 410px\" class=\"wp-caption alignleft\"><img loading=\"lazy\" decoding=\"async\" aria-describedby=\"caption-attachment-35203\" class=\"wp-image-35203\" src=\"https:\/\/tintafresca.net\/wp-content\/uploads\/2024\/05\/MG_conferencia-emilia-marques_PUBLICACAO10.jpg\" alt=\"\" width=\"400\" height=\"400\" srcset=\"https:\/\/tintafresca.net\/wp-content\/uploads\/2024\/05\/MG_conferencia-emilia-marques_PUBLICACAO10.jpg 500w, https:\/\/tintafresca.net\/wp-content\/uploads\/2024\/05\/MG_conferencia-emilia-marques_PUBLICACAO10-300x300.jpg 300w, https:\/\/tintafresca.net\/wp-content\/uploads\/2024\/05\/MG_conferencia-emilia-marques_PUBLICACAO10-150x150.jpg 150w\" sizes=\"auto, (max-width: 400px) 100vw, 400px\" \/><p id=\"caption-attachment-35203\" class=\"wp-caption-text\">Cartaz<\/p><\/div>\n<p>\u201cEstudar o Trabalho Vidreiro: para uma Hist\u00f3ria \u00e0 Boca do Forno\u201d \u00e9 o t\u00edtulo da confer\u00eancia proferida pela investigadora Em\u00edlia Margarida Marques, que vai ter lugar no dia 25 de maio (s\u00e1bado), pelas 16h00, no Foyer do Museu do Vidro, na Marinha Grande, cuja entrada \u00e9 livre.<\/p>\n<p>Trata-se da \u00faltima sess\u00e3o do ciclo de confer\u00eancias \u201cO Vidro no Museu &#8211; Necessidades e Narrativas\u201d, no \u00e2mbito do 25.\u00ba anivers\u00e1rio do Museu do Vidro, dinamizado pelo Munic\u00edpio da Marinha Grande.<\/p>\n<p>A apresenta\u00e7\u00e3o percorrer\u00e1 alguns exemplos de investiga\u00e7\u00f5es, em hist\u00f3ria e em antropologia, abordando a ind\u00fastria, a t\u00e9cnica e o trabalho vidreiros \u2013 com especial foco no contexto da Marinha Grande. Ser\u00e3o discutidos aspetos como as fontes dispon\u00edveis, os m\u00e9todos de pesquisa, a circunscri\u00e7\u00e3o tem\u00e1tica e as perguntas e hip\u00f3teses de trabalho.<\/p>\n<p>Num segundo momento, sugerir-se-\u00e3o contribui\u00e7\u00f5es, pistas e desafios que os resultados destas investiga\u00e7\u00f5es (bem como as quest\u00f5es em aberto que delas resultam) podem trazer ao trabalho museol\u00f3gico.<\/p>\n<p>Em\u00edlia Margarida Marques \u00e9 investigadora no Centro em Rede de Investiga\u00e7\u00e3o em Antropologia (CRIA-Iscte \/ IN2PAST) e no Instituto de Hist\u00f3ria Contempor\u00e2nea (IHC-NOVA FSCH \/ IN2PAST). Tem investigado e publicado, incidindo frequentemente na ind\u00fastria vidreira e nos vidreiros e\/ou no contexto marinhense, sobre temas como trabalho e t\u00e9cnica em contexto industrial; mem\u00f3rias do trabalho; trabalho, consumo, reprodu\u00e7\u00e3o social e desigualdade; usos do filme industrial nas d\u00e9cadas interm\u00e9dias do s\u00e9culo XX em contexto portugu\u00eas; mem\u00f3rias, identidades e hist\u00f3ria local.<\/p>\n<p>Integrou e\/ou coordenou equipas de pesquisa, incluindo a coordena\u00e7\u00e3o do sector \u201cVidreiros\u201d na investiga\u00e7\u00e3o comparativa Mem\u00f3rias e identidades profissionais: reprodu\u00e7\u00e3o de sistemas sociot\u00e9cnicos (PRAXIS\/PCSH\/ANT\/P\/0044\/96), a coordena\u00e7\u00e3o do programa Testemunhos Orais (CMMG), ou a investiga\u00e7\u00e3o do bloco tem\u00e1tico \u201cVidro\u201d no projeto colaborativo \u201cO trabalho no ecr\u00e3\u201d (PTDC\/IVC-SOC\/3941\/2012).<\/p>\n<p>Lecionou no departamento de Antropologia da FCSH-UNL. \u00c9 autora de Os Oper\u00e1rios e as Suas M\u00e1quinas: Usos Sociais da T\u00e9cnica no Trabalho Vidreiro (2009, Lisboa, Gulbenkian\/FCT) e dezenas de outras publica\u00e7\u00f5es, entre relat\u00f3rios, cap\u00edtulos e artigos cient\u00edficos e trabalhos de divulga\u00e7\u00e3o.<\/p>\n<p><strong>\u00a0 \u00a0 \u00a0Fonte: GC|CMMG<\/strong><\/p>\n","protected":false},"excerpt":{"rendered":"<p>\u201cEstudar o Trabalho Vidreiro: para uma Hist\u00f3ria \u00e0 Boca do Forno\u201d \u00e9 o t\u00edtulo da confer\u00eancia proferida pela investigadora Em\u00edlia Margarida Marques, que vai ter lugar no dia 25 de maio (s\u00e1bado), pelas 16h00, no Foyer do Museu do Vidro, na Marinha Grande, cuja entrada \u00e9 livre. Trata-se da \u00faltima sess\u00e3o do ciclo de confer\u00eancias [&hellip;]<\/p>\n","protected":false},"author":2,"featured_media":35204,"comment_status":"open","ping_status":"open","sticky":false,"template":"","format":"standard","meta":{"footnotes":""},"categories":[10],"tags":[],"class_list":["post-35201","post","type-post","status-publish","format-standard","has-post-thumbnail","hentry","category-patrimonio"],"_links":{"self":[{"href":"https:\/\/tintafresca.net\/index.php\/wp-json\/wp\/v2\/posts\/35201","targetHints":{"allow":["GET"]}}],"collection":[{"href":"https:\/\/tintafresca.net\/index.php\/wp-json\/wp\/v2\/posts"}],"about":[{"href":"https:\/\/tintafresca.net\/index.php\/wp-json\/wp\/v2\/types\/post"}],"author":[{"embeddable":true,"href":"https:\/\/tintafresca.net\/index.php\/wp-json\/wp\/v2\/users\/2"}],"replies":[{"embeddable":true,"href":"https:\/\/tintafresca.net\/index.php\/wp-json\/wp\/v2\/comments?post=35201"}],"version-history":[{"count":2,"href":"https:\/\/tintafresca.net\/index.php\/wp-json\/wp\/v2\/posts\/35201\/revisions"}],"predecessor-version":[{"id":35205,"href":"https:\/\/tintafresca.net\/index.php\/wp-json\/wp\/v2\/posts\/35201\/revisions\/35205"}],"wp:featuredmedia":[{"embeddable":true,"href":"https:\/\/tintafresca.net\/index.php\/wp-json\/wp\/v2\/media\/35204"}],"wp:attachment":[{"href":"https:\/\/tintafresca.net\/index.php\/wp-json\/wp\/v2\/media?parent=35201"}],"wp:term":[{"taxonomy":"category","embeddable":true,"href":"https:\/\/tintafresca.net\/index.php\/wp-json\/wp\/v2\/categories?post=35201"},{"taxonomy":"post_tag","embeddable":true,"href":"https:\/\/tintafresca.net\/index.php\/wp-json\/wp\/v2\/tags?post=35201"}],"curies":[{"name":"wp","href":"https:\/\/api.w.org\/{rel}","templated":true}]}}