{"id":35206,"date":"2024-05-20T17:27:58","date_gmt":"2024-05-20T17:27:58","guid":{"rendered":"https:\/\/tintafresca.net\/?p=35206"},"modified":"2024-05-21T18:57:18","modified_gmt":"2024-05-21T18:57:18","slug":"politecnico-de-leiria-investe-13-milhoes-de-euros-em-residencia-de-estudantes-de-caldas-da-rainha","status":"publish","type":"post","link":"https:\/\/tintafresca.net\/index.php\/2024\/05\/20\/politecnico-de-leiria-investe-13-milhoes-de-euros-em-residencia-de-estudantes-de-caldas-da-rainha\/","title":{"rendered":"Polit\u00e9cnico de Leiria investe 1,3 milh\u00f5es de euros em resid\u00eancia de estudantes de Caldas da Rainha"},"content":{"rendered":"<div id=\"attachment_35209\" style=\"width: 510px\" class=\"wp-caption alignleft\"><img loading=\"lazy\" decoding=\"async\" aria-describedby=\"caption-attachment-35209\" class=\"wp-image-35209 size-full\" src=\"https:\/\/tintafresca.net\/wp-content\/uploads\/2024\/05\/IPL_Cerimonia-de-consignacao-da-empreitada_Residencia-Rafael-Bordalo-Pinheiro10.jpg\" alt=\"\" width=\"500\" height=\"333\" srcset=\"https:\/\/tintafresca.net\/wp-content\/uploads\/2024\/05\/IPL_Cerimonia-de-consignacao-da-empreitada_Residencia-Rafael-Bordalo-Pinheiro10.jpg 500w, https:\/\/tintafresca.net\/wp-content\/uploads\/2024\/05\/IPL_Cerimonia-de-consignacao-da-empreitada_Residencia-Rafael-Bordalo-Pinheiro10-300x200.jpg 300w\" sizes=\"auto, (max-width: 500px) 100vw, 500px\" \/><p id=\"caption-attachment-35209\" class=\"wp-caption-text\">Individualidades presentes na cerim\u00f3nia de formaliza\u00e7\u00e3o da consigna\u00e7\u00e3o da obra<\/p><\/div>\n<p>A empreitada de reabilita\u00e7\u00e3o da resid\u00eancia de estudantes \u2018Rafael Bordalo Pinheiro\u2019, em Caldas da Rainha, vai permitir aumentar a oferta de camas, das atuais 104 para 117, num investimento de cerca de 1 milh\u00e3o e 360 mil euros, financiado pelo Programa de Recupera\u00e7\u00e3o e Resili\u00eancia (PRR), no \u00e2mbito do Plano Nacional para o Alojamento no Ensino Superior (PNAES). A cerim\u00f3nia de formaliza\u00e7\u00e3o da consigna\u00e7\u00e3o da obra teve lugar no dia 16 de maio, em Caldas da Rainha, assinalando o arranque da renova\u00e7\u00e3o da resid\u00eancia, cujo prazo de execu\u00e7\u00e3o \u00e9 de seis meses.<\/p>\n<p>\u201cEsta interven\u00e7\u00e3o permitir\u00e1 uma recupera\u00e7\u00e3o do edif\u00edcio, melhorando o conforto e efici\u00eancia energ\u00e9tica dos seus sistemas, assim como uma readapta\u00e7\u00e3o dos espa\u00e7os e uma otimiza\u00e7\u00e3o do seu funcionamento\u201d, afirmou Carlos Rabad\u00e3o, presidente do Instituto Polit\u00e9cnico de Leiria, recordando que a institui\u00e7\u00e3o foi uma das que celebrou contratos de financiamento do PNAES, tendo tido nove candidaturas aprovadas no \u00e2mbito do PRR: cinco para adapta\u00e7\u00e3o, aquisi\u00e7\u00e3o e renova\u00e7\u00e3o de resid\u00eancias e quatro candidaturas aprovadas para constru\u00e7\u00e3o de novas resid\u00eancias.<\/p>\n<p>Estas candidaturas contemplam 13 edif\u00edcios, cujas empreitadas ser\u00e3o lan\u00e7adas ao longo deste ano de 2024, e no in\u00edcio de 2025. A primeira empreitada trata-se da reabilita\u00e7\u00e3o da resid\u00eancia de estudantes \u2018Rafael Bordalo Pinheiro\u2019, em Caldas da Rainha, que passar\u00e1 a ter uma capacidade para 117 camas. Tamb\u00e9m em Caldas da Rainha, ser\u00e1 realizada a reabilita\u00e7\u00e3o da atual resid\u00eancia \u2018Mestre Ant\u00f3nio Duarte\u2019, que apresentar\u00e1, no total, uma capacidade para 104 camas.<\/p>\n<p>Ainda no concelho de Caldas da Rainha ser\u00e1 tamb\u00e9m lan\u00e7ada a constru\u00e7\u00e3o de uma nova resid\u00eancia de estudantes, com uma capacidade para 68 camas.<\/p>\n<p>Durante a cerim\u00f3nia, Concei\u00e7\u00e3o Henriques, vereadora com o pelouro da A\u00e7\u00e3o Social do Munic\u00edpio de Caldas da Rainha, salientou a import\u00e2ncia de \u201cdotar os estudantes da Escola Superior de Artes e Design de Caldas da Rainha (ESAD.CR) de instala\u00e7\u00f5es condignas\u201d.<\/p>\n<div id=\"attachment_35210\" style=\"width: 510px\" class=\"wp-caption alignleft\"><img loading=\"lazy\" decoding=\"async\" aria-describedby=\"caption-attachment-35210\" class=\"wp-image-35210 size-full\" src=\"https:\/\/tintafresca.net\/wp-content\/uploads\/2024\/05\/IPL_residencia10.jpg\" alt=\"\" width=\"500\" height=\"333\" srcset=\"https:\/\/tintafresca.net\/wp-content\/uploads\/2024\/05\/IPL_residencia10.jpg 500w, https:\/\/tintafresca.net\/wp-content\/uploads\/2024\/05\/IPL_residencia10-300x200.jpg 300w\" sizes=\"auto, (max-width: 500px) 100vw, 500px\" \/><p id=\"caption-attachment-35210\" class=\"wp-caption-text\">resid\u00eancia de estudantes \u2018Rafael Bordalo Pinheiro\u2019, em Caldas da Rainha<\/p><\/div>\n<p>\u201cTodos sabemos a import\u00e2ncia que o apoio social tem no ensino superior. O esfor\u00e7o de forma\u00e7\u00e3o de jovens n\u00e3o pode ignorar a dimens\u00e3o social. N\u00e3o basta haver universidades e os melhores cursos e tecnologia. \u00c9 preciso que o Estado no seu conjunto fa\u00e7a um esfor\u00e7o no sentido de dotar as fam\u00edlias e estudantes das melhores condi\u00e7\u00f5es\u201d, defendeu a vereadora.<\/p>\n<p>Ao longo deste ano ser\u00e1 ainda concretizada a adjudica\u00e7\u00e3o da empreitada para a reabilita\u00e7\u00e3o do complexo de resid\u00eancias de estudantes de Leiria, que contempla quatro edif\u00edcios, com uma capacidade para 458 camas. Tamb\u00e9m no concelho de Leiria ser\u00e1 lan\u00e7ada a constru\u00e7\u00e3o da nova resid\u00eancia de estudantes, a localizar-se num terreno adjacente aos Servi\u00e7os Centrais do Instituto Polit\u00e9cnico de Leiria, com uma capacidade para 158 camas, estando ainda prevista a reabilita\u00e7\u00e3o e reconvers\u00e3o do antigo Edif\u00edcio de Santo Estev\u00e3o, para uma resid\u00eancia de estudantes com capacidade para 101 camas.<\/p>\n<p>J\u00e1 em Peniche, o Polit\u00e9cnico de Leiria vai avan\u00e7ar com a reabilita\u00e7\u00e3o da atual resid\u00eancia de estudantes, que ter\u00e1 uma capacidade para 58 camas, e a constru\u00e7\u00e3o de duas novas resid\u00eancias, que contar\u00e3o com 88 camas (44 camas em cada resid\u00eancia). Por fim, est\u00e1 ainda prevista a constru\u00e7\u00e3o da nova resid\u00eancia de estudantes em Pombal, com uma capacidade para 42 camas.<\/p>\n<p>As obras de renova\u00e7\u00e3o e constru\u00e7\u00e3o das resid\u00eancias de estudantes representam um investimento acima de 25 milh\u00f5es de euros, financiados pelo PRR, passando os estudantes a dispor de 1.194 camas, mais 491 a somar \u00e0s atuais 703, no que se refere a projetos de iniciativa direta do Instituto Polit\u00e9cnico de Leiria.<\/p>\n<p>A institui\u00e7\u00e3o \u00e9 ainda copromotora de mais tr\u00eas resid\u00eancias de estudantes, em colabora\u00e7\u00e3o com os munic\u00edpios de Batalha, Marinha Grande e Torres Vedras, o que aumentar\u00e1 para 1.366 as camas a disponibilizar aos estudantes do Polit\u00e9cnico de Leiria (mais 663 camas que as dispon\u00edveis atualmente).<\/p>\n<p>\u201cCom o aumento do alojamento dispon\u00edvel, ser\u00e1 poss\u00edvel minimizar os custos diretos dos estudantes e das suas fam\u00edlias, com especial \u00eanfase para os estudantes em situa\u00e7\u00e3o de vulnerabilidade social e econ\u00f3mica. O Polit\u00e9cnico de Leiria assegurar\u00e1, desta forma, mais e melhores condi\u00e7\u00f5es de acesso a alojamento, disponibilizando resid\u00eancias de estudantes nas cidades onde conta com oferta formativa, quer seja pr\u00f3ximo das suas Escolas e N\u00facleos de Forma\u00e7\u00e3o, ou ainda noutros contextos\u201d, salientou o presidente do Polit\u00e9cnico de Leiria, Carlos Rabad\u00e3o.<\/p>\n<p><strong>Fonte: CA|On-It!<\/strong><\/p>\n","protected":false},"excerpt":{"rendered":"<p>A empreitada de reabilita\u00e7\u00e3o da resid\u00eancia de estudantes \u2018Rafael Bordalo Pinheiro\u2019, em Caldas da Rainha, vai permitir aumentar a oferta de camas, das atuais 104 para 117, num investimento de cerca de 1 milh\u00e3o e 360 mil euros, financiado pelo Programa de Recupera\u00e7\u00e3o e Resili\u00eancia (PRR), no \u00e2mbito do Plano Nacional para o Alojamento no [&hellip;]<\/p>\n","protected":false},"author":2,"featured_media":35212,"comment_status":"open","ping_status":"open","sticky":false,"template":"","format":"standard","meta":{"footnotes":""},"categories":[14],"tags":[],"class_list":["post-35206","post","type-post","status-publish","format-standard","has-post-thumbnail","hentry","category-educacao"],"_links":{"self":[{"href":"https:\/\/tintafresca.net\/index.php\/wp-json\/wp\/v2\/posts\/35206","targetHints":{"allow":["GET"]}}],"collection":[{"href":"https:\/\/tintafresca.net\/index.php\/wp-json\/wp\/v2\/posts"}],"about":[{"href":"https:\/\/tintafresca.net\/index.php\/wp-json\/wp\/v2\/types\/post"}],"author":[{"embeddable":true,"href":"https:\/\/tintafresca.net\/index.php\/wp-json\/wp\/v2\/users\/2"}],"replies":[{"embeddable":true,"href":"https:\/\/tintafresca.net\/index.php\/wp-json\/wp\/v2\/comments?post=35206"}],"version-history":[{"count":2,"href":"https:\/\/tintafresca.net\/index.php\/wp-json\/wp\/v2\/posts\/35206\/revisions"}],"predecessor-version":[{"id":35213,"href":"https:\/\/tintafresca.net\/index.php\/wp-json\/wp\/v2\/posts\/35206\/revisions\/35213"}],"wp:featuredmedia":[{"embeddable":true,"href":"https:\/\/tintafresca.net\/index.php\/wp-json\/wp\/v2\/media\/35212"}],"wp:attachment":[{"href":"https:\/\/tintafresca.net\/index.php\/wp-json\/wp\/v2\/media?parent=35206"}],"wp:term":[{"taxonomy":"category","embeddable":true,"href":"https:\/\/tintafresca.net\/index.php\/wp-json\/wp\/v2\/categories?post=35206"},{"taxonomy":"post_tag","embeddable":true,"href":"https:\/\/tintafresca.net\/index.php\/wp-json\/wp\/v2\/tags?post=35206"}],"curies":[{"name":"wp","href":"https:\/\/api.w.org\/{rel}","templated":true}]}}