{"id":35223,"date":"2024-05-21T18:55:02","date_gmt":"2024-05-21T18:55:02","guid":{"rendered":"https:\/\/tintafresca.net\/?p=35223"},"modified":"2024-05-21T18:56:08","modified_gmt":"2024-05-21T18:56:08","slug":"festival-de-teatro-ambiental-esta-de-regresso-ao-parque-verde-da-cidade-de-alcobaca","status":"publish","type":"post","link":"https:\/\/tintafresca.net\/index.php\/2024\/05\/21\/festival-de-teatro-ambiental-esta-de-regresso-ao-parque-verde-da-cidade-de-alcobaca\/","title":{"rendered":"Festival de Teatro Ambiental est\u00e1 de regresso ao Parque Verde da Cidade de Alcoba\u00e7a"},"content":{"rendered":"<div id=\"attachment_35225\" style=\"width: 510px\" class=\"wp-caption alignleft\"><img loading=\"lazy\" decoding=\"async\" aria-describedby=\"caption-attachment-35225\" class=\"wp-image-35225 size-full\" src=\"https:\/\/tintafresca.net\/wp-content\/uploads\/2024\/05\/Alcobaca_Parque_Verde10.jpg\" alt=\"\" width=\"500\" height=\"209\" srcset=\"https:\/\/tintafresca.net\/wp-content\/uploads\/2024\/05\/Alcobaca_Parque_Verde10.jpg 500w, https:\/\/tintafresca.net\/wp-content\/uploads\/2024\/05\/Alcobaca_Parque_Verde10-300x125.jpg 300w\" sizes=\"auto, (max-width: 500px) 100vw, 500px\" \/><p id=\"caption-attachment-35225\" class=\"wp-caption-text\">Cartaz<\/p><\/div>\n<p>O Festival de Teatro Ambiental est\u00e1 de regresso ao Parque Verde da Cidade de Alcoba\u00e7a de 1 a 17 de junho para uma 2\u00aa edi\u00e7\u00e3o que pretende promover os diversos Objetivos de Desenvolvimento Sustent\u00e1vel, da Agenda 2030 da Organiza\u00e7\u00e3o das Na\u00e7\u00f5es Unidas.<\/p>\n<p>Um Festival para todos os p\u00fablicos, com especial \u00eanfase nas camadas mais jovens e na popula\u00e7\u00e3o escolar que procura criar condi\u00e7\u00f5es que garantam aos cidad\u00e3os o acesso \u00e0s artes e \u00e0 cultura no espa\u00e7o da rua, aproveitando as sinergias da biodiversidade.<\/p>\n<p>Sensibilizar a popula\u00e7\u00e3o para as diferentes tem\u00e1ticas ambientais \u00e9 o grande objetivo desta iniciativa.<\/p>\n<p>Programa Pais &amp; Filhos \/<\/p>\n<p>\ud83d\udd39 1 Junho . 16h00<\/p>\n<p>Dia Mundial da Crian\u00e7a<\/p>\n<p>A cantar, o planeta vamos preservar!<\/p>\n<p>POR MUDA\u2019TE Companhia de Artes Performativas \u2013 Associa\u00e7\u00e3o Cultural<\/p>\n<p>O planeta \u00e9 o que de mais valioso podemos cuidar. Os nossos aventureiros partem numa viagem em que prometem explorar os v\u00e1rios sons e sensa\u00e7\u00f5es que o nosso planeta nos oferece. O som da chuva, a sensa\u00e7\u00e3o das gotas a ca\u00edrem na nossa cara, a alegria de saltar numa po\u00e7a de \u00e1gua. O sabor daquilo que cultivamos. O som do fogo, do vento, da trovoada e do sol. Espera a\u00ed. O sol tem som? Esta e muitas outras quest\u00f5es ser\u00e3o exploradas nesta aventura musical e sensorial, onde todos v\u00e3o participar. Juntos, vamos celebrar o PLANETA!<\/p>\n<p>Dura\u00e7\u00e3o: 45 mim | M\/3 | P\u00fablico em geral | Entrada livre<\/p>\n<p>\ud83d\udd39 15 Junho . 16h00<\/p>\n<p>Dia Mundial Dos Ventos<\/p>\n<p>Palhinhas, A Hist\u00f3ria de um Espantalho!<\/p>\n<p>por Kris\u00e1lida<\/p>\n<p>Era uma vez um espantalho que encontrou uma tartaruga.<\/p>\n<p>Era uma vez uma casa-canudo que deambulava pelos oceanos.<\/p>\n<p>Um mar de pl\u00e1stico e um presidente escamudo.<\/p>\n<p>Um monte de res\u00edduos e um bacalhau trombudo.<\/p>\n<p>No areal, vest\u00edgios da Humanidade.<\/p>\n<p>No fundo do mar, uma comunidade que se reinventa.<\/p>\n<p>Palhinhas, a hist\u00f3ria de um espantalho \u00e9 uma aventura pelo universo marinho que se permite olhar para os res\u00edduos acumulados no fundo do mar, unindo os seus habitantes na procura de um benef\u00edcio comum.<\/p>\n<p>Dura\u00e7\u00e3o: 45 mim | M\/3 | P\u00fablico em geral | Entrada livre<\/p>\n<p>\/\/\/\/\/\/\/\/\/ Programa [P\u00fablico Escolar] \/\/\/\/\/\/\/<\/p>\n<p>Inscri\u00e7\u00f5es Gratuitas Obrigat\u00f3rias at\u00e9 27 De Maio<\/p>\n<p>\ud83d\udc49 https:\/\/ls.uc.pt\/index.php\/563361?lang=pt<\/p>\n<p>As inscri\u00e7\u00f5es nos espet\u00e1culos escolhidos pelas Escolas\/Agrupamentos s\u00e3o registadas por ordem de chegada, sendo limitado o n\u00famero de participantes a 5 ou 6 turmas (at\u00e9 150 alunos) por atividade\/sess\u00e3o.<\/p>\n<p>\ud83d\udd3905 Junho . 10h30 E 14h30<\/p>\n<p>Dia Mundial do Ambiente<\/p>\n<p>Dona Natureza<\/p>\n<p>Por Espelho M\u00e1gico &#8211; Gatem Cooperativa Cultural Crl<\/p>\n<p>Era uma vez uma pequena floresta, dentro de um pequeno pa\u00eds, dentro de um pequeno planeta, dentro de um pequeno sistema solar, dentro de um enorme universo.\u00a0 Certa vez um inseto alimentou-se do lixo malcuidado de um lugar chamado Laborat\u00f3rio de Pesquisas Gen\u00e9ticas, onde os homens inventavam formas de comandar a natureza. O resultado foi terr\u00edvel. Foi assim que surgiu o malvado Mr. Bug.<\/p>\n<p>Dura\u00e7\u00e3o: 60 mim | M\/3 | pr\u00e9-escolar, 1\u00ba ciclo e maiores de 65 anos | inscri\u00e7\u00e3o pr\u00e9via<\/p>\n<p>\ud83d\udd3907 Junho . 10h30 E 14h30<\/p>\n<p>Dia Mundial dos Oceanos<\/p>\n<p>Perdidos, mas Pouco!<\/p>\n<p>A Bolha \u2013 Teatro com Marionetas<\/p>\n<p>Duas crian\u00e7as que iam acampar separaram-se do resto da fam\u00edlia; n\u00e3o sabem onde est\u00e3o, mas isso n\u00e3o as impede de viver grandes aventuras e fazer importantes descobertas. Com a ajuda de uns her\u00f3is muito especiais elas v\u00e3o olhar com outros olhos as quest\u00f5es ambientais e perceber a import\u00e2ncia que t\u00eam na prote\u00e7\u00e3o do planeta.<\/p>\n<p>Dura\u00e7\u00e3o: 40 mim | M\/3 | pr\u00e9-escolar, 1\u00ba ciclo e maiores de 65 anos | inscri\u00e7\u00e3o pr\u00e9via<\/p>\n<p>\ud83d\udd3917 Junho . 10h30 e 14h30 [sujeito a confirma\u00e7\u00e3o]<\/p>\n<p>Dia Mundial do Combate \u00e0 Seca e Desertifica\u00e7\u00e3o<\/p>\n<p>A Hora do Po\u00e7o<\/p>\n<p>Por Embuscada<\/p>\n<p>A Terra modificou-se e praticamente tudo morreu. Os oceanos, os rios e os lagos secaram, acabando com os continentes e os pa\u00edses. Os poucos seres humanos que sobreviveram, organizaram-se socialmente em vilas ao redor de pequenos po\u00e7os, os \u00fanicos lugares onde ainda \u00e9 poss\u00edvel encontrar \u00e1gua, o maior de todos os bens! Na Vila do Adeus, vivem Rapazinho e Marina, dois adolescentes que, inconformados com a realidade em que vivem, percorrem as terras secas do mundo at\u00e9 encontrarem \u00e1gua em abund\u00e2ncia. Personagens fant\u00e1sticos como a Serpente Bipolar, o Passado, a Mulher Guarda-Chuva e o Palha\u00e7o Mendigo cruzam os seus caminhos, impulsionando a a\u00e7\u00e3o dos her\u00f3is em busca de seus sonhos.<\/p>\n<p>Dura\u00e7\u00e3o: 50 mim | M\/3 | pr\u00e9-escolar, 1\u00ba ciclo e maiores de 65 anos | inscri\u00e7\u00e3o pr\u00e9via<\/p>\n","protected":false},"excerpt":{"rendered":"<p>O Festival de Teatro Ambiental est\u00e1 de regresso ao Parque Verde da Cidade de Alcoba\u00e7a de 1 a 17 de junho para uma 2\u00aa edi\u00e7\u00e3o que pretende promover os diversos Objetivos de Desenvolvimento Sustent\u00e1vel, da Agenda 2030 da Organiza\u00e7\u00e3o das Na\u00e7\u00f5es Unidas. Um Festival para todos os p\u00fablicos, com especial \u00eanfase nas camadas mais jovens [&hellip;]<\/p>\n","protected":false},"author":2,"featured_media":35226,"comment_status":"open","ping_status":"open","sticky":false,"template":"","format":"standard","meta":{"footnotes":""},"categories":[9],"tags":[],"class_list":["post-35223","post","type-post","status-publish","format-standard","has-post-thumbnail","hentry","category-ambiente"],"_links":{"self":[{"href":"https:\/\/tintafresca.net\/index.php\/wp-json\/wp\/v2\/posts\/35223","targetHints":{"allow":["GET"]}}],"collection":[{"href":"https:\/\/tintafresca.net\/index.php\/wp-json\/wp\/v2\/posts"}],"about":[{"href":"https:\/\/tintafresca.net\/index.php\/wp-json\/wp\/v2\/types\/post"}],"author":[{"embeddable":true,"href":"https:\/\/tintafresca.net\/index.php\/wp-json\/wp\/v2\/users\/2"}],"replies":[{"embeddable":true,"href":"https:\/\/tintafresca.net\/index.php\/wp-json\/wp\/v2\/comments?post=35223"}],"version-history":[{"count":2,"href":"https:\/\/tintafresca.net\/index.php\/wp-json\/wp\/v2\/posts\/35223\/revisions"}],"predecessor-version":[{"id":35227,"href":"https:\/\/tintafresca.net\/index.php\/wp-json\/wp\/v2\/posts\/35223\/revisions\/35227"}],"wp:featuredmedia":[{"embeddable":true,"href":"https:\/\/tintafresca.net\/index.php\/wp-json\/wp\/v2\/media\/35226"}],"wp:attachment":[{"href":"https:\/\/tintafresca.net\/index.php\/wp-json\/wp\/v2\/media?parent=35223"}],"wp:term":[{"taxonomy":"category","embeddable":true,"href":"https:\/\/tintafresca.net\/index.php\/wp-json\/wp\/v2\/categories?post=35223"},{"taxonomy":"post_tag","embeddable":true,"href":"https:\/\/tintafresca.net\/index.php\/wp-json\/wp\/v2\/tags?post=35223"}],"curies":[{"name":"wp","href":"https:\/\/api.w.org\/{rel}","templated":true}]}}