{"id":35245,"date":"2024-05-22T21:40:39","date_gmt":"2024-05-22T21:40:39","guid":{"rendered":"https:\/\/tintafresca.net\/?p=35245"},"modified":"2024-05-22T22:28:47","modified_gmt":"2024-05-22T22:28:47","slug":"municipio-de-ourem-vai-construir-fogos-para-rendas-acessiveis-e-de-emergencia","status":"publish","type":"post","link":"https:\/\/tintafresca.net\/index.php\/2024\/05\/22\/municipio-de-ourem-vai-construir-fogos-para-rendas-acessiveis-e-de-emergencia\/","title":{"rendered":"Munic\u00edpio de Our\u00e9m vai construir fogos para rendas acess\u00edveis e de emerg\u00eancia"},"content":{"rendered":"<div id=\"attachment_22937\" style=\"width: 510px\" class=\"wp-caption alignleft\"><img loading=\"lazy\" decoding=\"async\" aria-describedby=\"caption-attachment-22937\" class=\"wp-image-22937 size-full\" src=\"https:\/\/tintafresca.net\/wp-content\/uploads\/2022\/12\/Ourem_Camara10.jpg\" alt=\"\" width=\"500\" height=\"306\" srcset=\"https:\/\/tintafresca.net\/wp-content\/uploads\/2022\/12\/Ourem_Camara10.jpg 500w, https:\/\/tintafresca.net\/wp-content\/uploads\/2022\/12\/Ourem_Camara10-300x184.jpg 300w\" sizes=\"auto, (max-width: 500px) 100vw, 500px\" \/><p id=\"caption-attachment-22937\" class=\"wp-caption-text\">Sess\u00e3o da C\u00e2mara Municipal de Our\u00e9m<\/p><\/div>\n<p>A C\u00e2mara Municipal de Our\u00e9m aprovou uma proposta de protocolo tripartido, sujeita a aprecia\u00e7\u00e3o na \u00faltima Reuni\u00e3o de C\u00e2mara, que visa a disponibiliza\u00e7\u00e3o de novos fogos a rendas acess\u00edveis e de emerg\u00eancia. Este protocolo vincula o Munic\u00edpio de Our\u00e9m, a Junta de Freguesia de Nossa Senhora da Piedade e o Patrim\u00f3nio dos Pobres da Freguesia de Nossa Senhora da Piedade, e sustenta um projeto que vai viabilizar a constru\u00e7\u00e3o de 8 fogos para arrendamento acess\u00edvel e financiados a 100% pelo Plano de Recupera\u00e7\u00e3o e Resili\u00eancia (PRR), al\u00e9m de duas habita\u00e7\u00f5es de emerg\u00eancia, em Penigardos.<\/p>\n<p>O Munic\u00edpio tem em curso uma estrat\u00e9gia de promo\u00e7\u00e3o de pol\u00edticas p\u00fablicas de oferta de habita\u00e7\u00e3o a rendas acess\u00edveis e de emerg\u00eancia, em articula\u00e7\u00e3o com as demais entidades competentes do Estado Central, colmatando uma necessidade existente no territ\u00f3rio. Como resposta a este des\u00edgnio, a Junta de Freguesia de Nossa Senhora da Piedade apoia a iniciativa municipal e mostrou-se dispon\u00edvel para ceder parcelas de terreno para este fim, nomeadamente propriedades situadas na Rua Dr.\u00aa Branca de Seabra, em Penigardos, junto \u00e0 cidade de Our\u00e9m.<\/p>\n<p>Por seu turno, o Patrim\u00f3nio dos Pobres da Freguesia de Nossa Senhora da Piedade possui duas habita\u00e7\u00f5es de emerg\u00eancia inseridas nos terrenos anteriormente referidos, encontrando-se uma sem condi\u00e7\u00f5es de habitabilidade e outra com evidentes necessidades de melhoria e conserva\u00e7\u00e3o.<\/p>\n<p>Neste contexto, as duas entidades acedem colaborar com o Munic\u00edpio para uma solu\u00e7\u00e3o conjunta e o protocolo define as diferentes condi\u00e7\u00f5es e obriga\u00e7\u00f5es dos intervenientes. A C\u00e2mara Municipal de Our\u00e9m assume a responsabilidade de garantir a constru\u00e7\u00e3o das novas habita\u00e7\u00f5es para rendas acess\u00edveis, al\u00e9m da demoli\u00e7\u00e3o dos edif\u00edcios hoje existentes e da edifica\u00e7\u00e3o de dois novos fogos de emerg\u00eancia.<\/p>\n<p>A Junta de Freguesia de Nossa Senhora da Piedade disponibiliza as parcelas de terreno referidas e o Patrim\u00f3nio dos Pobres viabiliza a demoli\u00e7\u00e3o das habita\u00e7\u00f5es sua perten\u00e7a, assumindo posteriormente a posse das duas novas habita\u00e7\u00f5es de emerg\u00eancia.<\/p>\n<p>Com a aprova\u00e7\u00e3o deste protocolo, o Munic\u00edpio d\u00e1 mais um passo para responder \u00e0 car\u00eancia nacional de habita\u00e7\u00f5es com arrendamento acess\u00edvel e de emerg\u00eancia, envolvendo diferentes entidades na defini\u00e7\u00e3o de pol\u00edticas p\u00fablicas inclusivas que contribuam para um concelho mais justo e solid\u00e1rio.<\/p>\n<p><strong>Fonte: LC|GIC|CMO<\/strong><\/p>\n","protected":false},"excerpt":{"rendered":"<p>A C\u00e2mara Municipal de Our\u00e9m aprovou uma proposta de protocolo tripartido, sujeita a aprecia\u00e7\u00e3o na \u00faltima Reuni\u00e3o de C\u00e2mara, que visa a disponibiliza\u00e7\u00e3o de novos fogos a rendas acess\u00edveis e de emerg\u00eancia. Este protocolo vincula o Munic\u00edpio de Our\u00e9m, a Junta de Freguesia de Nossa Senhora da Piedade e o Patrim\u00f3nio dos Pobres da Freguesia [&hellip;]<\/p>\n","protected":false},"author":2,"featured_media":22938,"comment_status":"open","ping_status":"open","sticky":false,"template":"","format":"standard","meta":{"footnotes":""},"categories":[7,11],"tags":[],"class_list":["post-35245","post","type-post","status-publish","format-standard","has-post-thumbnail","hentry","category-economia","category-sociedade"],"_links":{"self":[{"href":"https:\/\/tintafresca.net\/index.php\/wp-json\/wp\/v2\/posts\/35245","targetHints":{"allow":["GET"]}}],"collection":[{"href":"https:\/\/tintafresca.net\/index.php\/wp-json\/wp\/v2\/posts"}],"about":[{"href":"https:\/\/tintafresca.net\/index.php\/wp-json\/wp\/v2\/types\/post"}],"author":[{"embeddable":true,"href":"https:\/\/tintafresca.net\/index.php\/wp-json\/wp\/v2\/users\/2"}],"replies":[{"embeddable":true,"href":"https:\/\/tintafresca.net\/index.php\/wp-json\/wp\/v2\/comments?post=35245"}],"version-history":[{"count":2,"href":"https:\/\/tintafresca.net\/index.php\/wp-json\/wp\/v2\/posts\/35245\/revisions"}],"predecessor-version":[{"id":35247,"href":"https:\/\/tintafresca.net\/index.php\/wp-json\/wp\/v2\/posts\/35245\/revisions\/35247"}],"wp:featuredmedia":[{"embeddable":true,"href":"https:\/\/tintafresca.net\/index.php\/wp-json\/wp\/v2\/media\/22938"}],"wp:attachment":[{"href":"https:\/\/tintafresca.net\/index.php\/wp-json\/wp\/v2\/media?parent=35245"}],"wp:term":[{"taxonomy":"category","embeddable":true,"href":"https:\/\/tintafresca.net\/index.php\/wp-json\/wp\/v2\/categories?post=35245"},{"taxonomy":"post_tag","embeddable":true,"href":"https:\/\/tintafresca.net\/index.php\/wp-json\/wp\/v2\/tags?post=35245"}],"curies":[{"name":"wp","href":"https:\/\/api.w.org\/{rel}","templated":true}]}}