{"id":35269,"date":"2024-05-24T23:08:49","date_gmt":"2024-05-24T23:08:49","guid":{"rendered":"https:\/\/tintafresca.net\/?p=35269"},"modified":"2024-05-24T23:39:51","modified_gmt":"2024-05-24T23:39:51","slug":"novo-livro-recorda-a-vida-de-vitor-tome-o-engraxador-mais-conhecido-de-santarem","status":"publish","type":"post","link":"https:\/\/tintafresca.net\/index.php\/2024\/05\/24\/novo-livro-recorda-a-vida-de-vitor-tome-o-engraxador-mais-conhecido-de-santarem\/","title":{"rendered":"Novo livro recorda a vida de V\u00edtor Tom\u00e9, o engraxador mais conhecido de Santar\u00e9m"},"content":{"rendered":"<div id=\"attachment_35272\" style=\"width: 510px\" class=\"wp-caption alignleft\"><img loading=\"lazy\" decoding=\"async\" aria-describedby=\"caption-attachment-35272\" class=\"wp-image-35272 size-full\" src=\"https:\/\/tintafresca.net\/wp-content\/uploads\/2024\/05\/Santarem_Apresentacao-do-livro-do-Cafe-Central10.jpg\" alt=\"\" width=\"500\" height=\"333\" srcset=\"https:\/\/tintafresca.net\/wp-content\/uploads\/2024\/05\/Santarem_Apresentacao-do-livro-do-Cafe-Central10.jpg 500w, https:\/\/tintafresca.net\/wp-content\/uploads\/2024\/05\/Santarem_Apresentacao-do-livro-do-Cafe-Central10-300x200.jpg 300w\" sizes=\"auto, (max-width: 500px) 100vw, 500px\" \/><p id=\"caption-attachment-35272\" class=\"wp-caption-text\">Sess\u00e3o de apresenta\u00e7\u00e3o do livro<\/p><\/div>\n<p>O livro \u2018O \u00faltimo engraxador de Santar\u00e9m \u2013 mem\u00f3rias de V\u00edtor Tom\u00e9\u2019 foi apresentado ao p\u00fablico no dia 23 de maio, no hist\u00f3rico Caf\u00e9 Central, no centro da cidade, local onde o homenageado exerceu a sua profiss\u00e3o ao longo de v\u00e1rias d\u00e9cadas.<\/p>\n<p>Na presen\u00e7a de familiares de V\u00edtor Tom\u00e9 &#8211; atualmente com 91 anos, encontra-se num lar nos arredores da cidade \u2013 foram recordados v\u00e1rios epis\u00f3dios do incans\u00e1vel engraxador que ficou popularmente conhecido como \u2018excel\u00eancia\u2019, a forma recorrente como se dirigia e tratava os clientes que o procuravam. O filho, Francisco Tom\u00e9, trouxe, inclusive, para a apresenta\u00e7\u00e3o do livro, a antiga caixa de engraxador de V\u00edtor Tom\u00e9, enquanto o primo Jorge Tom\u00e9, recordou a crian\u00e7a com quem brincou e o homem que mais tarde viu tornar-se numa figura inconfund\u00edvel da cidade.<\/p>\n<p>A nova obra viaja pela mem\u00f3ria ainda recente da hist\u00f3ria de Santar\u00e9m e recorda uma personagem que marcou a vida da cidade de muitas formas, como lembram os autores, Jo\u00e3o Serrano e Jos\u00e9 Raimundo Noras, historiador respons\u00e1vel pelas notas.<\/p>\n<div id=\"attachment_35273\" style=\"width: 510px\" class=\"wp-caption alignleft\"><img loading=\"lazy\" decoding=\"async\" aria-describedby=\"caption-attachment-35273\" class=\"wp-image-35273 size-full\" src=\"https:\/\/tintafresca.net\/wp-content\/uploads\/2024\/05\/Santarem_-Jorge-e-Francisco-Tome-primo-e-filho-de-Vitor-Tome10.jpg\" alt=\"\" width=\"500\" height=\"333\" srcset=\"https:\/\/tintafresca.net\/wp-content\/uploads\/2024\/05\/Santarem_-Jorge-e-Francisco-Tome-primo-e-filho-de-Vitor-Tome10.jpg 500w, https:\/\/tintafresca.net\/wp-content\/uploads\/2024\/05\/Santarem_-Jorge-e-Francisco-Tome-primo-e-filho-de-Vitor-Tome10-300x200.jpg 300w\" sizes=\"auto, (max-width: 500px) 100vw, 500px\" \/><p id=\"caption-attachment-35273\" class=\"wp-caption-text\">Jorge Tom\u00e9 Francisco Tom\u00e9<\/p><\/div>\n<p>No geral, \u2018O \u00faltimo engraxador de Santar\u00e9m \u2013 mem\u00f3rias de V\u00edtor Tom\u00e9\u2019, \u00e9 o resultado de mem\u00f3rias recolhidas em diversas entrevistas, realizadas entre 2016 e 2023. Ao longo de 140 p\u00e1ginas, s\u00e3o lembradas as viv\u00eancias deste conhecido int\u00e9rprete de uma profissional tradicional &#8211; hoje quase extinta &#8211; transmitindo mem\u00f3rias sociais, sobretudo, vividas durante as d\u00e9cadas de 1940, 1950 e 1960 do s\u00e9culo XX, em Santar\u00e9m. Na introdu\u00e7\u00e3o e nas notas foram identificadas pessoas, institui\u00e7\u00f5es e acontecimentos atrav\u00e9s de m\u00e9todos de investiga\u00e7\u00e3o hist\u00f3rica, permitindo alicer\u00e7ar documentalmente este importante testemunho da mem\u00f3ria recente da vida de Santar\u00e9m.<\/p>\n<p>O lan\u00e7amento do livro conta com o apoio do Munic\u00edpio de Santar\u00e9m, e a edi\u00e7\u00e3o pertence \u00e0 Associa\u00e7\u00e3o Independente para o Desenvolvimento Integrado de Alpiar\u00e7a (AIDIA), que o incluiu na sua cole\u00e7\u00e3o de \u2018Cadernos Culturais\u2019, na qual j\u00e1 viram a luz do dia mais de meia centenas de volumes que evocam, sobretudo, as mem\u00f3rias e as est\u00f3rias da regi\u00e3o.<\/p>\n<p><strong>\u00a0 \u00a0 Fonte: CQ|GC|CMS<\/strong><\/p>\n","protected":false},"excerpt":{"rendered":"<p>O livro \u2018O \u00faltimo engraxador de Santar\u00e9m \u2013 mem\u00f3rias de V\u00edtor Tom\u00e9\u2019 foi apresentado ao p\u00fablico no dia 23 de maio, no hist\u00f3rico Caf\u00e9 Central, no centro da cidade, local onde o homenageado exerceu a sua profiss\u00e3o ao longo de v\u00e1rias d\u00e9cadas. Na presen\u00e7a de familiares de V\u00edtor Tom\u00e9 &#8211; atualmente com 91 anos, encontra-se [&hellip;]<\/p>\n","protected":false},"author":2,"featured_media":35274,"comment_status":"open","ping_status":"open","sticky":false,"template":"","format":"standard","meta":{"footnotes":""},"categories":[10],"tags":[],"class_list":["post-35269","post","type-post","status-publish","format-standard","has-post-thumbnail","hentry","category-patrimonio"],"_links":{"self":[{"href":"https:\/\/tintafresca.net\/index.php\/wp-json\/wp\/v2\/posts\/35269","targetHints":{"allow":["GET"]}}],"collection":[{"href":"https:\/\/tintafresca.net\/index.php\/wp-json\/wp\/v2\/posts"}],"about":[{"href":"https:\/\/tintafresca.net\/index.php\/wp-json\/wp\/v2\/types\/post"}],"author":[{"embeddable":true,"href":"https:\/\/tintafresca.net\/index.php\/wp-json\/wp\/v2\/users\/2"}],"replies":[{"embeddable":true,"href":"https:\/\/tintafresca.net\/index.php\/wp-json\/wp\/v2\/comments?post=35269"}],"version-history":[{"count":3,"href":"https:\/\/tintafresca.net\/index.php\/wp-json\/wp\/v2\/posts\/35269\/revisions"}],"predecessor-version":[{"id":35276,"href":"https:\/\/tintafresca.net\/index.php\/wp-json\/wp\/v2\/posts\/35269\/revisions\/35276"}],"wp:featuredmedia":[{"embeddable":true,"href":"https:\/\/tintafresca.net\/index.php\/wp-json\/wp\/v2\/media\/35274"}],"wp:attachment":[{"href":"https:\/\/tintafresca.net\/index.php\/wp-json\/wp\/v2\/media?parent=35269"}],"wp:term":[{"taxonomy":"category","embeddable":true,"href":"https:\/\/tintafresca.net\/index.php\/wp-json\/wp\/v2\/categories?post=35269"},{"taxonomy":"post_tag","embeddable":true,"href":"https:\/\/tintafresca.net\/index.php\/wp-json\/wp\/v2\/tags?post=35269"}],"curies":[{"name":"wp","href":"https:\/\/api.w.org\/{rel}","templated":true}]}}