{"id":35314,"date":"2024-05-26T22:02:29","date_gmt":"2024-05-26T22:02:29","guid":{"rendered":"https:\/\/tintafresca.net\/?p=35314"},"modified":"2024-05-26T22:02:29","modified_gmt":"2024-05-26T22:02:29","slug":"psicohumanizar-quando-o-invisivel-se-torna-essencial-e-o-tema-do-encontro-de-saude-mental-da-regiao-de-leiria","status":"publish","type":"post","link":"https:\/\/tintafresca.net\/index.php\/2024\/05\/26\/psicohumanizar-quando-o-invisivel-se-torna-essencial-e-o-tema-do-encontro-de-saude-mental-da-regiao-de-leiria\/","title":{"rendered":"\u201c(Psico)Humanizar: quando o invis\u00edvel se torna essencial\u201d \u00e9 o tema do Encontro de Sa\u00fade Mental da Regi\u00e3o de Leiria"},"content":{"rendered":"<div id=\"attachment_35318\" style=\"width: 310px\" class=\"wp-caption alignleft\"><img loading=\"lazy\" decoding=\"async\" aria-describedby=\"caption-attachment-35318\" class=\"wp-image-35318 size-medium\" src=\"https:\/\/tintafresca.net\/wp-content\/uploads\/2024\/05\/CHL_Joana-Correia10-300x200.jpg\" alt=\"\" width=\"300\" height=\"200\" srcset=\"https:\/\/tintafresca.net\/wp-content\/uploads\/2024\/05\/CHL_Joana-Correia10-300x200.jpg 300w, https:\/\/tintafresca.net\/wp-content\/uploads\/2024\/05\/CHL_Joana-Correia10.jpg 500w\" sizes=\"auto, (max-width: 300px) 100vw, 300px\" \/><p id=\"caption-attachment-35318\" class=\"wp-caption-text\">Joana Correia<\/p><\/div>\n<p>\u201c(Psico)Humanizar: quando o invis\u00edvel se torna essencial\u201d \u00e9 o tema do Encontro de Sa\u00fade Mental da Regi\u00e3o de Leiria, que decorre nos dias 28 e 29 de maio, no Cineteatro de Alcoba\u00e7a. A iniciativa, promovida conjuntamente pelos Servi\u00e7os de Psicologia Cl\u00ednica, Psiquiatria e Sa\u00fade Mental, e Psiquiatria da Inf\u00e2ncia e da Adolesc\u00eancia da Unidade Local de Sa\u00fade da Regi\u00e3o de Leiria (ULSRL), tem como finalidade abordar tem\u00e1ticas que ajudem a compreender, trabalhar e destigmatizar a doen\u00e7a mental, promovendo a sa\u00fade da popula\u00e7\u00e3o.<\/p>\n<p>\u00abO Encontro de Sa\u00fade Mental da Regi\u00e3o de Leiria, edi\u00e7\u00e3o de 2024, vem trazer \u00e0 discuss\u00e3o p\u00fablica a problem\u00e1tica da Sa\u00fade Mental em esferas muito distintas, desde a interven\u00e7\u00e3o em grupos e \u00e1reas espec\u00edficas, sem esquecer o papel dos afetos no contexto preventivo e interventivo. A promo\u00e7\u00e3o, a interven\u00e7\u00e3o e a preven\u00e7\u00e3o como um todo, unindo profissionais e comunidade, num contexto interdisciplinar de partilha de conhecimento\u00bb, explica Joana Correia, diretora do Servi\u00e7o de Psicologia Cl\u00ednica e da Sa\u00fade da ULSRL, em representa\u00e7\u00e3o da Comiss\u00e3o Organizadora do evento.<\/p>\n<p>O Encontro tem in\u00edcio no dia 28 de maio, pelas 9h00, com a dinamiza\u00e7\u00e3o de tr\u00eas workshops paralelos dedicados \u00e0 \u201cInterven\u00e7\u00e3o em Crise na Comunidade\u201d, \u00e0 \u201cLudoterapia\u201d e \u00e0 \u201cDimens\u00e3o do G\u00e9nero\u201d. No per\u00edodo da tarde, realiza-se o primeiro painel de discuss\u00e3o, centrado n\u2019 \u201cO papel dos afetos na interven\u00e7\u00e3o em Sa\u00fade Mental\u201d, onde s\u00e3o analisados os t\u00f3picos: \u201cA rela\u00e7\u00e3o terap\u00eautica\u201d, \u201cA vincula\u00e7\u00e3o\u201d e \u201cO papel das fam\u00edlias\u201d. A sess\u00e3o de abertura decorre \u00e0s 15h30, e ap\u00f3s um intervalo, s\u00e3o dinamizadas as comunica\u00e7\u00f5es livres.<\/p>\n<p>O segundo dia do evento come\u00e7a \u00e0s 9h00 com o painel subordinado ao mote \u201cInterven\u00e7\u00e3o na vulnerabilidade\u201d, onde s\u00e3o apresentadas as tem\u00e1ticas: \u201cDoen\u00e7a mental e Migra\u00e7\u00f5es\u201d, \u201cDoen\u00e7a mental e Sem Abrigo\u201d e \u201cDoen\u00e7a mental e Parentalidade\u201d. Depois de um intervalo, decorre o segundo painel do dia com o tema \u201cInterven\u00e7\u00e3o em grupos terap\u00eauticos\u201d, com destaque nas \u00e1reas de Luto, Psicose e Comportamento Alimentar. O \u00faltimo painel, que decorre a partir das 14h30, versa sobre \u201cInterven\u00e7\u00e3o em Crise\u201d nas \u00e1reas de Emerg\u00eancia psicol\u00f3gica, interven\u00e7\u00e3o em cen\u00e1rios de crime e de cat\u00e1strofe. \u00c0s 16h00 realiza-se a sess\u00e3o de encerramento.<\/p>\n<p>Os interessados podem consultar mais informa\u00e7\u00f5es no site do Encontro em: <a href=\"https:\/\/bit.ly\/3QNOAzO\">https:\/\/bit.ly\/3QNOAzO<\/a><\/p>\n<p>&nbsp;<\/p>\n<p>Fonte: Midlandcom<\/p>\n","protected":false},"excerpt":{"rendered":"<p>\u201c(Psico)Humanizar: quando o invis\u00edvel se torna essencial\u201d \u00e9 o tema do Encontro de Sa\u00fade Mental da Regi\u00e3o de Leiria, que decorre nos dias 28 e 29 de maio, no Cineteatro de Alcoba\u00e7a. A iniciativa, promovida conjuntamente pelos Servi\u00e7os de Psicologia Cl\u00ednica, Psiquiatria e Sa\u00fade Mental, e Psiquiatria da Inf\u00e2ncia e da Adolesc\u00eancia da Unidade Local [&hellip;]<\/p>\n","protected":false},"author":2,"featured_media":22957,"comment_status":"open","ping_status":"open","sticky":false,"template":"","format":"standard","meta":{"footnotes":""},"categories":[6],"tags":[],"class_list":["post-35314","post","type-post","status-publish","format-standard","has-post-thumbnail","hentry","category-saude"],"_links":{"self":[{"href":"https:\/\/tintafresca.net\/index.php\/wp-json\/wp\/v2\/posts\/35314","targetHints":{"allow":["GET"]}}],"collection":[{"href":"https:\/\/tintafresca.net\/index.php\/wp-json\/wp\/v2\/posts"}],"about":[{"href":"https:\/\/tintafresca.net\/index.php\/wp-json\/wp\/v2\/types\/post"}],"author":[{"embeddable":true,"href":"https:\/\/tintafresca.net\/index.php\/wp-json\/wp\/v2\/users\/2"}],"replies":[{"embeddable":true,"href":"https:\/\/tintafresca.net\/index.php\/wp-json\/wp\/v2\/comments?post=35314"}],"version-history":[{"count":4,"href":"https:\/\/tintafresca.net\/index.php\/wp-json\/wp\/v2\/posts\/35314\/revisions"}],"predecessor-version":[{"id":35319,"href":"https:\/\/tintafresca.net\/index.php\/wp-json\/wp\/v2\/posts\/35314\/revisions\/35319"}],"wp:featuredmedia":[{"embeddable":true,"href":"https:\/\/tintafresca.net\/index.php\/wp-json\/wp\/v2\/media\/22957"}],"wp:attachment":[{"href":"https:\/\/tintafresca.net\/index.php\/wp-json\/wp\/v2\/media?parent=35314"}],"wp:term":[{"taxonomy":"category","embeddable":true,"href":"https:\/\/tintafresca.net\/index.php\/wp-json\/wp\/v2\/categories?post=35314"},{"taxonomy":"post_tag","embeddable":true,"href":"https:\/\/tintafresca.net\/index.php\/wp-json\/wp\/v2\/tags?post=35314"}],"curies":[{"name":"wp","href":"https:\/\/api.w.org\/{rel}","templated":true}]}}