{"id":35330,"date":"2024-05-28T18:55:16","date_gmt":"2024-05-28T18:55:16","guid":{"rendered":"https:\/\/tintafresca.net\/?p=35330"},"modified":"2024-05-28T18:59:33","modified_gmt":"2024-05-28T18:59:33","slug":"ministro-da-agricultura-acompanha-em-alcobaca-e-nazare-trabalhos-de-limpeza-de-terrenos-florestais","status":"publish","type":"post","link":"https:\/\/tintafresca.net\/index.php\/2024\/05\/28\/ministro-da-agricultura-acompanha-em-alcobaca-e-nazare-trabalhos-de-limpeza-de-terrenos-florestais\/","title":{"rendered":"Ministro da Agricultura acompanha em Alcoba\u00e7a e Nazar\u00e9 a\u00e7\u00f5es de limpeza de terrenos florestais"},"content":{"rendered":"<div id=\"attachment_35332\" style=\"width: 510px\" class=\"wp-caption alignleft\"><img loading=\"lazy\" decoding=\"async\" aria-describedby=\"caption-attachment-35332\" class=\"wp-image-35332 size-full\" src=\"https:\/\/tintafresca.net\/wp-content\/uploads\/2024\/05\/Alcobaca_limpezas_florestais-Ministro10.jpg\" alt=\"\" width=\"500\" height=\"333\" srcset=\"https:\/\/tintafresca.net\/wp-content\/uploads\/2024\/05\/Alcobaca_limpezas_florestais-Ministro10.jpg 500w, https:\/\/tintafresca.net\/wp-content\/uploads\/2024\/05\/Alcobaca_limpezas_florestais-Ministro10-300x200.jpg 300w\" sizes=\"auto, (max-width: 500px) 100vw, 500px\" \/><p id=\"caption-attachment-35332\" class=\"wp-caption-text\">Ministro Jos\u00e9 Manuel Fernandes com a comitiva que o acompanhou<\/p><\/div>\n<p>O ministro da Agricultura, Jos\u00e9 Manuel Fernandes, acompanhado do secret\u00e1rio de Estado da Prote\u00e7\u00e3o Civil, Paulo Ribeiro, e do secret\u00e1rio de Estado das Florestas Rui Ladeira, esteve n manh\u00e3 desta ter\u00e7a-feira, dia 28 de maio, de visita aos concelhos de Alcoba\u00e7a e Nazar\u00e9 para acompanhar os trabalhos de limpeza de terrenos florestais nas Faixas de Gest\u00e3o Combust\u00edveis.<\/p>\n<p>O prazo para os propriet\u00e1rios procederem \u00e0 limpeza dos terrenos havia sido alargado at\u00e9 31 de maio (esta sexta-feira), na sequ\u00eancia da elevada precipita\u00e7\u00e3o registada nos \u00faltimos meses e ao elevado teor de \u00e1gua ainda existente no solo.<\/p>\n<p>A visita do Ministro da Agricultura demonstra, segundo o presidente da C\u00e2mara Municipal, Herm\u00ednio Rodrigues \u201cuma particular sensibilidade para a defesa da floresta. O sr. ministro pode constatar o empenho e a coordena\u00e7\u00e3o entre todas as entidades com responsabilidade em mat\u00e9ria de gest\u00e3o florestal, nomeadamente as autarquias de Alcoba\u00e7a e Nazar\u00e9, a Associa\u00e7\u00e3o de Produtores Florestais dos Concelhos de Alcoba\u00e7a e Nazar\u00e9, o ICNF e as autoridades fiscalizadores. Contudo, n\u00e3o nos podemos focar \u00fanica e exclusivamente na preven\u00e7\u00e3o dos inc\u00eandios. Nesta regi\u00e3o, as florestas s\u00e3o tradicionalmente uma fonte de sustento para muitas fam\u00edlias, o que infelizmente se foi perdendo. A valoriza\u00e7\u00e3o das nossas matas e dos seus recursos naturais como as resinas, as pinhas entre outros, deve estar igualmente na ordem do dia. Podemos e devemos rentabilizar de forma sustent\u00e1vel os nossos recursos naturais.\u201d<\/p>\n<p>Para o ministro da Agricultura, Jos\u00e9 Manuel Fernandes, \u201cestar no terreno \u00e9 essencial. Ouvir para melhor decidir, nomeadamente os autarcas que s\u00e3o essenciais no contexto da preven\u00e7\u00e3o dos inc\u00eandios florestais. Mas a preven\u00e7\u00e3o n\u00e3o \u00e9 o \u00fanico instrumento. Est\u00e3o neste dispon\u00edveis 220 milh\u00f5es de euros no \u00e2mbito do PRR para a prote\u00e7\u00e3o e valoriza\u00e7\u00e3o das florestas. Por\u00e9m a taxa de execu\u00e7\u00e3o destes fundos tem sido muito deficit\u00e1ria. A floresta tem uma dimens\u00e3o econ\u00f3mica que n\u00e3o podemos descartar.\u201d<\/p>\n<p>A comitiva do Governo testemunhou os trabalhos realizados em Martingan\u00e7a-Gare (terrenos particulares) e Valado dos Frades (terrenos p\u00fablicos), que est\u00e3o a ser alvo de interven\u00e7\u00e3o a n\u00edvel:<\/p>\n<p>Diminui\u00e7\u00e3o da superf\u00edcie percorrida por grandes inc\u00eandios, permitindo e facilitando uma interven\u00e7\u00e3o direta de combate ao fogo<\/p>\n<p>Redu\u00e7\u00e3o dos efeitos de passagem de inc\u00eandios, protegendo de forma passiva vias de comunica\u00e7\u00e3o, infraestruturas e equipamentos sociais, zonas edificadas e forma\u00e7\u00f5es florestais e agr\u00edcolas de valor especial<\/p>\n<p>Isolamento de potenciais de potenciais focos de igni\u00e7\u00e3o de inc\u00eandios<\/p>\n<p>Informe-se sobre a <a href=\"http:\/\/Site Aut\u00e1rquico de Alcoba\u00e7a Limpeza de Terrenos - ... (cm-alcobaca.pt)\">campanha de sensibiliza\u00e7\u00e3o destinada a propriet\u00e1rios de terrenos florestais<\/a><\/p>\n<p><strong>\u00a0 \u00a0 Fonte: GCRP|CMA<\/strong><\/p>\n<p>&nbsp;<\/p>\n","protected":false},"excerpt":{"rendered":"<p>O ministro da Agricultura, Jos\u00e9 Manuel Fernandes, acompanhado do secret\u00e1rio de Estado da Prote\u00e7\u00e3o Civil, Paulo Ribeiro, e do secret\u00e1rio de Estado das Florestas Rui Ladeira, esteve n manh\u00e3 desta ter\u00e7a-feira, dia 28 de maio, de visita aos concelhos de Alcoba\u00e7a e Nazar\u00e9 para acompanhar os trabalhos de limpeza de terrenos florestais nas Faixas de [&hellip;]<\/p>\n","protected":false},"author":2,"featured_media":35333,"comment_status":"open","ping_status":"open","sticky":false,"template":"","format":"standard","meta":{"footnotes":""},"categories":[9],"tags":[],"class_list":["post-35330","post","type-post","status-publish","format-standard","has-post-thumbnail","hentry","category-ambiente"],"_links":{"self":[{"href":"https:\/\/tintafresca.net\/index.php\/wp-json\/wp\/v2\/posts\/35330","targetHints":{"allow":["GET"]}}],"collection":[{"href":"https:\/\/tintafresca.net\/index.php\/wp-json\/wp\/v2\/posts"}],"about":[{"href":"https:\/\/tintafresca.net\/index.php\/wp-json\/wp\/v2\/types\/post"}],"author":[{"embeddable":true,"href":"https:\/\/tintafresca.net\/index.php\/wp-json\/wp\/v2\/users\/2"}],"replies":[{"embeddable":true,"href":"https:\/\/tintafresca.net\/index.php\/wp-json\/wp\/v2\/comments?post=35330"}],"version-history":[{"count":4,"href":"https:\/\/tintafresca.net\/index.php\/wp-json\/wp\/v2\/posts\/35330\/revisions"}],"predecessor-version":[{"id":35336,"href":"https:\/\/tintafresca.net\/index.php\/wp-json\/wp\/v2\/posts\/35330\/revisions\/35336"}],"wp:featuredmedia":[{"embeddable":true,"href":"https:\/\/tintafresca.net\/index.php\/wp-json\/wp\/v2\/media\/35333"}],"wp:attachment":[{"href":"https:\/\/tintafresca.net\/index.php\/wp-json\/wp\/v2\/media?parent=35330"}],"wp:term":[{"taxonomy":"category","embeddable":true,"href":"https:\/\/tintafresca.net\/index.php\/wp-json\/wp\/v2\/categories?post=35330"},{"taxonomy":"post_tag","embeddable":true,"href":"https:\/\/tintafresca.net\/index.php\/wp-json\/wp\/v2\/tags?post=35330"}],"curies":[{"name":"wp","href":"https:\/\/api.w.org\/{rel}","templated":true}]}}